{"id":85174,"date":"2026-04-28T18:13:58","date_gmt":"2026-04-28T21:13:58","guid":{"rendered":"https:\/\/redept.com.br\/blogosfera\/flexibilizacao-do-enfrentamento-a-criminalidade-congresso-analisa-veto-de-lula-ao-pl-da-dosimetria\/"},"modified":"2026-04-28T18:13:58","modified_gmt":"2026-04-28T21:13:58","slug":"flexibilizacao-do-enfrentamento-a-criminalidade-congresso-analisa-veto-de-lula-ao-pl-da-dosimetria","status":"publish","type":"post","link":"https:\/\/redept.com.br\/blogosfera\/flexibilizacao-do-enfrentamento-a-criminalidade-congresso-analisa-veto-de-lula-ao-pl-da-dosimetria\/","title":{"rendered":"\u2018Flexibiliza\u00e7\u00e3o do enfrentamento \u00e0 criminalidade\u2019: Congresso analisa veto de Lula ao PL da dosimetria"},"content":{"rendered":"<p>O Congresso Nacional deve analisar, na pr\u00f3xima quinta-feira (30), o veto do presidente Luiz In\u00e1cio Lula da Silva (PT) ao Projeto de Lei (PL) 2.162\/2023, conhecido como PL da dosimetria. A eventual derrubada do veto depende de maioria absoluta em sess\u00e3o conjunta e pode redefinir a pol\u00edtica penal relacionada aos atos de 8 de janeiro [\u2026]<\/p>\n<p><a href=\"https:\/\/www.brasildefato.com.br\/2026\/04\/28\/flexibilizacao-do-enfrentamento-a-criminalidade-congresso-analisa-veto-de-lula-ao-pl-da-dosimetria\/\" rel=\"nofollow\">Fonte<\/a><\/p>\n<!-- Begin Yuzo --><div class='yuzo_related_post style-1'  data-version='5.12.89'><!-- without result --><div class='yuzo_clearfixed yuzo__title yuzo__title'><h3>Related Post<\/h3><\/div>\n\t\t\t\t\t\t  <div class=\"relatedthumb \" style=\"width:125px;float:left;overflow:hidden;\">  \n\t\t\t\t\t\t\t  \n\t\t\t\t\t\t\t  <a  href=\"https:\/\/redept.com.br\/blogosfera\/maduro-e-cilia-flores-enfrentam-segunda-audiencia-judicial-em-nova-york-nesta-quinta-feira\/\"  >\n\t\t\t\t\t\t\t\t\t  <div class=\"yuzo-img-wrap \" style=\"width: 125px;height:90px;\">\n\t\t\t\t\t\t\t\t\t\t\n\t\t\t\t\t\t\t\t\t\t<div class=\"yuzo-img\" style=\"background:url('https:\/\/redept.org\/blogosfera\/wp-content\/plugins\/yuzo-related-post\/assets\/images\/default.png') 50% 50% no-repeat;width: 125px;height:90px;margin-bottom: 5px;background-size: cover; \"><\/div>\n\t\t\t\t\t\t\t\t\t  <\/div>\n\t\t\t\t\t\t\t\t\t  \n\t\t\t\t\t\t\t\t   <span class=\"yuzo__text--title\" style=\"font-size:13px;\">Maduro e Cilia Flores enfrentam segunda audi\u00eancia ...<\/span>\n\t\t\t\t\t\t\t  \n\t\t\t\t\t\t\t  \n\t\t\t\t\t\t\t  <\/a>\n\n\t\t\t\t\t\t  <\/div>\n\t\t\t\t\t\t  <div class=\"relatedthumb \" style=\"width:125px;float:left;overflow:hidden;\">  \n\t\t\t\t\t\t\t  \n\t\t\t\t\t\t\t  <a  href=\"https:\/\/redept.com.br\/blogosfera\/responsabilizacao-de-empresas-de-tecnologia-por-conteudos-de-usuarios-volta-a-pauta-do-stf\/\"  >\n\t\t\t\t\t\t\t\t\t  <div class=\"yuzo-img-wrap \" style=\"width: 125px;height:90px;\">\n\t\t\t\t\t\t\t\t\t\t\n\t\t\t\t\t\t\t\t\t\t<div class=\"yuzo-img\" style=\"background:url('https:\/\/redept.org\/blogosfera\/wp-content\/plugins\/yuzo-related-post\/assets\/images\/default.png') 50% 50% no-repeat;width: 125px;height:90px;margin-bottom: 5px;background-size: cover; \"><\/div>\n\t\t\t\t\t\t\t\t\t  <\/div>\n\t\t\t\t\t\t\t\t\t  \n\t\t\t\t\t\t\t\t   <span class=\"yuzo__text--title\" style=\"font-size:13px;\">Responsabiliza\u00e7\u00e3o de empresas de tecnologia por co...<\/span>\n\t\t\t\t\t\t\t  \n\t\t\t\t\t\t\t  \n\t\t\t\t\t\t\t  <\/a>\n\n\t\t\t\t\t\t  <\/div>\n\t\t\t\t\t\t  <div class=\"relatedthumb \" style=\"width:125px;float:left;overflow:hidden;\">  \n\t\t\t\t\t\t\t  \n\t\t\t\t\t\t\t  <a  href=\"https:\/\/redept.com.br\/blogosfera\/dia-nacional-da-trabalhadora-domestica-categoria-intensifica-combate-a-precarizacao-do-trabalho\/\"  >\n\t\t\t\t\t\t\t\t\t  <div class=\"yuzo-img-wrap \" style=\"width: 125px;height:90px;\">\n\t\t\t\t\t\t\t\t\t\t\n\t\t\t\t\t\t\t\t\t\t<div class=\"yuzo-img\" style=\"background:url('https:\/\/redept.com.br\/blogosfera\/wp-content\/uploads\/2025\/04\/cleide-pinto-trabalhadoras-domesticas-150x150.jpg') 50% 50% no-repeat;width: 125px;height:90px;margin-bottom: 5px;background-size: cover; \"><\/div>\n\t\t\t\t\t\t\t\t\t  <\/div>\n\t\t\t\t\t\t\t\t\t  \n\t\t\t\t\t\t\t\t   <span class=\"yuzo__text--title\" style=\"font-size:13px;\">Dia Nacional da Trabalhadora Dom\u00e9stica: categoria ...<\/span>\n\t\t\t\t\t\t\t  \n\t\t\t\t\t\t\t  \n\t\t\t\t\t\t\t  <\/a>\n\n\t\t\t\t\t\t  <\/div>\n\t\t\t\t\t\t  <div class=\"relatedthumb \" style=\"width:125px;float:left;overflow:hidden;\">  \n\t\t\t\t\t\t\t  \n\t\t\t\t\t\t\t  <a  href=\"https:\/\/redept.com.br\/blogosfera\/stf-nao-pode-ceder-a-pressoes-politicas-ou-economicas-e-nao-topa-tudo-por-dinheiro-diz-dino-video\/\"  >\n\t\t\t\t\t\t\t\t\t  <div class=\"yuzo-img-wrap \" style=\"width: 125px;height:90px;\">\n\t\t\t\t\t\t\t\t\t\t\n\t\t\t\t\t\t\t\t\t\t<div class=\"yuzo-img\" style=\"background:url('https:\/\/redept.org\/blogosfera\/wp-content\/plugins\/yuzo-related-post\/assets\/images\/default.png') 50% 50% no-repeat;width: 125px;height:90px;margin-bottom: 5px;background-size: cover; \"><\/div>\n\t\t\t\t\t\t\t\t\t  <\/div>\n\t\t\t\t\t\t\t\t\t  \n\t\t\t\t\t\t\t\t   <span class=\"yuzo__text--title\" style=\"font-size:13px;\">STF n\u00e3o pode ceder a press\u00f5es pol\u00edticas ou econ\u00f4mi...<\/span>\n\t\t\t\t\t\t\t  \n\t\t\t\t\t\t\t  \n\t\t\t\t\t\t\t  <\/a>\n\n\t\t\t\t\t\t  <\/div>\n<\/div> <script>\n\t\t\t\t\t\t  jQuery(document).ready(function( $ ){\n\t\t\t\t\t\t\t\/\/jQuery('.yuzo_related_post').equalizer({ overflow : 'relatedthumb' });\n\t\t\t\t\t\t\tjQuery('.yuzo_related_post .yuzo_wraps').equalizer({ columns : '> div' });\n\t\t\t\t\t\t   })\n\t\t\t\t\t\t  <\/script> <!-- End Yuzo :) -->","protected":false},"excerpt":{"rendered":"<p>O Congresso Nacional deve analisar, na pr\u00f3xima quinta-feira (30), o veto do presidente Luiz In\u00e1cio Lula da Silva (PT) ao Projeto de Lei (PL) 2.162\/2023, conhecido como PL da dosimetria. A eventual derrubada do veto depende de maioria absoluta em sess\u00e3o conjunta e pode redefinir a pol\u00edtica penal relacionada aos atos de 8 de janeiro [&hellip;]<\/p>\n","protected":false},"author":2,"featured_media":0,"comment_status":"open","ping_status":"closed","sticky":false,"template":"","format":"standard","meta":{"fifu_image_url":"","fifu_image_alt":"","footnotes":""},"categories":[1648,52388,298,52389,3460,388,52390,52391,3325,18473,52392,27249,551,20582,7551,6117,42460,1656,52393,20752,132,52394,31615,52395,7237,4720,48644,52396,7236,52397,10043],"tags":[],"class_list":["post-85174","post","type-post","status-publish","format-standard","hentry","category-atos-antidemocraticos","category-atos-de-8-de-janeiro","category-camara-dos-deputados","category-cassia-greco","category-codigo-penal","category-congresso-nacional","category-dosimetria-penal","category-especialistas","category-hugo-motta","category-instituicoes-democraticas","category-lazara-carvalho","category-liderancas-politicas","category-luiz-inacio-lula-da-silva","category-marcelo-crivella","category-palacio-do-planalto","category-partido-dos-trabalhadores","category-pedro-uczai","category-penas","category-pl-2162-2023","category-pl-da-dosimetria","category-politica","category-politica-penal","category-progressao-de-regime","category-reforma-penal","category-responsabilizacao","category-senado-federal","category-sessao-conjunta","category-sistema-penal","category-supremo-tribunal-federal","category-uniao-nacional-das-advogadas-criminalistas","category-veto-presidencial"],"_links":{"self":[{"href":"https:\/\/redept.com.br\/blogosfera\/wp-json\/wp\/v2\/posts\/85174","targetHints":{"allow":["GET"]}}],"collection":[{"href":"https:\/\/redept.com.br\/blogosfera\/wp-json\/wp\/v2\/posts"}],"about":[{"href":"https:\/\/redept.com.br\/blogosfera\/wp-json\/wp\/v2\/types\/post"}],"author":[{"embeddable":true,"href":"https:\/\/redept.com.br\/blogosfera\/wp-json\/wp\/v2\/users\/2"}],"replies":[{"embeddable":true,"href":"https:\/\/redept.com.br\/blogosfera\/wp-json\/wp\/v2\/comments?post=85174"}],"version-history":[{"count":0,"href":"https:\/\/redept.com.br\/blogosfera\/wp-json\/wp\/v2\/posts\/85174\/revisions"}],"wp:attachment":[{"href":"https:\/\/redept.com.br\/blogosfera\/wp-json\/wp\/v2\/media?parent=85174"}],"wp:term":[{"taxonomy":"category","embeddable":true,"href":"https:\/\/redept.com.br\/blogosfera\/wp-json\/wp\/v2\/categories?post=85174"},{"taxonomy":"post_tag","embeddable":true,"href":"https:\/\/redept.com.br\/blogosfera\/wp-json\/wp\/v2\/tags?post=85174"}],"curies":[{"name":"wp","href":"https:\/\/api.w.org\/{rel}","templated":true}]}}