{"id":85178,"date":"2026-04-28T18:13:54","date_gmt":"2026-04-28T21:13:54","guid":{"rendered":"https:\/\/redept.com.br\/blogosfera\/relator-da-comissao-do-fim-da-escala-6x1-quer-reducao-gradual-da-jornada\/"},"modified":"2026-04-28T18:13:54","modified_gmt":"2026-04-28T21:13:54","slug":"relator-da-comissao-do-fim-da-escala-6x1-quer-reducao-gradual-da-jornada","status":"publish","type":"post","link":"https:\/\/redept.com.br\/blogosfera\/relator-da-comissao-do-fim-da-escala-6x1-quer-reducao-gradual-da-jornada\/","title":{"rendered":"Relator da comiss\u00e3o do fim da escala 6\u00d71 quer redu\u00e7\u00e3o gradual da jornada"},"content":{"rendered":"<p><img loading=\"lazy\" width=\"1024\" height=\"578\"src=\"https:\/\/redept.com.br\/blogosfera\/wp-content\/uploads\/2026\/04\/Motta-comissao.jpg\" alt=\"\" decoding=\"async\" loading=\"lazy\" srcset=\"https:\/\/vermelho.org.br\/wp-content\/uploads\/2026\/04\/Motta-comissao-1024x578.jpg 1024w, https:\/\/vermelho.org.br\/wp-content\/uploads\/2026\/04\/Motta-comissao-300x169.jpg 300w, https:\/\/vermelho.org.br\/wp-content\/uploads\/2026\/04\/Motta-comissao-768x433.jpg 768w, https:\/\/redept.com.br\/blogosfera\/wp-content\/uploads\/2026\/04\/Motta-comissao.jpg 1198w\" sizes=\"auto, (max-width: 1024px) 100vw, 1024px\"><\/p>\n<p>O deputado Leo Prates (Republicanos-BA), que ser\u00e1 o relator na comiss\u00e3o especial que avaliar\u00e1 a proposta de emenda \u00e0 Constitui\u00e7\u00e3o (PEC) que reduz a jornada e acaba com a escala 6\u00d71 (seis dias de trabalho com apenas um de descanso), defende a redu\u00e7\u00e3o gradual da jornada de trabalho.<\/p>\n<p>No substitutivo apresentado na Comiss\u00e3o do Trabalho ao projeto da deputada Daiana Santos (PCdoB-RS), Prates defende a jornada de 42 horas semanais em 1\u00ba de janeiro de 2027 e 40 horas apenas em 1\u00ba de janeiro de 2028.<\/p>\n<p>A proposta de Daiana reduz de imediato a jornada das atuais 44 para 40 horas semanais e a ado\u00e7\u00e3o da escala 5\u00d72 (cinco dias de trabalho e dois de descanso).<\/p>\n<p>Segundo ele, \u00e9 ineg\u00e1vel que a proposta de redu\u00e7\u00e3o da jornada m\u00e1xima de trabalho de 44 para 40 horas semanais, \u201cconstitui uma interven\u00e7\u00e3o relevante no mercado de trabalho, cujas consequ\u00eancias econ\u00f4micas de curto prazo devem ser consideradas\u201d.<\/p>\n<p>Leia tamb\u00e9m: <a href=\"https:\/\/vermelho.org.br\/2026\/04\/27\/motta-quer-instalar-esta-semana-comissao-especial-do-fim-da-escala-6x1\/\">Motta quer instalar esta semana comiss\u00e3o especial do fim da escala 6\u00d71<\/a><\/p>\n<p>\u201cAssim, do ponto de vista dos empregadores, manter o mesmo sal\u00e1rio para menos horas de trabalho traduz-se em um aumento direto e imediato no custo do trabalho por hora efetivamente trabalhada\u201d, defende o relator.<\/p>\n<p>Por essa raz\u00e3o, diz Prates, a previs\u00e3o de uma redu\u00e7\u00e3o gradual da jornada e adapta\u00e7\u00e3o da escala de trabalho \u00e9 a sa\u00edda para mitigar eventuais riscos.<\/p>\n<p>\u201cDesse modo, estamos permitindo que empresas e setores planejem investimentos em tecnologia e na reorganiza\u00e7\u00e3o operacional, em vez de recorrerem imediatamente a eventuais cortes de empregos ou repasse de custos a consumidores. Assim, concedemos tempo para que os esperados ganhos de produtividade, derivados do aumento do bem-estar dos trabalhadores, se concretizem\u201d, defende no seu parecer.<\/p>\n<p><strong>Comiss\u00e3o<\/strong><\/p>\n<p>A comiss\u00e3o especial que vai debater a proposta ser\u00e1 instalada nesta quarta-feira (29), \u00e0s 14 horas. Al\u00e9m de Prates para relator, o presidente da C\u00e2mara dos Deputados, Hugo Motta (Republicanos-PB), indicou o deputado Alencar Santana (PT-SP) como presidente do colegiado.\u00a0A comiss\u00e3o ser\u00e1 composta de 38 membros titulares e outros 38 suplentes.<\/p>\n<p>Motta afirmou ainda que o cronograma de vota\u00e7\u00e3o do texto est\u00e1 sendo seguido. Segundo ele, \u00e9 necess\u00e1rio conduzir o debate com equil\u00edbrio, ouvindo a todos: trabalhadores, setor produtivo, empregadores, o governo e as autoridades do Poder Judici\u00e1rio.<\/p>\n<p>\u201cPara que, ao final, a C\u00e2mara tenha o melhor texto poss\u00edvel para conceder a redu\u00e7\u00e3o da jornada de trabalho sem a redu\u00e7\u00e3o salarial. Para que os trabalhadores possam ter um tempo de qualidade para conv\u00edvio familiar, para cuidar de sua sa\u00fade, para ter mais tempo de lazer\u201d, afirma o presidente.<\/p>\n<p>O deputado Tadeu Alencar afirmou que vai trabalhar para que o texto seja aprovado na comiss\u00e3o at\u00e9 o final de maio para vota\u00e7\u00e3o no plen\u00e1rio em seguida.<\/p>\n<p>\u201cQue possamos entregar um bom relat\u00f3rio, uma boa mat\u00e9ria e garantir a expectativa dos trabalhadores que est\u00e3o ansiosos pela redu\u00e7\u00e3o da jornada\u201d, disse Alencar.<\/p>\n<\/p>\n<p>O post <a href=\"https:\/\/vermelho.org.br\/2026\/04\/28\/relator-da-comissao-do-fim-da-escala-6x1-quer-reducao-gradual-da-jornada\/\">Relator da comiss\u00e3o do fim da escala 6\u00d71 quer redu\u00e7\u00e3o gradual da jornada<\/a> apareceu primeiro em <a href=\"https:\/\/vermelho.org.br\/\">Vermelho<\/a>.<\/p>\n<!-- Begin Yuzo --><div class='yuzo_related_post style-1'  data-version='5.12.89'><!-- without result --><div class='yuzo_clearfixed yuzo__title yuzo__title'><h3>Related Post<\/h3><\/div>\n\t\t\t\t\t\t  <div class=\"relatedthumb \" style=\"width:125px;float:left;overflow:hidden;\">  \n\t\t\t\t\t\t\t  \n\t\t\t\t\t\t\t  <a  href=\"https:\/\/redept.com.br\/blogosfera\/governo-e-stf-avaliam-que-julgamento-de-bolsonaro-pode-levar-a-novas-sancoes-dos-eua\/\"  >\n\t\t\t\t\t\t\t\t\t  <div class=\"yuzo-img-wrap \" style=\"width: 125px;height:90px;\">\n\t\t\t\t\t\t\t\t\t\t\n\t\t\t\t\t\t\t\t\t\t<div class=\"yuzo-img\" style=\"background:url('https:\/\/redept.org\/blogosfera\/wp-content\/plugins\/yuzo-related-post\/assets\/images\/default.png') 50% 50% no-repeat;width: 125px;height:90px;margin-bottom: 5px;background-size: cover; \"><\/div>\n\t\t\t\t\t\t\t\t\t  <\/div>\n\t\t\t\t\t\t\t\t\t  \n\t\t\t\t\t\t\t\t   <span class=\"yuzo__text--title\" style=\"font-size:13px;\">Governo e STF avaliam que julgamento de Bolsonaro ...<\/span>\n\t\t\t\t\t\t\t  \n\t\t\t\t\t\t\t  \n\t\t\t\t\t\t\t  <\/a>\n\n\t\t\t\t\t\t  <\/div>\n\t\t\t\t\t\t  <div class=\"relatedthumb \" style=\"width:125px;float:left;overflow:hidden;\">  \n\t\t\t\t\t\t\t  \n\t\t\t\t\t\t\t  <a  href=\"https:\/\/redept.com.br\/blogosfera\/influencia-trumpista-prejudica-politicas-migratorias-no-brasil-alerta-diretor-de-ong\/\"  >\n\t\t\t\t\t\t\t\t\t  <div class=\"yuzo-img-wrap \" style=\"width: 125px;height:90px;\">\n\t\t\t\t\t\t\t\t\t\t\n\t\t\t\t\t\t\t\t\t\t<div class=\"yuzo-img\" style=\"background:url('https:\/\/redept.org\/blogosfera\/wp-content\/plugins\/yuzo-related-post\/assets\/images\/default.png') 50% 50% no-repeat;width: 125px;height:90px;margin-bottom: 5px;background-size: cover; \"><\/div>\n\t\t\t\t\t\t\t\t\t  <\/div>\n\t\t\t\t\t\t\t\t\t  \n\t\t\t\t\t\t\t\t   <span class=\"yuzo__text--title\" style=\"font-size:13px;\">Influ\u00eancia trumpista prejudica pol\u00edticas migrat\u00f3ri...<\/span>\n\t\t\t\t\t\t\t  \n\t\t\t\t\t\t\t  \n\t\t\t\t\t\t\t  <\/a>\n\n\t\t\t\t\t\t  <\/div>\n\t\t\t\t\t\t  <div class=\"relatedthumb \" style=\"width:125px;float:left;overflow:hidden;\">  \n\t\t\t\t\t\t\t  \n\t\t\t\t\t\t\t  <a  href=\"https:\/\/redept.com.br\/blogosfera\/oposicao-defende-ubes-na-luta-anti-imperialista-e-antifascista-no-terceiro-dia-de-congresso\/\"  >\n\t\t\t\t\t\t\t\t\t  <div class=\"yuzo-img-wrap \" style=\"width: 125px;height:90px;\">\n\t\t\t\t\t\t\t\t\t\t\n\t\t\t\t\t\t\t\t\t\t<div class=\"yuzo-img\" style=\"background:url('https:\/\/redept.com.br\/blogosfera\/wp-content\/uploads\/2026\/04\/IMG_3611-150x150.jpg') 50% 50% no-repeat;width: 125px;height:90px;margin-bottom: 5px;background-size: cover; \"><\/div>\n\t\t\t\t\t\t\t\t\t  <\/div>\n\t\t\t\t\t\t\t\t\t  \n\t\t\t\t\t\t\t\t   <span class=\"yuzo__text--title\" style=\"font-size:13px;\">Oposi\u00e7\u00e3o defende UBES na luta anti-imperialista e ...<\/span>\n\t\t\t\t\t\t\t  \n\t\t\t\t\t\t\t  \n\t\t\t\t\t\t\t  <\/a>\n\n\t\t\t\t\t\t  <\/div>\n\t\t\t\t\t\t  <div class=\"relatedthumb \" style=\"width:125px;float:left;overflow:hidden;\">  \n\t\t\t\t\t\t\t  \n\t\t\t\t\t\t\t  <a  href=\"https:\/\/sul21.com.br\/noticias\/politica\/2025\/08\/cpi-do-desmonte-do-dmae-aprova-convocacao-de-suspeito-de-comandar-esquema-de-propina\/\"  >\n\t\t\t\t\t\t\t\t\t  <div class=\"yuzo-img-wrap \" style=\"width: 125px;height:90px;\">\n\t\t\t\t\t\t\t\t\t\t\n\t\t\t\t\t\t\t\t\t\t<div class=\"yuzo-img\" style=\"background:url('https:\/\/redept.org\/blogosfera\/wp-content\/plugins\/yuzo-related-post\/assets\/images\/default.png') 50% 50% no-repeat;width: 125px;height:90px;margin-bottom: 5px;background-size: cover; \"><\/div>\n\t\t\t\t\t\t\t\t\t  <\/div>\n\t\t\t\t\t\t\t\t\t  \n\t\t\t\t\t\t\t\t   <span class=\"yuzo__text--title\" style=\"font-size:13px;\">CPI do Desmonte do DMAE aprova convoca\u00e7\u00e3o de suspe...<\/span>\n\t\t\t\t\t\t\t  \n\t\t\t\t\t\t\t  \n\t\t\t\t\t\t\t  <\/a>\n\n\t\t\t\t\t\t  <\/div>\n<\/div> <script>\n\t\t\t\t\t\t  jQuery(document).ready(function( $ ){\n\t\t\t\t\t\t\t\/\/jQuery('.yuzo_related_post').equalizer({ overflow : 'relatedthumb' });\n\t\t\t\t\t\t\tjQuery('.yuzo_related_post .yuzo_wraps').equalizer({ columns : '> div' });\n\t\t\t\t\t\t   })\n\t\t\t\t\t\t  <\/script> <!-- End Yuzo :) -->","protected":false},"excerpt":{"rendered":"<p>O deputado Leo Prates (Republicanos-BA), que ser\u00e1 o relator na comiss\u00e3o especial que avaliar\u00e1 a proposta de emenda \u00e0 Constitui\u00e7\u00e3o (PEC) que reduz a jornada e acaba com a escala 6\u00d71 (seis dias de trabalho com apenas um de descanso), defende a redu\u00e7\u00e3o gradual da jornada de trabalho. No substitutivo apresentado na Comiss\u00e3o do Trabalho [&hellip;]<\/p>\n","protected":false},"author":2,"featured_media":0,"comment_status":"open","ping_status":"closed","sticky":false,"template":"","format":"standard","meta":{"fifu_image_url":"","fifu_image_alt":"","footnotes":""},"categories":[4835,2008,52439,3325,13837,25119,132,3353,9779],"tags":[],"class_list":["post-85178","post","type-post","status-publish","format-standard","hentry","category-comissao-especial","category-fim-da-escala-6x1","category-gradual","category-hugo-motta","category-jornada","category-leo-prates","category-politica","category-reducao","category-relator"],"_links":{"self":[{"href":"https:\/\/redept.com.br\/blogosfera\/wp-json\/wp\/v2\/posts\/85178","targetHints":{"allow":["GET"]}}],"collection":[{"href":"https:\/\/redept.com.br\/blogosfera\/wp-json\/wp\/v2\/posts"}],"about":[{"href":"https:\/\/redept.com.br\/blogosfera\/wp-json\/wp\/v2\/types\/post"}],"author":[{"embeddable":true,"href":"https:\/\/redept.com.br\/blogosfera\/wp-json\/wp\/v2\/users\/2"}],"replies":[{"embeddable":true,"href":"https:\/\/redept.com.br\/blogosfera\/wp-json\/wp\/v2\/comments?post=85178"}],"version-history":[{"count":0,"href":"https:\/\/redept.com.br\/blogosfera\/wp-json\/wp\/v2\/posts\/85178\/revisions"}],"wp:attachment":[{"href":"https:\/\/redept.com.br\/blogosfera\/wp-json\/wp\/v2\/media?parent=85178"}],"wp:term":[{"taxonomy":"category","embeddable":true,"href":"https:\/\/redept.com.br\/blogosfera\/wp-json\/wp\/v2\/categories?post=85178"},{"taxonomy":"post_tag","embeddable":true,"href":"https:\/\/redept.com.br\/blogosfera\/wp-json\/wp\/v2\/tags?post=85178"}],"curies":[{"name":"wp","href":"https:\/\/api.w.org\/{rel}","templated":true}]}}