{"id":85184,"date":"2026-04-28T19:00:55","date_gmt":"2026-04-28T22:00:55","guid":{"rendered":"https:\/\/redept.com.br\/blogosfera\/acordo-mercosul-ue-entra-em-vigor-com-tarifa-zero-para-5-mil-produtos\/"},"modified":"2026-04-28T19:00:55","modified_gmt":"2026-04-28T22:00:55","slug":"acordo-mercosul-ue-entra-em-vigor-com-tarifa-zero-para-5-mil-produtos","status":"publish","type":"post","link":"https:\/\/redept.com.br\/blogosfera\/acordo-mercosul-ue-entra-em-vigor-com-tarifa-zero-para-5-mil-produtos\/","title":{"rendered":"Acordo Mercosul-UE entra em vigor com tarifa zero para 5 mil produtos"},"content":{"rendered":"<p><img fetchpriority=\"high\" width=\"1000\" height=\"599\"src=\"https:\/\/redept.com.br\/blogosfera\/wp-content\/uploads\/2026\/04\/shutterstock_dM2ICXq.jpg\" alt=\"\" decoding=\"async\" srcset=\"https:\/\/redept.com.br\/blogosfera\/wp-content\/uploads\/2026\/04\/shutterstock_dM2ICXq.jpg 1000w, https:\/\/vermelho.org.br\/wp-content\/uploads\/2026\/04\/shutterstock_dM2ICXq-300x180.jpg 300w, https:\/\/vermelho.org.br\/wp-content\/uploads\/2026\/04\/shutterstock_dM2ICXq-768x460.jpg 768w\" sizes=\"(max-width: 1000px) 100vw, 1000px\"><\/p>\n<p>O acordo comercial entre Mercosul e Uni\u00e3o Europeia entra em vigor provisoriamente em 1\u00ba de maio, criando uma das maiores zonas de livre com\u00e9rcio do mundo e beneficiando cerca de 5 mil produtos brasileiros com isen\u00e7\u00e3o tarif\u00e1ria imediata no mercado europeu. Segundo o vice-presidente Geraldo Alckmin, o tratado deve elevar as exporta\u00e7\u00f5es do pa\u00eds em 13% quando plenamente implementado em 2038, com ganhos de at\u00e9 26% para o setor industrial.<\/p>\n<p><strong>Elimina\u00e7\u00e3o gradual de tarifas<\/strong><\/p>\n<p>O acordo prev\u00ea a elimina\u00e7\u00e3o de tarifas para 95% dos bens do Mercosul na Uni\u00e3o Europeia em at\u00e9 12 anos, enquanto o bloco sul-americano zerar\u00e1 tarifas para 91% dos produtos europeus em at\u00e9 15 anos. A desgrava\u00e7\u00e3o come\u00e7a imediatamente para itens de setores estrat\u00e9gicos como m\u00e1quinas e equipamentos, autom\u00f3veis e autope\u00e7as, produtos qu\u00edmicos e aeronaves.<\/p>\n<p>Dos 2.932 produtos que passar\u00e3o a ter tarifa zero na entrada em vigor do acordo, 93% (2.714) s\u00e3o bens industriais. M\u00e1quinas e equipamentos representam 21,8% desse total, seguidos por alimentos (12,5%), produtos de metal (9,1%), m\u00e1quinas e materiais el\u00e9tricos (8,9%) e qu\u00edmicos (8,1%).<\/p>\n<p><strong>Produtos agr\u00edcolas com cotas<\/strong><\/p>\n<p>Para produtos considerados sens\u00edveis, o acordo estabelece um regime de cotas tarif\u00e1rias com limites graduais de importa\u00e7\u00e3o. Carne bovina, frango, arroz, mel, a\u00e7\u00facar e etanol ter\u00e3o acesso preferencial at\u00e9 determinado volume, com tarifa reduzida. Acima desse limite, incide a tarifa cheia.<\/p>\n<p>As cotas representam apenas 3% dos bens e 5% do valor importado pela Uni\u00e3o Europeia do Brasil. O mecanismo visa evitar impactos abruptos sobre os agricultores europeus, que recebem subs\u00eddios da Pol\u00edtica Agr\u00edcola Comum da UE.<\/p>\n<p><strong>Salvaguardas e regras sanit\u00e1rias<\/strong><\/p>\n<p>O texto prev\u00ea salvaguardas agr\u00edcolas que permitem \u00e0 UE reintroduzir tarifas temporariamente se as importa\u00e7\u00f5es crescerem acima de limites definidos ou se os pre\u00e7os ficarem muito abaixo do mercado europeu. \u201cA salvaguarda vale para os dois lados. \u00c9 um acordo equilibrado\u201d, afirmou Alckmin.<\/p>\n<p>As regras sanit\u00e1rias e fitossanit\u00e1rias n\u00e3o ser\u00e3o flexibilizadas. A Uni\u00e3o Europeia manter\u00e1 seus rigorosos padr\u00f5es de seguran\u00e7a alimentar, e os produtos importados dever\u00e3o cumprir todas as exig\u00eancias t\u00e9cnicas e cient\u00edficas.<\/p>\n<p><strong>Compromissos ambientais vinculantes<\/strong><\/p>\n<p>O cap\u00edtulo de desenvolvimento sustent\u00e1vel estabelece que produtos beneficiados pelo acordo n\u00e3o poder\u00e3o estar ligados a desmatamento ilegal. O tratado pode ser suspenso em caso de viola\u00e7\u00e3o do Acordo de Paris sobre mudan\u00e7as clim\u00e1ticas.<\/p>\n<p>O texto prev\u00ea coopera\u00e7\u00e3o em temas como preserva\u00e7\u00e3o da biodiversidade, uso respons\u00e1vel de recursos naturais e mudan\u00e7as clim\u00e1ticas, al\u00e9m de participa\u00e7\u00e3o da sociedade civil no acompanhamento da implementa\u00e7\u00e3o.<\/p>\n<p><strong>Servi\u00e7os, investimentos e compras p\u00fablicas<\/strong><\/p>\n<p>O acordo reduz barreiras ao com\u00e9rcio de servi\u00e7os e investimentos, beneficiando setores como servi\u00e7os empresariais e financeiros, telecomunica\u00e7\u00f5es e transporte. Empresas do Mercosul poder\u00e3o disputar licita\u00e7\u00f5es p\u00fablicas na Uni\u00e3o Europeia sob regras de transpar\u00eancia e igualdade.<\/p>\n<p>Um cap\u00edtulo espec\u00edfico foi dedicado \u00e0s micro, pequenas e m\u00e9dias empresas, com medidas de facilita\u00e7\u00e3o aduaneira e redu\u00e7\u00e3o de burocracia para pequenos exportadores. O tratado tamb\u00e9m reconhece cerca de 350 indica\u00e7\u00f5es geogr\u00e1ficas europeias, protegendo nomes de produtos ligados \u00e0 sua regi\u00e3o de origem.<\/p>\n<p><strong>Impacto econ\u00f4mico e pr\u00f3ximos passos<\/strong><\/p>\n<p>Estudo do Ipea aponta que o acordo pode aumentar o PIB brasileiro em 0,46% entre 2024 e 2040, equivalente a mais de US$ 9,3 bilh\u00f5es. A Apex calcula um incremento de at\u00e9 US$ 1 bilh\u00e3o na balan\u00e7a comercial j\u00e1 no primeiro ano de vig\u00eancia.<\/p>\n<p>A implementa\u00e7\u00e3o ser\u00e1 progressiva: produtos mais sens\u00edveis ter\u00e3o cronogramas de at\u00e9 10 anos na UE e 15 anos no Brasil. Ve\u00edculos el\u00e9tricos, h\u00edbridos e novas tecnologias possuem prazo estendido de at\u00e9 30 anos. O governo federal publicar\u00e1 portaria regulamentando a distribui\u00e7\u00e3o das cotas de importa\u00e7\u00e3o entre os pa\u00edses do Mercosul.<\/p>\n<p>Apesar do otimismo, o acordo enfrenta resist\u00eancia de agricultores europeus e ambientalistas. Alguns pa\u00edses, como a Fran\u00e7a, questionaram o tratado no Tribunal de Justi\u00e7a europeu, embora a aplica\u00e7\u00e3o provis\u00f3ria da parte comercial j\u00e1 esteja assegurada.<\/p>\n<p>O post <a href=\"https:\/\/vermelho.org.br\/2026\/04\/28\/acordo-mercosul-ue-entra-em-vigor-com-tarifa-zero-para-5-mil-produtos\/\">Acordo Mercosul-UE entra em vigor com tarifa zero para 5 mil produtos<\/a> apareceu primeiro em <a href=\"https:\/\/vermelho.org.br\/\">Vermelho<\/a>.<\/p>\n<!-- Begin Yuzo --><div class='yuzo_related_post style-1'  data-version='5.12.89'><!-- without result --><div class='yuzo_clearfixed yuzo__title yuzo__title'><h3>Related Post<\/h3><\/div>\n\t\t\t\t\t\t  <div class=\"relatedthumb \" style=\"width:125px;float:left;overflow:hidden;\">  \n\t\t\t\t\t\t\t  \n\t\t\t\t\t\t\t  <a  href=\"https:\/\/redept.com.br\/blogosfera\/venezuela-e-china-assinam-acordo-energetico-e-defendem-estrategia-comum-contra-guerra-tarifaria\/\"  >\n\t\t\t\t\t\t\t\t\t  <div class=\"yuzo-img-wrap \" style=\"width: 125px;height:90px;\">\n\t\t\t\t\t\t\t\t\t\t\n\t\t\t\t\t\t\t\t\t\t<div class=\"yuzo-img\" style=\"background:url('https:\/\/redept.com.br\/blogosfera\/wp-content\/uploads\/2025\/04\/delcy-han-150x150.jpg') 50% 50% no-repeat;width: 125px;height:90px;margin-bottom: 5px;background-size: cover; \"><\/div>\n\t\t\t\t\t\t\t\t\t  <\/div>\n\t\t\t\t\t\t\t\t\t  \n\t\t\t\t\t\t\t\t   <span class=\"yuzo__text--title\" style=\"font-size:13px;\">Venezuela e China assinam acordo energ\u00e9tico e defe...<\/span>\n\t\t\t\t\t\t\t  \n\t\t\t\t\t\t\t  \n\t\t\t\t\t\t\t  <\/a>\n\n\t\t\t\t\t\t  <\/div>\n\t\t\t\t\t\t  <div class=\"relatedthumb \" style=\"width:125px;float:left;overflow:hidden;\">  \n\t\t\t\t\t\t\t  \n\t\t\t\t\t\t\t  <a  href=\"https:\/\/redept.com.br\/blogosfera\/lula-visa-retomar-patamar-de-us17-bilhoes-em-comercio-com-o-japao\/\"  >\n\t\t\t\t\t\t\t\t\t  <div class=\"yuzo-img-wrap \" style=\"width: 125px;height:90px;\">\n\t\t\t\t\t\t\t\t\t\t\n\t\t\t\t\t\t\t\t\t\t<div class=\"yuzo-img\" style=\"background:url('https:\/\/redept.com.br\/blogosfera\/wp-content\/uploads\/2025\/03\/54409081595_53045feb83_k-150x150.jpg') 50% 50% no-repeat;width: 125px;height:90px;margin-bottom: 5px;background-size: cover; \"><\/div>\n\t\t\t\t\t\t\t\t\t  <\/div>\n\t\t\t\t\t\t\t\t\t  \n\t\t\t\t\t\t\t\t   <span class=\"yuzo__text--title\" style=\"font-size:13px;\">Lula visa retomar patamar de US$17 bilh\u00f5es em com\u00e9...<\/span>\n\t\t\t\t\t\t\t  \n\t\t\t\t\t\t\t  \n\t\t\t\t\t\t\t  <\/a>\n\n\t\t\t\t\t\t  <\/div>\n\t\t\t\t\t\t  <div class=\"relatedthumb \" style=\"width:125px;float:left;overflow:hidden;\">  \n\t\t\t\t\t\t\t  \n\t\t\t\t\t\t\t  <a  href=\"https:\/\/redept.com.br\/blogosfera\/ato-em-solidariedade-a-venezuela-reune-3-mil-pessoas-do-mst-no-pelourinho-ba\/\"  >\n\t\t\t\t\t\t\t\t\t  <div class=\"yuzo-img-wrap \" style=\"width: 125px;height:90px;\">\n\t\t\t\t\t\t\t\t\t\t\n\t\t\t\t\t\t\t\t\t\t<div class=\"yuzo-img\" style=\"background:url('https:\/\/redept.com.br\/blogosfera\/wp-content\/uploads\/2026\/01\/Foto-Wellington-Lenon-150x150.jpeg') 50% 50% no-repeat;width: 125px;height:90px;margin-bottom: 5px;background-size: cover; \"><\/div>\n\t\t\t\t\t\t\t\t\t  <\/div>\n\t\t\t\t\t\t\t\t\t  \n\t\t\t\t\t\t\t\t   <span class=\"yuzo__text--title\" style=\"font-size:13px;\">Ato em solidariedade \u00e0 Venezuela re\u00fane 3 mil pesso...<\/span>\n\t\t\t\t\t\t\t  \n\t\t\t\t\t\t\t  \n\t\t\t\t\t\t\t  <\/a>\n\n\t\t\t\t\t\t  <\/div>\n\t\t\t\t\t\t  <div class=\"relatedthumb \" style=\"width:125px;float:left;overflow:hidden;\">  \n\t\t\t\t\t\t\t  \n\t\t\t\t\t\t\t  <a  href=\"https:\/\/redept.com.br\/blogosfera\/fachin-defende-autocorrecao-e-reencontro-do-pais-com-o-sentido-essencial-da-republica\/\"  >\n\t\t\t\t\t\t\t\t\t  <div class=\"yuzo-img-wrap \" style=\"width: 125px;height:90px;\">\n\t\t\t\t\t\t\t\t\t\t\n\t\t\t\t\t\t\t\t\t\t<div class=\"yuzo-img\" style=\"background:url('https:\/\/redept.com.br\/blogosfera\/wp-content\/uploads\/2026\/02\/anojudiciario_Foto-Gustavo-Moreno_STF-150x150.jpg') 50% 50% no-repeat;width: 125px;height:90px;margin-bottom: 5px;background-size: cover; \"><\/div>\n\t\t\t\t\t\t\t\t\t  <\/div>\n\t\t\t\t\t\t\t\t\t  \n\t\t\t\t\t\t\t\t   <span class=\"yuzo__text--title\" style=\"font-size:13px;\">Fachin defende autocorre\u00e7\u00e3o e reencontro do Pa\u00eds c...<\/span>\n\t\t\t\t\t\t\t  \n\t\t\t\t\t\t\t  \n\t\t\t\t\t\t\t  <\/a>\n\n\t\t\t\t\t\t  <\/div>\n<\/div> <script>\n\t\t\t\t\t\t  jQuery(document).ready(function( $ ){\n\t\t\t\t\t\t\t\/\/jQuery('.yuzo_related_post').equalizer({ overflow : 'relatedthumb' });\n\t\t\t\t\t\t\tjQuery('.yuzo_related_post .yuzo_wraps').equalizer({ columns : '> div' });\n\t\t\t\t\t\t   })\n\t\t\t\t\t\t  <\/script> <!-- End Yuzo :) -->","protected":false},"excerpt":{"rendered":"<p>O acordo comercial entre Mercosul e Uni\u00e3o Europeia entra em vigor provisoriamente em 1\u00ba de maio, criando uma das maiores zonas de livre com\u00e9rcio do mundo e beneficiando cerca de 5 mil produtos brasileiros com isen\u00e7\u00e3o tarif\u00e1ria imediata no mercado europeu. Segundo o vice-presidente Geraldo Alckmin, o tratado deve elevar as exporta\u00e7\u00f5es do pa\u00eds em [&hellip;]<\/p>\n","protected":false},"author":2,"featured_media":0,"comment_status":"open","ping_status":"closed","sticky":false,"template":"","format":"standard","meta":{"fifu_image_url":"","fifu_image_alt":"","footnotes":""},"categories":[2212,284,3830,221,600,52442,18,52443,34478,663],"tags":[],"class_list":["post-85184","post","type-post","status-publish","format-standard","hentry","category-acordo-mercosul-e-uniao-europeia","category-agricultura","category-agropecuaria","category-economia","category-industria","category-licitacoes-publicas","category-meio-ambiente","category-regras-sanitarias","category-salvaguardas","category-tarifa-zero"],"_links":{"self":[{"href":"https:\/\/redept.com.br\/blogosfera\/wp-json\/wp\/v2\/posts\/85184","targetHints":{"allow":["GET"]}}],"collection":[{"href":"https:\/\/redept.com.br\/blogosfera\/wp-json\/wp\/v2\/posts"}],"about":[{"href":"https:\/\/redept.com.br\/blogosfera\/wp-json\/wp\/v2\/types\/post"}],"author":[{"embeddable":true,"href":"https:\/\/redept.com.br\/blogosfera\/wp-json\/wp\/v2\/users\/2"}],"replies":[{"embeddable":true,"href":"https:\/\/redept.com.br\/blogosfera\/wp-json\/wp\/v2\/comments?post=85184"}],"version-history":[{"count":0,"href":"https:\/\/redept.com.br\/blogosfera\/wp-json\/wp\/v2\/posts\/85184\/revisions"}],"wp:attachment":[{"href":"https:\/\/redept.com.br\/blogosfera\/wp-json\/wp\/v2\/media?parent=85184"}],"wp:term":[{"taxonomy":"category","embeddable":true,"href":"https:\/\/redept.com.br\/blogosfera\/wp-json\/wp\/v2\/categories?post=85184"},{"taxonomy":"post_tag","embeddable":true,"href":"https:\/\/redept.com.br\/blogosfera\/wp-json\/wp\/v2\/tags?post=85184"}],"curies":[{"name":"wp","href":"https:\/\/api.w.org\/{rel}","templated":true}]}}