{"id":85189,"date":"2026-04-28T19:06:26","date_gmt":"2026-04-28T22:06:26","guid":{"rendered":"https:\/\/redept.com.br\/blogosfera\/entre-estrategia-eleitoral-e-agenda-de-reformas-congresso-do-pt-projeta-2026\/"},"modified":"2026-04-28T19:06:26","modified_gmt":"2026-04-28T22:06:26","slug":"entre-estrategia-eleitoral-e-agenda-de-reformas-congresso-do-pt-projeta-2026","status":"publish","type":"post","link":"https:\/\/redept.com.br\/blogosfera\/entre-estrategia-eleitoral-e-agenda-de-reformas-congresso-do-pt-projeta-2026\/","title":{"rendered":"Entre estrat\u00e9gia eleitoral e agenda de reformas, Congresso do PT projeta 2026"},"content":{"rendered":"<p>O 8\u00ba Congresso Nacional do Partido dos Trabalhadores terminou com a aprova\u00e7\u00e3o de um Manifesto pol\u00edtico e com a reelei\u00e7\u00e3o de\u00a0Luiz In\u00e1cio Lula da Silva\u00a0como eixo central da t\u00e1tica partid\u00e1ria para 2026. Realizado entre 24 e 26 de abril, em Bras\u00edlia, o encontro reuniu 519 delegados de todo o pa\u00eds, alinhados na defesa do governo e na proposta de ampliar o di\u00e1logo social, especialmente fora das redes.<\/p>\n<p>O documento \u201cConstruindo o futuro: Manifesto do PT para seguir transformando o pa\u00eds\u201d atualiza o projeto do partido e lista reformas estruturais: pol\u00edtico-eleitoral; tribut\u00e1ria, com \u00eanfase em justi\u00e7a tribut\u00e1ria e combate \u00e0 concentra\u00e7\u00e3o de renda; do Judici\u00e1rio; tecnol\u00f3gica, com foco em soberania digital e produtiva; administrativa, voltada \u00e0 reconstru\u00e7\u00e3o da capacidade p\u00fablica; reforma agr\u00e1ria, pela soberania alimentar; e reforma da comunica\u00e7\u00e3o, com enfrentamento aos monop\u00f3lios do setor. O texto tamb\u00e9m defende a universaliza\u00e7\u00e3o da escola em tempo integral e o fim imediato da escala 6\u00d71, com ao menos dois dias de folga semanais.<\/p>\n<h4>2026 no centro da estrat\u00e9gia<\/h4>\n<p>Os congressos partid\u00e1rios tamb\u00e9m funcionam como espa\u00e7o de encontro da milit\u00e2ncia. No caso do 8\u00ba Congresso, o centro do debate foi a elei\u00e7\u00e3o de 2026 e a defini\u00e7\u00e3o da t\u00e1tica eleitoral. Nesse contexto, o delegado do PT-DF, Fabiano Trompetista, avaliou que o partido cumpre ali sua tarefa de \u201cnortear a estrat\u00e9gia pol\u00edtica\u201d.<\/p>\n<p>A percep\u00e7\u00e3o de que o encontro marca um momento decisivo tamb\u00e9m aparece entre parlamentares. Em seu primeiro congresso, a deputada estadual Dani Portela (PT-PE) destacou a import\u00e2ncia de definir estrat\u00e9gias e ampliar a presen\u00e7a institucional. Para ela, a continuidade do projeto passa pela reelei\u00e7\u00e3o de\u00a0Luiz In\u00e1cio Lula da Silva. \u201cA caneta que muda a vida das pessoas precisa continuar no campo popular democr\u00e1tico\u201d, afirmou.<\/p>\n<p>A dimens\u00e3o territorial e o papel da escuta foram ressaltados pela deputada estadual ind\u00edgena Eliane Xunakalo (PT-MT), que apontou o congresso como espa\u00e7o de alinhamento entre diferentes realidades do pa\u00eds. J\u00e1 o vice-presidente da UNE, Gutemberg Rodrigues, chamou aten\u00e7\u00e3o para o cen\u00e1rio eleitoral \u00e0 frente. Segundo ele, o partido se prepara para uma disputa \u201cn\u00e3o tranquila\u201d em 2026, com foco na disputa de projeto de pa\u00eds e na amplia\u00e7\u00e3o de bancadas no Congresso.<\/p>\n<p>A leitura de que o momento exige centralidade estrat\u00e9gica na elei\u00e7\u00e3o tamb\u00e9m foi refor\u00e7ada pelo deputado Pedro Uczai (PT-SC). Para ele, o encontro evidenciou a diversidade da milit\u00e2ncia e a import\u00e2ncia da reelei\u00e7\u00e3o. \u201c\u00c9 decisiva para o futuro do Brasil, da soberania nacional e da democracia\u201d.<\/p>\n<h4>Movimento negro cobra avan\u00e7os e aponta conquistas<\/h4>\n<p>A presen\u00e7a do movimento negro foi marcada por reivindica\u00e7\u00f5es organizativas e pela avalia\u00e7\u00e3o de avan\u00e7os. Tha\u00eds Carvalho, do Rio Grande do Norte, integrante do Coletivo Nacional de Combate ao Racismo, destacou a articula\u00e7\u00e3o dos delegados do movimento negro e o perfil do congresso. \u201cMais da metade dos participantes deste congresso se declarou preta ou parda\u201d, disse.<\/p>\n<p>Em uma avalia\u00e7\u00e3o positiva, ela considera que o encontro consolidou \u201cvit\u00f3rias\u201d defendidas h\u00e1 anos. Entre elas, citou a proposta de curso de letramento racial para candidaturas e a cria\u00e7\u00e3o de uma banca de autoidentifica\u00e7\u00e3o para fortalecer candidaturas de pessoas pretas e pardas.<\/p>\n<h4>Congresso refor\u00e7a articula\u00e7\u00e3o internacional do partido<\/h4>\n<p>A dimens\u00e3o internacional foi apontada como um dos pontos altos do encontro. A programa\u00e7\u00e3o, organizada em parceria com a Funda\u00e7\u00e3o Perseu Abramo desde a quarta-feira (22), reuniu representantes estrangeiros e refor\u00e7ou o car\u00e1ter global do congresso. Foram 70 convidados internacionais de 23 pa\u00edses, entre eles, 16 embaixadores.<\/p>\n<p>Os N\u00facleos do PT no exterior marcaram presen\u00e7a com representantes da Argentina, Barcelona, Irlanda, Lille e Paris. A coordenadora do n\u00facleo de Barcelona, Heike Weeage, ressaltou o ambiente amistoso e fraterno dos dias do evento. \u201cVou me aprofundar nos temas discutidos durante o congresso, para me preparar para a segunda etapa\u201d, disse.<\/p>\n<p>Entre os delegados, o tema apareceu em destaque. O delegado Ivanildo, de Goi\u00e2nia (GO), mesmo cr\u00edtico \u00e0 aus\u00eancia de tarefas pr\u00e1ticas, ressaltou a \u201cmesa das autoridades internacionais\u201d como um dos momentos mais relevantes, pela troca de experi\u00eancias com delega\u00e7\u00f5es estrangeiras.<\/p>\n<p>A avalia\u00e7\u00e3o sobre o peso internacional do encontro tamb\u00e9m foi compartilhada pelo senador\u00a0Humberto Costa, secret\u00e1rio de Rela\u00e7\u00f5es Internacionais do PT. Segundo ele, a presen\u00e7a de partidos, pa\u00edses e embaixadas demonstra a \u201crespeitabilidade\u201d internacional da legenda. O desafio agora, afirmou, \u00e9 estruturar essa for\u00e7a e transform\u00e1-la em a\u00e7\u00e3o pol\u00edtica concreta.<\/p>\n<h4>Entre avalia\u00e7\u00f5es, prevalece leitura de unidade<\/h4>\n<p>Apesar de avalia\u00e7\u00f5es distintas sobre o formato, a leitura predominante foi a de um congresso que cumpriu seu papel pol\u00edtico. O delegado Raimundo Itamar Filho, do Cear\u00e1, afirmou que o encontro \u201ccumpriu o objetivo dentro do poss\u00edvel\u201d, destacando o interc\u00e2mbio entre militantes de diferentes regi\u00f5es e setoriais.<\/p>\n<p>O deputado Jilmar Tatto, secret\u00e1rio-executivo do congresso, classificou o resultado como \u201csucesso total\u201d e afirmou que o partido sai do encontro com unidade e diretrizes claras.<\/p>\n<p>A mesma avalia\u00e7\u00e3o aparece na fala do secret\u00e1rio-geral do PT, La\u00e9rcio Ribeiro, que destacou o car\u00e1ter estrat\u00e9gico do encontro e o papel do manifesto como s\u00edntese pol\u00edtica. \u201cA avalia\u00e7\u00e3o \u00e9 positiva. Iniciamos um espa\u00e7o importante de debate, discutindo t\u00e1tica eleitoral e diretrizes do programa. Sa\u00edmos com um manifesto dirigido n\u00e3o s\u00f3 ao PT, mas \u00e0 sociedade brasileira\u201d, afirmou.<\/p>\n<p>Ele ressaltou ainda que o congresso n\u00e3o se encerra em si. \u201c\u00c9 um processo que continua, com novos debates sobre organiza\u00e7\u00e3o partid\u00e1ria e programa no pr\u00f3ximo per\u00edodo\u201d.<\/p>\n<p>Para La\u00e9rcio, o principal resultado foi pol\u00edtico. \u201cO ponto alto \u00e9 o manifesto. O recado agora \u00e9 ir para o enfrentamento eleitoral e apresentar ao povo brasileiro o que j\u00e1 fizemos e o que propomos para o futuro\u201d.<\/p>\n<!-- Begin Yuzo --><div class='yuzo_related_post style-1'  data-version='5.12.89'><!-- without result --><div class='yuzo_clearfixed yuzo__title yuzo__title'><h3>Related Post<\/h3><\/div>\n\t\t\t\t\t\t  <div class=\"relatedthumb \" style=\"width:125px;float:left;overflow:hidden;\">  \n\t\t\t\t\t\t\t  \n\t\t\t\t\t\t\t  <a  href=\"https:\/\/redept.com.br\/blogosfera\/brasil-conquista-duas-medalhas-na-copa-do-mundo-de-ginastica-ritmica\/\"  >\n\t\t\t\t\t\t\t\t\t  <div class=\"yuzo-img-wrap \" style=\"width: 125px;height:90px;\">\n\t\t\t\t\t\t\t\t\t\t\n\t\t\t\t\t\t\t\t\t\t<div class=\"yuzo-img\" style=\"background:url('https:\/\/redept.org\/blogosfera\/wp-content\/plugins\/yuzo-related-post\/assets\/images\/default.png') 50% 50% no-repeat;width: 125px;height:90px;margin-bottom: 5px;background-size: cover; \"><\/div>\n\t\t\t\t\t\t\t\t\t  <\/div>\n\t\t\t\t\t\t\t\t\t  \n\t\t\t\t\t\t\t\t   <span class=\"yuzo__text--title\" style=\"font-size:13px;\">Brasil conquista duas medalhas na Copa do Mundo de...<\/span>\n\t\t\t\t\t\t\t  \n\t\t\t\t\t\t\t  \n\t\t\t\t\t\t\t  <\/a>\n\n\t\t\t\t\t\t  <\/div>\n\t\t\t\t\t\t  <div class=\"relatedthumb \" style=\"width:125px;float:left;overflow:hidden;\">  \n\t\t\t\t\t\t\t  \n\t\t\t\t\t\t\t  <a  href=\"https:\/\/redept.com.br\/blogosfera\/paes-flexibiliza-decreto-de-ordenamento-da-orla-mas-ambulantes-continuam-proibidos-nas-praias-do-rio\/\"  >\n\t\t\t\t\t\t\t\t\t  <div class=\"yuzo-img-wrap \" style=\"width: 125px;height:90px;\">\n\t\t\t\t\t\t\t\t\t\t\n\t\t\t\t\t\t\t\t\t\t<div class=\"yuzo-img\" style=\"background:url('https:\/\/redept.org\/blogosfera\/wp-content\/plugins\/yuzo-related-post\/assets\/images\/default.png') 50% 50% no-repeat;width: 125px;height:90px;margin-bottom: 5px;background-size: cover; \"><\/div>\n\t\t\t\t\t\t\t\t\t  <\/div>\n\t\t\t\t\t\t\t\t\t  \n\t\t\t\t\t\t\t\t   <span class=\"yuzo__text--title\" style=\"font-size:13px;\">Paes flexibiliza decreto de ordenamento da orla, m...<\/span>\n\t\t\t\t\t\t\t  \n\t\t\t\t\t\t\t  \n\t\t\t\t\t\t\t  <\/a>\n\n\t\t\t\t\t\t  <\/div>\n\t\t\t\t\t\t  <div class=\"relatedthumb \" style=\"width:125px;float:left;overflow:hidden;\">  \n\t\t\t\t\t\t\t  \n\t\t\t\t\t\t\t  <a  href=\"https:\/\/redept.com.br\/blogosfera\/voto-de-dino-no-stf-denuncia-injustica-contra-aposentados-por-invalidez\/\"  >\n\t\t\t\t\t\t\t\t\t  <div class=\"yuzo-img-wrap \" style=\"width: 125px;height:90px;\">\n\t\t\t\t\t\t\t\t\t\t\n\t\t\t\t\t\t\t\t\t\t<div class=\"yuzo-img\" style=\"background:url('https:\/\/redept.com.br\/blogosfera\/wp-content\/uploads\/2025\/10\/Captura-de-Tela-2025-10-24-as-135321-2048x1368-1-150x150.png') 50% 50% no-repeat;width: 125px;height:90px;margin-bottom: 5px;background-size: cover; \"><\/div>\n\t\t\t\t\t\t\t\t\t  <\/div>\n\t\t\t\t\t\t\t\t\t  \n\t\t\t\t\t\t\t\t   <span class=\"yuzo__text--title\" style=\"font-size:13px;\">Voto de Dino no STF denuncia injusti\u00e7a contra apos...<\/span>\n\t\t\t\t\t\t\t  \n\t\t\t\t\t\t\t  \n\t\t\t\t\t\t\t  <\/a>\n\n\t\t\t\t\t\t  <\/div>\n\t\t\t\t\t\t  <div class=\"relatedthumb \" style=\"width:125px;float:left;overflow:hidden;\">  \n\t\t\t\t\t\t\t  \n\t\t\t\t\t\t\t  <a  href=\"https:\/\/redept.com.br\/blogosfera\/paises-amazonicos-definem-medidas-para-proteger-e-fortalecer-a-regiao\/\"  >\n\t\t\t\t\t\t\t\t\t  <div class=\"yuzo-img-wrap \" style=\"width: 125px;height:90px;\">\n\t\t\t\t\t\t\t\t\t\t\n\t\t\t\t\t\t\t\t\t\t<div class=\"yuzo-img\" style=\"background:url('https:\/\/redept.com.br\/blogosfera\/wp-content\/uploads\/2025\/08\/presidencia-da-colombia-150x150.jpg') 50% 50% no-repeat;width: 125px;height:90px;margin-bottom: 5px;background-size: cover; \"><\/div>\n\t\t\t\t\t\t\t\t\t  <\/div>\n\t\t\t\t\t\t\t\t\t  \n\t\t\t\t\t\t\t\t   <span class=\"yuzo__text--title\" style=\"font-size:13px;\">Pa\u00edses amaz\u00f4nicos definem medidas para proteger e ...<\/span>\n\t\t\t\t\t\t\t  \n\t\t\t\t\t\t\t  \n\t\t\t\t\t\t\t  <\/a>\n\n\t\t\t\t\t\t  <\/div>\n<\/div> <script>\n\t\t\t\t\t\t  jQuery(document).ready(function( $ ){\n\t\t\t\t\t\t\t\/\/jQuery('.yuzo_related_post').equalizer({ overflow : 'relatedthumb' });\n\t\t\t\t\t\t\tjQuery('.yuzo_related_post .yuzo_wraps').equalizer({ columns : '> div' });\n\t\t\t\t\t\t   })\n\t\t\t\t\t\t  <\/script> <!-- End Yuzo :) -->","protected":false},"excerpt":{"rendered":"<p>O 8\u00ba Congresso Nacional do Partido dos Trabalhadores terminou com a aprova\u00e7\u00e3o de um Manifesto pol\u00edtico e com a reelei\u00e7\u00e3o de\u00a0Luiz In\u00e1cio Lula da Silva\u00a0como eixo central da t\u00e1tica partid\u00e1ria para 2026. Realizado entre 24 e 26 de abril, em Bras\u00edlia, o encontro reuniu 519 delegados de todo o pa\u00eds, alinhados na defesa do governo [&hellip;]<\/p>\n","protected":false},"author":2,"featured_media":0,"comment_status":"open","ping_status":"closed","sticky":false,"template":"","format":"standard","meta":{"fifu_image_url":"","fifu_image_alt":"","footnotes":""},"categories":[1760,8620,6117,132,42364],"tags":[],"class_list":["post-85189","post","type-post","status-publish","format-standard","hentry","category-eleicoes-2026","category-noticia","category-partido-dos-trabalhadores","category-politica","category-revista-focus-brasil"],"_links":{"self":[{"href":"https:\/\/redept.com.br\/blogosfera\/wp-json\/wp\/v2\/posts\/85189","targetHints":{"allow":["GET"]}}],"collection":[{"href":"https:\/\/redept.com.br\/blogosfera\/wp-json\/wp\/v2\/posts"}],"about":[{"href":"https:\/\/redept.com.br\/blogosfera\/wp-json\/wp\/v2\/types\/post"}],"author":[{"embeddable":true,"href":"https:\/\/redept.com.br\/blogosfera\/wp-json\/wp\/v2\/users\/2"}],"replies":[{"embeddable":true,"href":"https:\/\/redept.com.br\/blogosfera\/wp-json\/wp\/v2\/comments?post=85189"}],"version-history":[{"count":0,"href":"https:\/\/redept.com.br\/blogosfera\/wp-json\/wp\/v2\/posts\/85189\/revisions"}],"wp:attachment":[{"href":"https:\/\/redept.com.br\/blogosfera\/wp-json\/wp\/v2\/media?parent=85189"}],"wp:term":[{"taxonomy":"category","embeddable":true,"href":"https:\/\/redept.com.br\/blogosfera\/wp-json\/wp\/v2\/categories?post=85189"},{"taxonomy":"post_tag","embeddable":true,"href":"https:\/\/redept.com.br\/blogosfera\/wp-json\/wp\/v2\/tags?post=85189"}],"curies":[{"name":"wp","href":"https:\/\/api.w.org\/{rel}","templated":true}]}}