{"id":85193,"date":"2026-04-28T19:30:03","date_gmt":"2026-04-28T22:30:03","guid":{"rendered":"https:\/\/redept.com.br\/blogosfera\/fpa-inicia-digitalizacao-das-edicoes-impressas-da-revista-teoria-e-debate\/"},"modified":"2026-04-28T19:30:03","modified_gmt":"2026-04-28T22:30:03","slug":"fpa-inicia-digitalizacao-das-edicoes-impressas-da-revista-teoria-e-debate","status":"publish","type":"post","link":"https:\/\/redept.com.br\/blogosfera\/fpa-inicia-digitalizacao-das-edicoes-impressas-da-revista-teoria-e-debate\/","title":{"rendered":"FPA inicia digitaliza\u00e7\u00e3o das edi\u00e7\u00f5es impressas da revista Teoria e Debate\u00a0\u00a0"},"content":{"rendered":"<p>Criada em 1987 pelo diret\u00f3rio regional do Partido dos Trabalhadores de S\u00e3o Paulo para reunir reflex\u00f5es e an\u00e1lises sobre as mais variadas \u00e1reas de conhecimento, a revista Teoria e Debate permaneceu exclusivamente impressa at\u00e9 2011, quando passou a ser disponibilizada tamb\u00e9m online.\u00a0<\/p>\n<p>Agora, prestes a completar 40 anos da revista, a Funda\u00e7\u00e3o Perseu Abramo est\u00e1 concluindo a digitaliza\u00e7\u00e3o de todo o acervo anterior \u00e0 cria\u00e7\u00e3o da vers\u00e3o digital. O trabalho est\u00e1 sendo feito em conjunto pela equipe do Centro de Documenta\u00e7\u00e3o e Mem\u00f3ria S\u00e9rgio Buarque de Holanda (CSBH) sob a supervis\u00e3o editorial da revista.\u00a0<\/p>\n<p>\u201cA quarentona da esquerda est\u00e1 toda modernizada. Debates fundamentais agora acess\u00edveis para mais gente interessada na hist\u00f3ria, mem\u00f3ria e nas lutas que ainda travamos\u201d, celebrou Fernanda Estima, editora da TD.\u00a0<\/p>\n<p>A previs\u00e3o \u00e9 que nas pr\u00f3ximas semanas, todas as edi\u00e7\u00f5es j\u00e1 estejam dispon\u00edveis para consulta ou download no site da FPA.<\/p>\n<p><strong>Pluralidade\u00a0<\/strong><\/p>\n<p>Com enfoque na reflex\u00e3o e no debate de temas pertinentes ao campo progressista do Brasil e do mundo, assim como pol\u00eamicas em economia, sociedade e cultura, a revista manteve como princ\u00edpio b\u00e1sico a pluralidade de opini\u00f5es desde o primeiro n\u00famero. Em abril de 2026, a revista chegou \u00e0 sua edi\u00e7\u00e3o de n\u00famero 267.<\/p>\n<p>Em comum, todas as publica\u00e7\u00f5es tiveram como foco a pluralidade de ideias e a constru\u00e7\u00e3o de conte\u00fado com a participa\u00e7\u00e3o de grandes nomes do pensamento nacional e internacional. Por meio de artigos, estudos, pesquisas e an\u00e1lises, a TD se mant\u00e9m com repert\u00f3rio gabaritado para oferecer uma leitura do passado, presente e futuro sempre com base em informa\u00e7\u00e3o de qualidade.\u00a0<\/p>\n<p><strong>Projeto ousado\u00a0<\/strong><\/p>\n<p>Outra caracter\u00edstica marcante da TD, al\u00e9m do vasto material produzido, \u00e9 o seu projeto gr\u00e1fico.\u00a0 \u201cA publica\u00e7\u00e3o tinha muito texto, entrevistas de at\u00e9 dez p\u00e1ginas, debates de nove\u2026 Ao todo, chegava a oitenta p\u00e1ginas. A cada trimestre era convidado um artista, cujas obras ilustravam o n\u00famero, al\u00e9m da capa. Imagens quase sempre abstratas davam o respiro para tanto texto, al\u00e9m de divulgar o artista, que tinha sua biografia publicada em toda edi\u00e7\u00e3o\u201d, relembrou a jornalista Rose Spina em texto assinado para o 30\u00ba anivers\u00e1rio da revista.\u00a0<\/p>\n<!-- Begin Yuzo --><div class='yuzo_related_post style-1'  data-version='5.12.89'><!-- without result --><div class='yuzo_clearfixed yuzo__title yuzo__title'><h3>Related Post<\/h3><\/div>\n\t\t\t\t\t\t  <div class=\"relatedthumb \" style=\"width:125px;float:left;overflow:hidden;\">  \n\t\t\t\t\t\t\t  \n\t\t\t\t\t\t\t  <a  href=\"https:\/\/redept.com.br\/blogosfera\/ciro-recebe-convite-de-aecio-para-disputar-presidencia-em-2022-marcou-so-3-e-em-2026-lidera-pesquisa-para-o-ceara-com-557\/\"  >\n\t\t\t\t\t\t\t\t\t  <div class=\"yuzo-img-wrap \" style=\"width: 125px;height:90px;\">\n\t\t\t\t\t\t\t\t\t\t\n\t\t\t\t\t\t\t\t\t\t<div class=\"yuzo-img\" style=\"background:url('https:\/\/redept.org\/blogosfera\/wp-content\/plugins\/yuzo-related-post\/assets\/images\/default.png') 50% 50% no-repeat;width: 125px;height:90px;margin-bottom: 5px;background-size: cover; \"><\/div>\n\t\t\t\t\t\t\t\t\t  <\/div>\n\t\t\t\t\t\t\t\t\t  \n\t\t\t\t\t\t\t\t   <span class=\"yuzo__text--title\" style=\"font-size:13px;\">Ciro recebe convite de A\u00e9cio para disputar Presid\u00ea...<\/span>\n\t\t\t\t\t\t\t  \n\t\t\t\t\t\t\t  \n\t\t\t\t\t\t\t  <\/a>\n\n\t\t\t\t\t\t  <\/div>\n\t\t\t\t\t\t  <div class=\"relatedthumb \" style=\"width:125px;float:left;overflow:hidden;\">  \n\t\t\t\t\t\t\t  \n\t\t\t\t\t\t\t  <a  href=\"https:\/\/redept.com.br\/blogosfera\/nao-vivemos-uma-crise-vivemos-um-desmonte-planejado-de-direitos-afirma-lideranca-indigena-da-amazonia\/\"  >\n\t\t\t\t\t\t\t\t\t  <div class=\"yuzo-img-wrap \" style=\"width: 125px;height:90px;\">\n\t\t\t\t\t\t\t\t\t\t\n\t\t\t\t\t\t\t\t\t\t<div class=\"yuzo-img\" style=\"background:url('https:\/\/redept.org\/blogosfera\/wp-content\/plugins\/yuzo-related-post\/assets\/images\/default.png') 50% 50% no-repeat;width: 125px;height:90px;margin-bottom: 5px;background-size: cover; \"><\/div>\n\t\t\t\t\t\t\t\t\t  <\/div>\n\t\t\t\t\t\t\t\t\t  \n\t\t\t\t\t\t\t\t   <span class=\"yuzo__text--title\" style=\"font-size:13px;\">\u2018N\u00e3o vivemos uma crise, vivemos um desmonte planej...<\/span>\n\t\t\t\t\t\t\t  \n\t\t\t\t\t\t\t  \n\t\t\t\t\t\t\t  <\/a>\n\n\t\t\t\t\t\t  <\/div>\n\t\t\t\t\t\t  <div class=\"relatedthumb \" style=\"width:125px;float:left;overflow:hidden;\">  \n\t\t\t\t\t\t\t  \n\t\t\t\t\t\t\t  <a  href=\"https:\/\/redept.com.br\/blogosfera\/milton-hatoum-escritor-amazonense-e-eleito-imortal-da-academia-brasileira-de-letras\/\"  >\n\t\t\t\t\t\t\t\t\t  <div class=\"yuzo-img-wrap \" style=\"width: 125px;height:90px;\">\n\t\t\t\t\t\t\t\t\t\t\n\t\t\t\t\t\t\t\t\t\t<div class=\"yuzo-img\" style=\"background:url('https:\/\/redept.org\/blogosfera\/wp-content\/plugins\/yuzo-related-post\/assets\/images\/default.png') 50% 50% no-repeat;width: 125px;height:90px;margin-bottom: 5px;background-size: cover; \"><\/div>\n\t\t\t\t\t\t\t\t\t  <\/div>\n\t\t\t\t\t\t\t\t\t  \n\t\t\t\t\t\t\t\t   <span class=\"yuzo__text--title\" style=\"font-size:13px;\">Milton Hatoum, escritor amazonense, \u00e9 eleito imort...<\/span>\n\t\t\t\t\t\t\t  \n\t\t\t\t\t\t\t  \n\t\t\t\t\t\t\t  <\/a>\n\n\t\t\t\t\t\t  <\/div>\n\t\t\t\t\t\t  <div class=\"relatedthumb \" style=\"width:125px;float:left;overflow:hidden;\">  \n\t\t\t\t\t\t\t  \n\t\t\t\t\t\t\t  <a  href=\"https:\/\/redept.com.br\/blogosfera\/protestos-anti-trump-tomam-conta-dos-eua\/\"  >\n\t\t\t\t\t\t\t\t\t  <div class=\"yuzo-img-wrap \" style=\"width: 125px;height:90px;\">\n\t\t\t\t\t\t\t\t\t\t\n\t\t\t\t\t\t\t\t\t\t<div class=\"yuzo-img\" style=\"background:url('https:\/\/redept.com.br\/blogosfera\/wp-content\/uploads\/2025\/04\/Design-sem-nome-3-150x150.jpg') 50% 50% no-repeat;width: 125px;height:90px;margin-bottom: 5px;background-size: cover; \"><\/div>\n\t\t\t\t\t\t\t\t\t  <\/div>\n\t\t\t\t\t\t\t\t\t  \n\t\t\t\t\t\t\t\t   <span class=\"yuzo__text--title\" style=\"font-size:13px;\">Protestos anti-Trump tomam conta dos EUA<\/span>\n\t\t\t\t\t\t\t  \n\t\t\t\t\t\t\t  \n\t\t\t\t\t\t\t  <\/a>\n\n\t\t\t\t\t\t  <\/div>\n<\/div> <script>\n\t\t\t\t\t\t  jQuery(document).ready(function( $ ){\n\t\t\t\t\t\t\t\/\/jQuery('.yuzo_related_post').equalizer({ overflow : 'relatedthumb' });\n\t\t\t\t\t\t\tjQuery('.yuzo_related_post .yuzo_wraps').equalizer({ columns : '> div' });\n\t\t\t\t\t\t   })\n\t\t\t\t\t\t  <\/script> <!-- End Yuzo :) -->","protected":false},"excerpt":{"rendered":"<p>Criada em 1987 pelo diret\u00f3rio regional do Partido dos Trabalhadores de S\u00e3o Paulo para reunir reflex\u00f5es e an\u00e1lises sobre as mais variadas \u00e1reas de conhecimento, a revista Teoria e Debate permaneceu exclusivamente impressa at\u00e9 2011, quando passou a ser disponibilizada tamb\u00e9m online.\u00a0 Agora, prestes a completar 40 anos da revista, a Funda\u00e7\u00e3o Perseu Abramo est\u00e1 [&hellip;]<\/p>\n","protected":false},"author":2,"featured_media":0,"comment_status":"open","ping_status":"closed","sticky":false,"template":"","format":"standard","meta":{"fifu_image_url":"","fifu_image_alt":"","footnotes":""},"categories":[8620],"tags":[],"class_list":["post-85193","post","type-post","status-publish","format-standard","hentry","category-noticia"],"_links":{"self":[{"href":"https:\/\/redept.com.br\/blogosfera\/wp-json\/wp\/v2\/posts\/85193","targetHints":{"allow":["GET"]}}],"collection":[{"href":"https:\/\/redept.com.br\/blogosfera\/wp-json\/wp\/v2\/posts"}],"about":[{"href":"https:\/\/redept.com.br\/blogosfera\/wp-json\/wp\/v2\/types\/post"}],"author":[{"embeddable":true,"href":"https:\/\/redept.com.br\/blogosfera\/wp-json\/wp\/v2\/users\/2"}],"replies":[{"embeddable":true,"href":"https:\/\/redept.com.br\/blogosfera\/wp-json\/wp\/v2\/comments?post=85193"}],"version-history":[{"count":0,"href":"https:\/\/redept.com.br\/blogosfera\/wp-json\/wp\/v2\/posts\/85193\/revisions"}],"wp:attachment":[{"href":"https:\/\/redept.com.br\/blogosfera\/wp-json\/wp\/v2\/media?parent=85193"}],"wp:term":[{"taxonomy":"category","embeddable":true,"href":"https:\/\/redept.com.br\/blogosfera\/wp-json\/wp\/v2\/categories?post=85193"},{"taxonomy":"post_tag","embeddable":true,"href":"https:\/\/redept.com.br\/blogosfera\/wp-json\/wp\/v2\/tags?post=85193"}],"curies":[{"name":"wp","href":"https:\/\/api.w.org\/{rel}","templated":true}]}}