{"id":85194,"date":"2026-04-28T19:36:10","date_gmt":"2026-04-28T22:36:10","guid":{"rendered":"https:\/\/redept.com.br\/blogosfera\/prisao-de-presidente-bloqueio-eleicoes-avanco-progressista-e-reformas-como-esta-a-politica-na-america-latina\/"},"modified":"2026-04-28T19:36:10","modified_gmt":"2026-04-28T22:36:10","slug":"prisao-de-presidente-bloqueio-eleicoes-avanco-progressista-e-reformas-como-esta-a-politica-na-america-latina","status":"publish","type":"post","link":"https:\/\/redept.com.br\/blogosfera\/prisao-de-presidente-bloqueio-eleicoes-avanco-progressista-e-reformas-como-esta-a-politica-na-america-latina\/","title":{"rendered":"Pris\u00e3o de presidente, bloqueio, elei\u00e7\u00f5es, avan\u00e7o progressista e reformas: como est\u00e1 a pol\u00edtica na Am\u00e9rica Latina?"},"content":{"rendered":"<p>Os pa\u00edses da Am\u00e9rica Latina, assim como nos aspectos culturais, possuem grandes semelhan\u00e7as no \u00e2mbito da pol\u00edtica. Ondas progressistas, amea\u00e7as de avan\u00e7o da extrema direita fazem parte do cen\u00e1rio do continente, que encontra na unidade dos partidos de esquerda um caminho para fortalecer e consolidar as pol\u00edticas p\u00fablicas em benef\u00edcio da classe trabalhadora e do desenvolvimento nacional.\u00a0\u00a0<\/p>\n<p>Em 2026, dois pa\u00edses, Venezuela e Cuba, ganharam destaque no notici\u00e1rio ap\u00f3s os \u00faltimos ataques imperialistas sofridos a partir das a\u00e7\u00f5es do presidente norte-americano, Donald Trump.\u00a0<\/p>\n<p>Em janeiro, o pa\u00eds que teve como marco a lideran\u00e7a pol\u00edtica de Hugo Ch\u00e1vez assistiu seu presidente Nicol\u00e1s Maduro ser sequestrado e preso nos Estados Unidos, onde permanece at\u00e9 hoje. Tamb\u00e9m neste ano, Cuba passa por um momento bastante cr\u00edtico de sua hist\u00f3ria, com a radicaliza\u00e7\u00e3o do bloqueio econ\u00f4mico, que causa atualmente apag\u00f5es permanentes, falta de combust\u00edveis, alimentos e rem\u00e9dios.\u00a0<\/p>\n<p>A Argentina, comandada pelo ultradireitista Javier Milei, recentemente aprovou uma Reforma Trabalhista que retrocedeu diversos direitos, al\u00e9m de outras medidas econ\u00f4micas que, cada vez mais, aumentam a pobreza e pioram os \u00edndices sociais do pa\u00eds.\u00a0<\/p>\n<p>Enquanto isso, a Col\u00f4mbia vive sob campanha pol\u00edtica presidencial. A expectativa \u00e9 eleger, no dia 31 de maio, o candidato do Pacto Hist\u00f3rico, Iv\u00e1n Cepeda e sua vice, a senadora ind\u00edgena A\u00edda Quilcu\u00e9. E, no M\u00e9xico, a presidente Claudia Sheinbaum, eleita ap\u00f3s o progressista L\u00f3pez Obrador, segue com grande aprova\u00e7\u00e3o popular e implantando novas diretrizes de pol\u00edticas p\u00fablicas.\u00a0<\/p>\n<p>Confira os depoimentos de alguns representantes partid\u00e1rios que estiveram presentes na delega\u00e7\u00e3o internacional que participou da Jornada Internacional da Funda\u00e7\u00e3o Perseu Abramo no 8\u00ba Congresso do Partido dos Trabalhadores.\u00a0<\/p>\n<p><strong>COL\u00d4MBIA<\/strong><\/p>\n<p><strong><em>Pietro Alarc\u00f3n, Pacto Hist\u00f3rico<\/em><\/strong><\/p>\n<p><em>Bom, na verdade estamos em um processo muito complexo na Col\u00f4mbia, mas o Pacto Hist\u00f3rico tem uma candidatura que recebeu um apoio muito amplo de setores, tanto do movimento social quanto de organiza\u00e7\u00f5es pol\u00edticas. Trata-se da candidatura de Iv\u00e1n Cepeda e de Aida Quilcu\u00e9 \u00e0 presid\u00eancia e \u00e0 vice-presid\u00eancia da Rep\u00fablica. As elei\u00e7\u00f5es s\u00e3o em 31 de maio, e o Pacto Hist\u00f3rico mant\u00e9m uma a\u00e7\u00e3o pol\u00edtica de mobiliza\u00e7\u00e3o permanente para, taticamente, assim n\u00f3s definimos, tentar vencer j\u00e1 no primeiro turno.<\/em><\/p>\n<p><em>Mas tamb\u00e9m sabemos que a direita est\u00e1 se rearticulando, e \u00e9 uma direita poderosa, apoiada por grandes empres\u00e1rios, por multinacionais e inclusive pelo governo Trump. Nesse sentido, sem ilus\u00e3o. Ainda assim, acreditamos que h\u00e1 uma capacidade de resist\u00eancia do povo e, sobretudo, existe um balan\u00e7o do governo que apresenta resultados bastante positivos em termos de reforma trabalhista, reforma previdenci\u00e1ria e reforma agr\u00e1ria. Ent\u00e3o, acho que h\u00e1 elementos muito positivos que devem ser levados em conta e que a popula\u00e7\u00e3o reconhece, como o aumento do sal\u00e1rio m\u00ednimo, em uma propor\u00e7\u00e3o nunca antes vista na Col\u00f4mbia.<\/em><\/p>\n<p><em>Esses fatores geram uma expectativa muito grande de vit\u00f3ria do Pacto Hist\u00f3rico e muitos outros setores que, como eu disse, v\u00eam trabalhando junto e construindo uma esp\u00e9cie de bloco pol\u00edtico chamado \u201cAlian\u00e7a pela Vida\u201d, a grande Alian\u00e7a pela Vida, que esperamos que tenha um resultado positivo.<\/em><\/p>\n<p><em>No m\u00eas de mar\u00e7o, j\u00e1 tivemos um resultado positivo nas elei\u00e7\u00f5es para o Congresso da Rep\u00fablica, onde a esquerda conquistou a maior bancada da hist\u00f3ria, tanto no Senado quanto na C\u00e2mara. Esse resultado tamb\u00e9m gera otimismo, mas \u00e9 um otimismo realista, consciente, n\u00e3o exagerado ou desconectado de uma avalia\u00e7\u00e3o das nossas reais possibilidades de continuar no governo e aprofundar as mudan\u00e7as.<\/em><\/p>\n<p><strong><em>E como voc\u00ea enxerga a quest\u00e3o das amea\u00e7as imperialistas agora no continente? Como a Col\u00f4mbia est\u00e1 se posicionando?<\/em><\/strong><\/p>\n<p><em>Bom, do ponto de vista do governo, temos uma posi\u00e7\u00e3o n\u00e3o apenas cr\u00edtica, mas tamb\u00e9m entendemos que \u00e9 necess\u00e1rio, a partir dessa cr\u00edtica, construir uma alternativa que se contraponha ao fascismo, ao imperialismo e em rela\u00e7\u00e3o \u00e0 forma como vem sendo criado um ambiente de guerra, de agress\u00e3o, de viol\u00eancia, de viola\u00e7\u00e3o das soberanias, das amea\u00e7as contra Cuba e de interfer\u00eancia em processos eleitorais.<\/em><\/p>\n<p><em>Ou seja, o imperialismo vem atuando \u00e0 margem do direito internacional, e tudo isso gera uma situa\u00e7\u00e3o que precisa ser enfrentada n\u00e3o apenas pelos governos, mas tamb\u00e9m pelos povos. Na medida em que os povos se unifiquem em uma a\u00e7\u00e3o coordenada, ser\u00e1 poss\u00edvel avan\u00e7ar com propostas concretas que mobilizem as pessoas em torno de uma a\u00e7\u00e3o decidida pela humanidade, pela paz, pela vida, pelos direitos humanos e bem-estar da popula\u00e7\u00e3o. Acredito que temos uma boa possibilidade de vencer essa batalha, ainda que a conjuntura pare\u00e7a muito negativa.<\/em><\/p>\n<p><strong>VENEZUELA\u00a0<\/strong><\/p>\n<p><strong><em>Sa\u00fal Ortega, PRV \u2013 Partido de la Revoluci\u00f3n Venezolana<\/em><\/strong><\/p>\n<p><strong><em>A situa\u00e7\u00e3o na Venezuela \u00e9 muito dif\u00edcil e complexa. Neste cen\u00e1rio, \u00e9 poss\u00edvel falar um pouco sobre o que o senhor pensa da pol\u00edtica atual no continente a partir da quest\u00e3o venezuelana?\u00a0<\/em><\/strong><\/p>\n<p><em>Quando falamos de complexidade \u00e9 porque o mundo, em geral, est\u00e1 muito problem\u00e1tico. A governan\u00e7a que surgiu depois da Segunda Guerra Mundial entrou em crise nos anos 90, passou por um processo de decad\u00eancia e hoje \u00e9 insustent\u00e1vel. Estamos em uma crise, como definiu Antonio Gramsci, em que o velho n\u00e3o termina de morrer e o novo ainda n\u00e3o nasceu, e a\u00ed se abre uma conjuntura muito perigosa. Isso estamos observando isso com os conflitos, o genoc\u00eddio em Gaza, a guerra na Ucr\u00e2nia, o ataque \u00e0 Venezuela e a guerra no Golfo P\u00e9rsico com o Ir\u00e3 no Estreito de Ormuz. H\u00e1 uma situa\u00e7\u00e3o muito delicada, extremamente perigosa porque, se revisarmos os antecedentes hist\u00f3ricos, o nascimento da ordem internacional que est\u00e1 morrendo foi precedido por mais de 50 milh\u00f5es de mortos. Estamos falando de algo grave, e essa nova ordem que ainda n\u00e3o nasceu n\u00e3o se mostra diferente. Infelizmente, n\u00e3o ser\u00e1 em paz. E isso torna a conjuntura muito perigosa, dado que aqueles que t\u00eam hegemonia e privil\u00e9gios n\u00e3o querem perd\u00ea-los.<\/em><\/p>\n<p><em>Isso explica a agressividade do imperialismo norte-americano e de seus aliados, que, claramente, mostram uma atitude suicida, porque as agress\u00f5es que vemos, longe de demonstrar for\u00e7a, s\u00e3o um sintoma de fraqueza. E, nesse contexto, no caso da Am\u00e9rica Latina e do Caribe, todos estamos amea\u00e7ados. H\u00e1 um desdobramento militar com porta-avi\u00f5es, submarinos nucleares, navios de guerra, bases militares ativas e um conjunto de aeronaves e tecnologia de ponta apontando para todos aqueles que n\u00e3o se submetem aos des\u00edgnios do imperialismo neocolonialista dos Estados Unidos.<\/em><\/p>\n<p><em>Ent\u00e3o isso torna a situa\u00e7\u00e3o, n\u00e3o apenas para a Venezuela, mas para o mundo inteiro, muito perigosa neste momento. \u00c9 o momento em que os povos devem se mobilizar em defesa da paz, que \u00e9 um valor absoluto para todas as sociedades. Definitivamente, esses senhores da guerra s\u00e3o os \u00fanicos que se beneficiam e lucram \u00e0s custas do sacrif\u00edcio dos seres humanos, da paz, da tranquilidade e do progresso aos quais os povos t\u00eam direito. Portanto, \u00e9 fundamental fortalecer toda mobiliza\u00e7\u00e3o pol\u00edtica em defesa da paz no mundo, particularmente na Am\u00e9rica Latina e no Caribe, onde temos instrumentos. Em 2014, em Havana, em uma reuni\u00e3o da CELAC, assinada por todos os chefes de governo e presidentes de nossos pa\u00edses, declarou-se a Am\u00e9rica Latina e o Caribe como uma zona de paz. Isso foi violado pelo imperialismo norte-americano com o ataque \u00e0 Venezuela e as constantes amea\u00e7as e press\u00f5es contra o povo cubano.<\/em><\/p>\n<p><strong><em>Com rela\u00e7\u00e3o \u00e0 preocupa\u00e7\u00e3o com as amea\u00e7as de viol\u00eancia na regi\u00e3o, qual mensagem considera importante?\u00a0<\/em><\/strong><\/p>\n<p><em>Bom, \u00e9 o que estamos observando: n\u00e3o apenas o uso da viol\u00eancia, mas tamb\u00e9m medidas coercitivas e extorsivas que eles chamam de san\u00e7\u00f5es, al\u00e9m da interfer\u00eancia aberta em processos eleitorais, como vimos no caso de Honduras e da Argentina, ou seja, uma interfer\u00eancia direta nos assuntos internos dos pa\u00edses, o que \u00e9 intoler\u00e1vel. Ent\u00e3o, \u00e9 isso que temos, esse \u00e9 o cen\u00e1rio. E, diante disso, \u00e9 importante a unidade dos povos e das for\u00e7as pol\u00edticas que t\u00eam a obriga\u00e7\u00e3o de defender a soberania de nossas na\u00e7\u00f5es. Isso se torna um valor muito importante neste momento.<\/em><\/p>\n<p><strong>CUBA\u00a0<\/strong><\/p>\n<p><a href=\"https:\/\/www.google.com\/search?q=Benigno+P%C3%A9rez+Fern%C3%A1ndez&amp;oq=consul+geral+de+cuba+em+sp&amp;gs_lcrp=EgZjaHJvbWUyBggAEEUYOTIKCAEQABiABBiiBDIKCAIQABiABBiiBDIKCAMQABiABBiiBDIKCAQQABiABBiiBDIHCAUQABjvBdIBCDc0NTVqMGo3qAIAsAIA&amp;sourceid=chrome&amp;ie=UTF-8&amp;mstk=AUtExfCP9RAFnPJiTqyo338FYTqA_uJWrWNvFAah1oE-tGXeqd1AH9f5NEfekgJ9ky5HZH-_NO5IKurxJ20rg9whRoaS_fjrn7Sp4SUyx6Wj8kZ5bbfxWKMKA6g5SCUBBkuwaX8gkdRhfoJIDXRCvu8A0bsctYHs0_NnkhsMTPjAvqy29QA&amp;csui=3&amp;ved=2ahUKEwj18PeQ85CUAxXKKLkGHR54JLsQgK4QegQIARAC\" target=\"_blank\" rel=\"noopener\"><strong><em>Benigno P\u00e9rez Fern\u00e1ndez<\/em><\/strong><\/a><strong><em>, C\u00f4nsul-geral de Cuba em S\u00e3o Paulo<\/em><\/strong><\/p>\n<p><strong><em>Temos acompanhado as not\u00edcias de uma situa\u00e7\u00e3o muito dif\u00edcil em Cuba. Qual mensagem seria poss\u00edvel passar para os apoiadores neste momento?<\/em><\/strong><\/p>\n<p><em>Bom, o povo cubano est\u00e1 sofrendo muito. O imperialismo norte-americano h\u00e1 mais de 65 anos tenta destruir a revolu\u00e7\u00e3o cubana porque a considera uma amea\u00e7a incomum e extraordin\u00e1ria para a seguran\u00e7a dos Estados Unidos, \u00e9 nisso que acreditam. Mas podemos ser uma amea\u00e7a justamente porque somos um exemplo de uma sociedade diferente que pode ser constru\u00edda, e esse \u00e9 o motivo de querer destruir a revolu\u00e7\u00e3o cubana por todos os meios. E j\u00e1 usaram de tudo, invas\u00e3o, cerco econ\u00f4mico, bloqueio, agora tamb\u00e9m o bloqueio ao petr\u00f3leo.<\/em><\/p>\n<p><em>Nos \u00faltimos quatro meses, apenas um navio conseguiu entrar em Cuba com petr\u00f3leo, e h\u00e1 muitas dificuldades na ind\u00fastria, nas escolas, nos hospitais, nos transportes, em tudo. Mas vamos vencer. A maioria dos cubanos sabe que nossa independ\u00eancia e soberania est\u00e3o ligadas \u00e0 revolu\u00e7\u00e3o e ao socialismo em Cuba. E por isso vamos lutar.<\/em><\/p>\n<p><strong><em>E sobre a resist\u00eancia do regime?\u00a0<\/em><\/strong><\/p>\n<p><em>Neste momento, h\u00e1 um processo de coleta de assinaturas no pa\u00eds, de pessoas que est\u00e3o dispostas a lutar pela independ\u00eancia de Cuba. E tenho certeza de que milh\u00f5es dos que est\u00e3o sofrendo, dos que enfrentam dificuldades no dia a dia, ainda assim est\u00e3o dispostos a dar a vida pela revolu\u00e7\u00e3o.<\/em><\/p>\n<p><strong>M\u00c9XICO\u00a0<\/strong><\/p>\n<p><strong><em>Hector Diaz Polanco, Morena<\/em><\/strong><\/p>\n<p><strong><em>Claudia Sheinbaum \u00e9 atualmente uma figura de destaque na pol\u00edtica do continente. Como podemos avaliar seus feitos?\u00a0<\/em><\/strong><\/p>\n<p><em>A presidente tem alcan\u00e7ado feitos destac\u00e1veis. Em primeiro lugar, deu continuidade ao que j\u00e1 havia sido alcan\u00e7ado no sex\u00eanio anterior de Andr\u00e9s Manuel L\u00f3pez Obrador em termos positivos, como manter a pol\u00edtica social, ampliar muito os direitos das mulheres, incluindo a cria\u00e7\u00e3o do que n\u00e3o existia antes no pa\u00eds e que agora ela inaugurou, uma Secretaria das Mulheres.Tamb\u00e9m houve o desenvolvimento de outros programas sociais que antes n\u00e3o existiam, principalmente, em rela\u00e7\u00e3o aos jovens, aos estudantes dos primeiros n\u00edveis, foi estabelecido praticamente um sistema de bolsa universal para estudantes nos diversos n\u00edveis at\u00e9 a universidade. Esse \u00e9, para mim, um avan\u00e7o important\u00edssimo, porque se relaciona com outros temas, como o da criminalidade. Os lugares onde o narcotr\u00e1fico e o crime organizado em geral recrutavam jovens para atividades il\u00edcitas eram justamente compostos, em sua maioria, por jovens que haviam abandonado a escola por raz\u00f5es econ\u00f4micas. Ao n\u00e3o conseguirem terminar os estudos, deixavam a escola e, consequentemente, eram rapidamente captados pela criminalidade. Tamb\u00e9m manteve o sistema de sal\u00e1rios, contribuindo para aumentar o poder de compra e, ao mesmo tempo, controlou a infla\u00e7\u00e3o, mantendo-a baixa. Combateu o desemprego, conseguiu reduzir a pobreza proporcionalmente e criou outros projetos produtivos que ajudam a equilibrar a economia do pa\u00eds. Foi desenvolvido um sistema de transporte baseado no Tren Maya, que permitir\u00e1 o desenvolvimento de zonas rurais ao seu redor, al\u00e9m do investimento na malha rodovi\u00e1ria. Foi criado um plano chamado \u201cPlano M\u00e9xico\u201d, que permite a cria\u00e7\u00e3o de zonas econ\u00f4micas especiais para produ\u00e7\u00e3o industrial de alta tecnologia. Al\u00e9m disso, est\u00e3o sendo desenvolvidos projetos no setor energ\u00e9tico vinculados \u00e0 prote\u00e7\u00e3o ambiental, com sistemas solares, entre outros, que permitem ao mesmo tempo gerar eletricidade e proteger \u00e1reas ecol\u00f3gicas.\u00a0<\/em><\/p>\n<p><em>Ent\u00e3o, em geral, podemos dizer que \u00e9 um governo muito bem-sucedido. E vale dizer que tudo isso n\u00e3o \u00e9 te\u00f3rico, a pr\u00f3pria popula\u00e7\u00e3o expressa isso. Quase toda semana, as principais pesquisas do pa\u00eds perguntam sobre a aprova\u00e7\u00e3o, e ela est\u00e1 acima de 80% neste momento, o que \u00e9 um sucesso evidente.<\/em><\/p>\n<p><strong><em>E com rela\u00e7\u00e3o ao tema da defesa e da soberania nacional?<\/em><\/strong><\/p>\n<p><em>Sim, isso \u00e9 extraordin\u00e1rio por v\u00e1rias raz\u00f5es. Em primeiro lugar, reafirma uma trajet\u00f3ria iniciada por Andr\u00e9s Manuel no sentido de aplicar o que a Constitui\u00e7\u00e3o estabelece sobre as rela\u00e7\u00f5es internacionais, o que ganha ainda mais import\u00e2ncia diante da pol\u00edtica de Donald Trump, que representou um ataque \u00e0 soberania dos pa\u00edses. Assim, princ\u00edpios como autodetermina\u00e7\u00e3o e resolu\u00e7\u00e3o pac\u00edfica de conflitos, que est\u00e3o na Constitui\u00e7\u00e3o e que a presidenta come\u00e7ou a aplicar, encaixam-se perfeitamente frente \u00e0 tend\u00eancia dos Estados Unidos de impor sua vers\u00e3o da Doutrina Monroe, que implica, na pr\u00e1tica, um ataque direto \u00e0 soberania dos pa\u00edses latino-americanos, em alguns casos inclusive com agress\u00f5es armadas, como no caso da Venezuela. Portanto, a pol\u00edtica da presidenta de promover uma vis\u00e3o ampliada de soberania \u00e9 muito pertinente, voltada para dentro, com soberania alimentar e energ\u00e9tica, e, para fora, atuando contra pol\u00edticas expansionistas do governo de Donald Trump na Am\u00e9rica Latina. Nesse sentido, \u00e9 bastante valorizada pelos pa\u00edses que enfrentam amea\u00e7as a sua soberania.<\/em><\/p>\n<p><strong><em>Por fim, do ponto de vista do partido Morena, houve um crescimento recente no n\u00famero de filiados. Como voc\u00ea avalia isso? \u00c9 um bom momento para o partido enquanto for\u00e7a pol\u00edtica?\u00a0<\/em><\/strong><\/p>\n<p><em>Sim, acredito que Morena vive um momento muito interessante, de reafirma\u00e7\u00e3o do que j\u00e1 foi conquistado. Conseguimos vencer elei\u00e7\u00f5es apresentando \u00e0 popula\u00e7\u00e3o um bom projeto de na\u00e7\u00e3o, que busca n\u00e3o apenas manter a soberania, mas tamb\u00e9m elevar o bem-estar do povo aos n\u00edveis desejados. E essa proposta despertou interesse. Agora, ela exige bons governos, e o partido faz o poss\u00edvel para apoi\u00e1-los, garantindo que tenham sucesso e n\u00e3o se desviem de seus objetivos. Isso implica em um comportamento \u00e0 altura do que a popula\u00e7\u00e3o espera de seus dirigentes, sem desperd\u00edcios, privil\u00e9gios ostentat\u00f3rios, exibi\u00e7\u00e3o de riqueza. Mesmo quando o dinheiro \u00e9 privado, esse tipo de ostenta\u00e7\u00e3o pode ofender a popula\u00e7\u00e3o. As pessoas devem sentir que os governantes est\u00e3o ali para servir, e n\u00e3o para se servir. Tudo isso n\u00e3o \u00e9 exatamente novo, mas est\u00e1 sendo fortalecido, consolidado e tamb\u00e9m corrigindo desvios que eventualmente surgem.\u00a0<\/em><\/p>\n<p><strong>ARGENTINA<\/strong><\/p>\n<p><strong><em>Ariel Elger, Partido Comunista Argentino<\/em><\/strong><\/p>\n<p><em>Milei \u00e9 o melhor s\u00fadito do imperialismo norte-americano, e, na pol\u00edtica nacional, vem avan\u00e7ando contra todos os interesses do povo e da classe trabalhadora. No m\u00eas de fevereiro, foi discutida no Congresso e no Senado uma reforma trabalhista que nos leva de volta a um per\u00edodo anterior \u00e0 Revolu\u00e7\u00e3o Industrial, uma reforma de car\u00e1ter praticamente escravista. Essa reforma favorece a flexibiliza\u00e7\u00e3o do trabalho e o multiemprego, em que a classe trabalhadora n\u00e3o consegue organizar sua vida, j\u00e1 que \u00e9 estimulada a amplia\u00e7\u00e3o da jornada para at\u00e9 12 horas, com mudan\u00e7as constantes. Tamb\u00e9m se legitima a possibilidade de contratar trabalhadores de forma informal, como aut\u00f4nomos, sem qualquer v\u00ednculo empregat\u00edcio entre o trabalhador e a empresa.<\/em><\/p>\n<p><em>Nesse contexto, isso gerou, no movimento sindical e no movimento social, uma grande quantidade de mobiliza\u00e7\u00f5es, lutas e resist\u00eancias. Infelizmente, n\u00e3o foi poss\u00edvel impedir a aprova\u00e7\u00e3o no parlamento, mas foi poss\u00edvel gerar uma base subjetiva e ideol\u00f3gica no povo para impulsionar novas mobiliza\u00e7\u00f5es e lutas, que voltem a colocar a Argentina no caminho da integra\u00e7\u00e3o latino-americana, das transforma\u00e7\u00f5es estruturais e da possibilidade de derrotar a pol\u00edtica de Milei nas elei\u00e7\u00f5es, e em todos os campos.<\/em><\/p>\n<p><strong><em>Como \u00e9 poss\u00edvel reagir a esse alinhamento t\u00e3o direto de Milei a Trump? Qual \u00e9 a expectativa para o pr\u00f3ximo per\u00edodo?<\/em><\/strong><\/p>\n<p><em>De fato, Milei se alinhou ao que chamam de \u201ceixo do mal\u201d, com Israel e com Trump. Ele fez mais de 13 viagens aos Estados Unidos e mais de tr\u00eas a Israel, onde se encontra e se abra\u00e7a com um l\u00edder acusado de crimes de guerra e genoc\u00eddio, n\u00e3o apenas contra um povo, mas contra mulheres e crian\u00e7as, e comemora declara\u00e7\u00f5es sobre a possibilidade de a Argentina declarar o Ir\u00e3 como inimigo do povo e do Estado argentino.Isso nos coloca em uma situa\u00e7\u00e3o de risco, podendo trazer conflitos para o nosso territ\u00f3rio, junto com a tentativa de instalar uma base militar dos Estados Unidos no extremo sul do pa\u00eds, com foco estrat\u00e9gico na Ant\u00e1rtida.<\/em><\/p>\n<p><em>Diante disso, para o conjunto das for\u00e7as de esquerda, torna-se necess\u00e1rio fortalecer perspectivas anti-imperialistas e construir uma corrente de esquerda revolucion\u00e1ria que n\u00e3o apenas apoie as causas consideradas justas, como as do povo palestino, cubano e venezuelano, mas que tamb\u00e9m, ao lutar contra as pol\u00edticas imperiais, v\u00e1 construindo um projeto patri\u00f3tico de recupera\u00e7\u00e3o dos recursos que est\u00e3o em m\u00e3os estrangeiras, articulando esse anti-imperialismo e esse patriotismo com uma transforma\u00e7\u00e3o radical da sociedade.<\/em><\/p>\n<!-- Begin Yuzo --><div class='yuzo_related_post style-1'  data-version='5.12.89'><!-- without result --><div class='yuzo_clearfixed yuzo__title yuzo__title'><h3>Related Post<\/h3><\/div>\n\t\t\t\t\t\t  <div class=\"relatedthumb \" style=\"width:125px;float:left;overflow:hidden;\">  \n\t\t\t\t\t\t\t  \n\t\t\t\t\t\t\t  <a  href=\"https:\/\/redept.com.br\/blogosfera\/apos-racha-com-noboa-justica-determina-que-vice-presidente-do-equador-pode-retornar-ao-cargo\/\"  >\n\t\t\t\t\t\t\t\t\t  <div class=\"yuzo-img-wrap \" style=\"width: 125px;height:90px;\">\n\t\t\t\t\t\t\t\t\t\t\n\t\t\t\t\t\t\t\t\t\t<div class=\"yuzo-img\" style=\"background:url('https:\/\/redept.org\/blogosfera\/wp-content\/plugins\/yuzo-related-post\/assets\/images\/default.png') 50% 50% no-repeat;width: 125px;height:90px;margin-bottom: 5px;background-size: cover; \"><\/div>\n\t\t\t\t\t\t\t\t\t  <\/div>\n\t\t\t\t\t\t\t\t\t  \n\t\t\t\t\t\t\t\t   <span class=\"yuzo__text--title\" style=\"font-size:13px;\">Ap\u00f3s racha com Noboa, justi\u00e7a determina que vice-p...<\/span>\n\t\t\t\t\t\t\t  \n\t\t\t\t\t\t\t  \n\t\t\t\t\t\t\t  <\/a>\n\n\t\t\t\t\t\t  <\/div>\n\t\t\t\t\t\t  <div class=\"relatedthumb \" style=\"width:125px;float:left;overflow:hidden;\">  \n\t\t\t\t\t\t\t  \n\t\t\t\t\t\t\t  <a  href=\"https:\/\/redept.com.br\/blogosfera\/the-dictatorship-ruined-this-country-how-the-coup-interrupted-paulo-freires-ideas-for-education\/\"  >\n\t\t\t\t\t\t\t\t\t  <div class=\"yuzo-img-wrap \" style=\"width: 125px;height:90px;\">\n\t\t\t\t\t\t\t\t\t\t\n\t\t\t\t\t\t\t\t\t\t<div class=\"yuzo-img\" style=\"background:url('https:\/\/redept.org\/blogosfera\/wp-content\/plugins\/yuzo-related-post\/assets\/images\/default.png') 50% 50% no-repeat;width: 125px;height:90px;margin-bottom: 5px;background-size: cover; \"><\/div>\n\t\t\t\t\t\t\t\t\t  <\/div>\n\t\t\t\t\t\t\t\t\t  \n\t\t\t\t\t\t\t\t   <span class=\"yuzo__text--title\" style=\"font-size:13px;\">\u2018The dictatorship ruined this country\u2019...<\/span>\n\t\t\t\t\t\t\t  \n\t\t\t\t\t\t\t  \n\t\t\t\t\t\t\t  <\/a>\n\n\t\t\t\t\t\t  <\/div>\n\t\t\t\t\t\t  <div class=\"relatedthumb \" style=\"width:125px;float:left;overflow:hidden;\">  \n\t\t\t\t\t\t\t  \n\t\t\t\t\t\t\t  <a  href=\"https:\/\/redept.com.br\/blogosfera\/brasil-e-o-pais-com-mais-milionarios-da-america-latina-e-o-mais-desigual-entre-56-paises-diz-relatorio-do-banco-suico-ubs\/\"  >\n\t\t\t\t\t\t\t\t\t  <div class=\"yuzo-img-wrap \" style=\"width: 125px;height:90px;\">\n\t\t\t\t\t\t\t\t\t\t\n\t\t\t\t\t\t\t\t\t\t<div class=\"yuzo-img\" style=\"background:url('https:\/\/redept.org\/blogosfera\/wp-content\/plugins\/yuzo-related-post\/assets\/images\/default.png') 50% 50% no-repeat;width: 125px;height:90px;margin-bottom: 5px;background-size: cover; \"><\/div>\n\t\t\t\t\t\t\t\t\t  <\/div>\n\t\t\t\t\t\t\t\t\t  \n\t\t\t\t\t\t\t\t   <span class=\"yuzo__text--title\" style=\"font-size:13px;\">Brasil \u00e9 o pa\u00eds com mais milion\u00e1rios da Am\u00e9rica La...<\/span>\n\t\t\t\t\t\t\t  \n\t\t\t\t\t\t\t  \n\t\t\t\t\t\t\t  <\/a>\n\n\t\t\t\t\t\t  <\/div>\n\t\t\t\t\t\t  <div class=\"relatedthumb \" style=\"width:125px;float:left;overflow:hidden;\">  \n\t\t\t\t\t\t\t  \n\t\t\t\t\t\t\t  <a  href=\"https:\/\/redept.com.br\/blogosfera\/professor-faz-curso-hospitalizado-por-exigencia-de-100-de-frequencia-da-secretaria-de-educacao-do-parana\/\"  >\n\t\t\t\t\t\t\t\t\t  <div class=\"yuzo-img-wrap \" style=\"width: 125px;height:90px;\">\n\t\t\t\t\t\t\t\t\t\t\n\t\t\t\t\t\t\t\t\t\t<div class=\"yuzo-img\" style=\"background:url('https:\/\/redept.org\/blogosfera\/wp-content\/plugins\/yuzo-related-post\/assets\/images\/default.png') 50% 50% no-repeat;width: 125px;height:90px;margin-bottom: 5px;background-size: cover; \"><\/div>\n\t\t\t\t\t\t\t\t\t  <\/div>\n\t\t\t\t\t\t\t\t\t  \n\t\t\t\t\t\t\t\t   <span class=\"yuzo__text--title\" style=\"font-size:13px;\">Professor faz curso hospitalizado por exig\u00eancia de...<\/span>\n\t\t\t\t\t\t\t  \n\t\t\t\t\t\t\t  \n\t\t\t\t\t\t\t  <\/a>\n\n\t\t\t\t\t\t  <\/div>\n<\/div> <script>\n\t\t\t\t\t\t  jQuery(document).ready(function( $ ){\n\t\t\t\t\t\t\t\/\/jQuery('.yuzo_related_post').equalizer({ overflow : 'relatedthumb' });\n\t\t\t\t\t\t\tjQuery('.yuzo_related_post .yuzo_wraps').equalizer({ columns : '> div' });\n\t\t\t\t\t\t   })\n\t\t\t\t\t\t  <\/script> <!-- End Yuzo :) -->","protected":false},"excerpt":{"rendered":"<p>Os pa\u00edses da Am\u00e9rica Latina, assim como nos aspectos culturais, possuem grandes semelhan\u00e7as no \u00e2mbito da pol\u00edtica. Ondas progressistas, amea\u00e7as de avan\u00e7o da extrema direita fazem parte do cen\u00e1rio do continente, que encontra na unidade dos partidos de esquerda um caminho para fortalecer e consolidar as pol\u00edticas p\u00fablicas em benef\u00edcio da classe trabalhadora e do [&hellip;]<\/p>\n","protected":false},"author":2,"featured_media":0,"comment_status":"open","ping_status":"closed","sticky":false,"template":"","format":"standard","meta":{"fifu_image_url":"","fifu_image_alt":"","footnotes":""},"categories":[8620],"tags":[],"class_list":["post-85194","post","type-post","status-publish","format-standard","hentry","category-noticia"],"_links":{"self":[{"href":"https:\/\/redept.com.br\/blogosfera\/wp-json\/wp\/v2\/posts\/85194","targetHints":{"allow":["GET"]}}],"collection":[{"href":"https:\/\/redept.com.br\/blogosfera\/wp-json\/wp\/v2\/posts"}],"about":[{"href":"https:\/\/redept.com.br\/blogosfera\/wp-json\/wp\/v2\/types\/post"}],"author":[{"embeddable":true,"href":"https:\/\/redept.com.br\/blogosfera\/wp-json\/wp\/v2\/users\/2"}],"replies":[{"embeddable":true,"href":"https:\/\/redept.com.br\/blogosfera\/wp-json\/wp\/v2\/comments?post=85194"}],"version-history":[{"count":0,"href":"https:\/\/redept.com.br\/blogosfera\/wp-json\/wp\/v2\/posts\/85194\/revisions"}],"wp:attachment":[{"href":"https:\/\/redept.com.br\/blogosfera\/wp-json\/wp\/v2\/media?parent=85194"}],"wp:term":[{"taxonomy":"category","embeddable":true,"href":"https:\/\/redept.com.br\/blogosfera\/wp-json\/wp\/v2\/categories?post=85194"},{"taxonomy":"post_tag","embeddable":true,"href":"https:\/\/redept.com.br\/blogosfera\/wp-json\/wp\/v2\/tags?post=85194"}],"curies":[{"name":"wp","href":"https:\/\/api.w.org\/{rel}","templated":true}]}}