{"id":85197,"date":"2026-04-28T19:55:35","date_gmt":"2026-04-28T22:55:35","guid":{"rendered":"https:\/\/redept.com.br\/blogosfera\/oitavo-congresso-do-pt-pontos-para-um-balanco\/"},"modified":"2026-04-28T19:55:35","modified_gmt":"2026-04-28T22:55:35","slug":"oitavo-congresso-do-pt-pontos-para-um-balanco","status":"publish","type":"post","link":"https:\/\/redept.com.br\/blogosfera\/oitavo-congresso-do-pt-pontos-para-um-balanco\/","title":{"rendered":"Oitavo Congresso do PT: pontos para um balan\u00e7o"},"content":{"rendered":"<p>Dizem\u00a0que a\u00a0primeira v\u00edtima de uma guerra \u00e9 a verdade.\u00a0Talvez por isso\u00a0circulem por a\u00ed balan\u00e7os extraordin\u00e1rios acerca do rec\u00e9m-encerrado 8\u00ba\u00a0Congresso.\u00a0Do\u00a0meu lado,\u00a0prefiro\u00a0a\u00a0verdade, mesmo que ela possa ser \u201cdura e desagrad\u00e1vel\u201d.<\/p>\n<p>E\u00a0a\u00a0\u201cverdade\u201d\u00a0\u2013\u00a0do\u00a0nosso\u00a0ponto de vista\u00a0\u2013\u00a0\u00e9\u00a0que\u00a0estamos numa\u00a0situa\u00e7\u00e3o pol\u00edtica muito dif\u00edcil, em parte devido \u00e0 ofensiva do imperialismo estadunidense e\u00a0de\u00a0seus servi\u00e7ais da extrema-direita brasileira; em parte devido \u00e0 orienta\u00e7\u00e3o\u00a0equivocada implementada por setores do nosso governo e do nosso Partido.\u00a0<\/p>\n<p>O Congresso era necess\u00e1rio exatamente\u00a0para\u00a0aprovar uma inflex\u00e3o em nossa linha,\u00a0condi\u00e7\u00e3o\u00a0para que o Partido estivesse\u00a0\u00e0 altura da situa\u00e7\u00e3o pol\u00edtica.\u00a0Mas\u00a0isso\u00a0n\u00e3o ocorreu, entre\u00a0outros\u00a0motivos porque,\u00a0antes mesmo do Congresso come\u00e7ar,\u00a0quase todo o Diret\u00f3rio Nacional, exce\u00e7\u00e3o feita a 3 votos contr\u00e1rios e 1 absten\u00e7\u00e3o, decidiu alterar a pauta do Congresso, jogando para 2027 os debates estrat\u00e9gicos e organizativos.\u00a0Esta\u00a0decis\u00e3o\u00a0consolidou\u00a0a\u00a0transforma\u00e7\u00e3o doCongresso em um Encontro\u00a0Nacional\u00a0para debater\u00a0t\u00e1tica e diretrizes.<\/p>\n<p>E\u00a0como a t\u00e1tica j\u00e1 est\u00e1 em curso\u00a0e\u00a0o programa\u00a0ser\u00e1 decidido noutra\u00a0inst\u00e2ncia,\u00a0restavam\u00a0tr\u00eas alternativas:\u00a0i\/\u00a0ou o\u00a0Congresso dava um cavalo-de-pau\u00a0na linha pol\u00edtica, o que\u00a0a\u00a0imensa maioria\u00a0n\u00e3o queria fazer;\u00a0ii\/\u00a0ou\u00a0o Congresso reafirmava\u00a0de forma consistente a\u00a0t\u00e1tica adotada at\u00e9 aqui, o que a\u00a0maioria\u00a0tentou fazer, mas\u00a0de forma\u00a0repleta de inconsist\u00eancias\u00a0e contradi\u00e7\u00f5es;\u00a0iii\/\u00a0ou o Congresso\u00a0servia\u00a0para \u201canimar a tropa\u201d, o que se tornou muito dif\u00edcil\u00a0uma vez\u00a0que\u00a0Lula n\u00e3o\u00a0compareceu.<\/p>\n<p>Passado o\u00a0Congresso-Encontro,\u00a0houve\u00a0gente\u00a0muito importante\u00a0dizendo que\u00a0foi\u00a0tudo\u00a0um grande sucesso\u00a0e outros dizendo que ele n\u00e3o deveria\u00a0ter sido convocado.\u00a0Da nossa\u00a0parte,\u00a0acreditamos que \u00e9 melhor\u00a0termos\u00a0realizado\u00a0um Encontro do que n\u00e3o ter realizado nada.\u00a0<\/p>\n<p>Registro que\u00a0fizemos\u00a0o poss\u00edvel para que o Congresso-Encontro\u00a0acontecesse\u00a0de verdade.\u00a0Participamos das cinco subcomiss\u00f5es, produzimos propostas, realizamos debates, lutamos para incluir nos documentos aprovados pontos fundamentais\u00a0como a reforma agr\u00e1ria e a reforma da comunica\u00e7\u00e3o, que s\u00f3 entraram no <a href=\"https:\/\/pt.org.br\/link\/2xy6l)\" target=\"_blank\" rel=\"noopener\">Manifesto<\/a>,\u00a0aprovado\u00a0ao final pelo Congresso porque insistimos nisso at\u00e9 o \u00faltimo instante(como se poder\u00e1\u00a0verificar\u00a0nas fotos da\u00a0derradeira\u00a0vota\u00e7\u00e3o).<\/p>\n<p>A\u00a0an\u00e1lise das resolu\u00e7\u00f5es aprovadas\u00a0ter\u00e1 que esperar que o Diret\u00f3rio\u00a0Nacional\u00a0aprove a consolida\u00e7\u00e3o dos textos de \u201cConjuntura e T\u00e1tica\u201d e \u201cDiretrizes\u00a0de\u00a0programa de governo\u201d. Ambos\u00a0receberam muitas emendas (quais exatamente, n\u00e3o se sabe, pois a comiss\u00e3o de sistematiza\u00e7\u00e3o n\u00e3o informou o Congresso a respeito). <\/p>\n<p>Desde j\u00e1 destacamos que as resolu\u00e7\u00f5es\u00a0aprovadas\u00a0refor\u00e7aram\u00a0a necessidade de baixar a taxa de juros, a necessidade de criar\u00a0uma empresa\u00a0(Terrabras) para cuidar das terras raras e minerais\u00a0cr\u00edticos, a defesa da reestatiza\u00e7\u00e3o da BR Distribuidora, a\u00a0prioridade para a\u00a0reforma agr\u00e1ria e\u00a0para a reforma\u00a0da comunica\u00e7\u00e3o; Destacamos, tamb\u00e9m,\u00a0uma importante mo\u00e7\u00e3o sobre os 10 anos do golpe iniciado em 2016 com o impeachment da companheira Dilma Rousseff.<\/p>\n<p>Foi\u00a0prometido que\u00a0em 2027\u00a0teremos\u00a0uma segunda etapa.\u00a0Sem d\u00favida precisamos de\u00a0um verdadeiro Congresso, composto por delegados e delegadas eleitas\u00a0tamb\u00e9m\u00a0em 2027,\u00a0com\u00a0a base\u00a0rediscutindo\u00a0os desafios do\u00a0pr\u00f3ximo mandato\u00a0presidencial,\u00a0o programa e\u00a0a\u00a0estrat\u00e9gia democr\u00e1tica-popular e socialista\u00a0do\u00a0Partido,\u00a0as\u00a0mudan\u00e7as\u00a0em\u00a0nosso funcionamento,\u00a0os caminhos para reconstruir\u00a0as rela\u00e7\u00f5es\u00a0do PT\u00a0com a classe trabalhadora, em particular com a juventude trabalhadora.<\/p>\n<p>Entretanto,\u00a0balan\u00e7os \u00e0 parte,\u00a0nossa tarefa\u00a0agora\u00a0\u00e9 ganhar as elei\u00e7\u00f5es 2026, reeleger Lula, eleger as candidaturas do PT aosgovernos estaduais, congresso nacional e assembleias legislativas.Na campanha, precisamos traduzir na pr\u00e1tica\u00a0uma diretriz\u00a0destacada\u00a0na mesa de comunica\u00e7\u00e3o\u00a0do Congresso: \u201cn\u00f3s n\u00e3o somos o sistema, n\u00f3s nascemos para enfrentar a ordem\u201d.\u00a0<\/p>\n<p>Se\u00a0candidaturas,\u00a0parlamentares\u00a0e governantes\u00a0agirem em coer\u00eancia com essa diretriz,\u00a0conseguiremos conquistar o apoio e o voto de quem j\u00e1 nos garantiu a vit\u00f3ria em 5 das 9 elei\u00e7\u00f5es presidenciais realizadas desde 1989: a classe trabalhadora.\u00a0Lembrando que nosso desafio \u00e9 n\u00e3o apenas vencer, mas vencer em condi\u00e7\u00f5es\u00a0de fazer um mandato superior ao atual.<\/p>\n<!-- Begin Yuzo --><div class='yuzo_related_post style-1'  data-version='5.12.89'><!-- without result --><div class='yuzo_clearfixed yuzo__title yuzo__title'><h3>Related Post<\/h3><\/div>\n\t\t\t\t\t\t  <div class=\"relatedthumb \" style=\"width:125px;float:left;overflow:hidden;\">  \n\t\t\t\t\t\t\t  \n\t\t\t\t\t\t\t  <a  href=\"https:\/\/redept.com.br\/blogosfera\/familiares-de-vitimas-do-estado-acompanham-julgamento-da-adpf-das-favelas-no-stf\/\"  >\n\t\t\t\t\t\t\t\t\t  <div class=\"yuzo-img-wrap \" style=\"width: 125px;height:90px;\">\n\t\t\t\t\t\t\t\t\t\t\n\t\t\t\t\t\t\t\t\t\t<div class=\"yuzo-img\" style=\"background:url('https:\/\/redept.org\/blogosfera\/wp-content\/plugins\/yuzo-related-post\/assets\/images\/default.png') 50% 50% no-repeat;width: 125px;height:90px;margin-bottom: 5px;background-size: cover; \"><\/div>\n\t\t\t\t\t\t\t\t\t  <\/div>\n\t\t\t\t\t\t\t\t\t  \n\t\t\t\t\t\t\t\t   <span class=\"yuzo__text--title\" style=\"font-size:13px;\">Familiares de v\u00edtimas do Estado acompanham julgame...<\/span>\n\t\t\t\t\t\t\t  \n\t\t\t\t\t\t\t  \n\t\t\t\t\t\t\t  <\/a>\n\n\t\t\t\t\t\t  <\/div>\n\t\t\t\t\t\t  <div class=\"relatedthumb \" style=\"width:125px;float:left;overflow:hidden;\">  \n\t\t\t\t\t\t\t  \n\t\t\t\t\t\t\t  <a  href=\"https:\/\/redept.com.br\/blogosfera\/ira-afirma-ter-abatido-caca-dos-eua-washington-mobiliza-resgate-de-tripulantes\/\"  >\n\t\t\t\t\t\t\t\t\t  <div class=\"yuzo-img-wrap \" style=\"width: 125px;height:90px;\">\n\t\t\t\t\t\t\t\t\t\t\n\t\t\t\t\t\t\t\t\t\t<div class=\"yuzo-img\" style=\"background:url('https:\/\/redept.com.br\/blogosfera\/wp-content\/uploads\/2026\/04\/1405011415164065836265534-150x150.jpg') 50% 50% no-repeat;width: 125px;height:90px;margin-bottom: 5px;background-size: cover; \"><\/div>\n\t\t\t\t\t\t\t\t\t  <\/div>\n\t\t\t\t\t\t\t\t\t  \n\t\t\t\t\t\t\t\t   <span class=\"yuzo__text--title\" style=\"font-size:13px;\">Ir\u00e3 afirma ter abatido ca\u00e7a dos EUA; Washington mo...<\/span>\n\t\t\t\t\t\t\t  \n\t\t\t\t\t\t\t  \n\t\t\t\t\t\t\t  <\/a>\n\n\t\t\t\t\t\t  <\/div>\n\t\t\t\t\t\t  <div class=\"relatedthumb \" style=\"width:125px;float:left;overflow:hidden;\">  \n\t\t\t\t\t\t\t  \n\t\t\t\t\t\t\t  <a  href=\"https:\/\/redept.com.br\/blogosfera\/governo-bloqueia-r-313-bi-do-orcamento-de-2025-e-anuncia-aumento-do-iof\/\"  >\n\t\t\t\t\t\t\t\t\t  <div class=\"yuzo-img-wrap \" style=\"width: 125px;height:90px;\">\n\t\t\t\t\t\t\t\t\t\t\n\t\t\t\t\t\t\t\t\t\t<div class=\"yuzo-img\" style=\"background:url('https:\/\/redept.com.br\/blogosfera\/wp-content\/uploads\/2025\/05\/54538345089_3f81b19b57_k-150x150.jpg') 50% 50% no-repeat;width: 125px;height:90px;margin-bottom: 5px;background-size: cover; \"><\/div>\n\t\t\t\t\t\t\t\t\t  <\/div>\n\t\t\t\t\t\t\t\t\t  \n\t\t\t\t\t\t\t\t   <span class=\"yuzo__text--title\" style=\"font-size:13px;\">Governo bloqueia R$ 31,3 bi do Or\u00e7amento de 2025 e...<\/span>\n\t\t\t\t\t\t\t  \n\t\t\t\t\t\t\t  \n\t\t\t\t\t\t\t  <\/a>\n\n\t\t\t\t\t\t  <\/div>\n\t\t\t\t\t\t  <div class=\"relatedthumb \" style=\"width:125px;float:left;overflow:hidden;\">  \n\t\t\t\t\t\t\t  \n\t\t\t\t\t\t\t  <a  href=\"https:\/\/redept.com.br\/blogosfera\/motoristas-de-aplicativos-enfrentam-jornada-exaustiva-e-ganhos-precarizados\/\"  >\n\t\t\t\t\t\t\t\t\t  <div class=\"yuzo-img-wrap \" style=\"width: 125px;height:90px;\">\n\t\t\t\t\t\t\t\t\t\t\n\t\t\t\t\t\t\t\t\t\t<div class=\"yuzo-img\" style=\"background:url('https:\/\/redept.com.br\/blogosfera\/wp-content\/uploads\/2024\/12\/brazil-rio-de-janeiro-stereo-taxi-1-150x150.jpg') 50% 50% no-repeat;width: 125px;height:90px;margin-bottom: 5px;background-size: cover; \"><\/div>\n\t\t\t\t\t\t\t\t\t  <\/div>\n\t\t\t\t\t\t\t\t\t  \n\t\t\t\t\t\t\t\t   <span class=\"yuzo__text--title\" style=\"font-size:13px;\">Motoristas de aplicativos enfrentam jornada exaust...<\/span>\n\t\t\t\t\t\t\t  \n\t\t\t\t\t\t\t  \n\t\t\t\t\t\t\t  <\/a>\n\n\t\t\t\t\t\t  <\/div>\n<\/div> <script>\n\t\t\t\t\t\t  jQuery(document).ready(function( $ ){\n\t\t\t\t\t\t\t\/\/jQuery('.yuzo_related_post').equalizer({ overflow : 'relatedthumb' });\n\t\t\t\t\t\t\tjQuery('.yuzo_related_post .yuzo_wraps').equalizer({ columns : '> div' });\n\t\t\t\t\t\t   })\n\t\t\t\t\t\t  <\/script> <!-- End Yuzo :) -->","protected":false},"excerpt":{"rendered":"<p>Dizem\u00a0que a\u00a0primeira v\u00edtima de uma guerra \u00e9 a verdade.\u00a0Talvez por isso\u00a0circulem por a\u00ed balan\u00e7os extraordin\u00e1rios acerca do rec\u00e9m-encerrado 8\u00ba\u00a0Congresso.\u00a0Do\u00a0meu lado,\u00a0prefiro\u00a0a\u00a0verdade, mesmo que ela possa ser \u201cdura e desagrad\u00e1vel\u201d. E\u00a0a\u00a0\u201cverdade\u201d\u00a0\u2013\u00a0do\u00a0nosso\u00a0ponto de vista\u00a0\u2013\u00a0\u00e9\u00a0que\u00a0estamos numa\u00a0situa\u00e7\u00e3o pol\u00edtica muito dif\u00edcil, em parte devido \u00e0 ofensiva do imperialismo estadunidense e\u00a0de\u00a0seus servi\u00e7ais da extrema-direita brasileira; em parte devido \u00e0 orienta\u00e7\u00e3o\u00a0equivocada implementada por [&hellip;]<\/p>\n","protected":false},"author":2,"featured_media":0,"comment_status":"open","ping_status":"closed","sticky":false,"template":"","format":"standard","meta":{"fifu_image_url":"","fifu_image_alt":"","footnotes":""},"categories":[244],"tags":[],"class_list":["post-85197","post","type-post","status-publish","format-standard","hentry","category-artigos"],"_links":{"self":[{"href":"https:\/\/redept.com.br\/blogosfera\/wp-json\/wp\/v2\/posts\/85197","targetHints":{"allow":["GET"]}}],"collection":[{"href":"https:\/\/redept.com.br\/blogosfera\/wp-json\/wp\/v2\/posts"}],"about":[{"href":"https:\/\/redept.com.br\/blogosfera\/wp-json\/wp\/v2\/types\/post"}],"author":[{"embeddable":true,"href":"https:\/\/redept.com.br\/blogosfera\/wp-json\/wp\/v2\/users\/2"}],"replies":[{"embeddable":true,"href":"https:\/\/redept.com.br\/blogosfera\/wp-json\/wp\/v2\/comments?post=85197"}],"version-history":[{"count":0,"href":"https:\/\/redept.com.br\/blogosfera\/wp-json\/wp\/v2\/posts\/85197\/revisions"}],"wp:attachment":[{"href":"https:\/\/redept.com.br\/blogosfera\/wp-json\/wp\/v2\/media?parent=85197"}],"wp:term":[{"taxonomy":"category","embeddable":true,"href":"https:\/\/redept.com.br\/blogosfera\/wp-json\/wp\/v2\/categories?post=85197"},{"taxonomy":"post_tag","embeddable":true,"href":"https:\/\/redept.com.br\/blogosfera\/wp-json\/wp\/v2\/tags?post=85197"}],"curies":[{"name":"wp","href":"https:\/\/api.w.org\/{rel}","templated":true}]}}