{"id":85199,"date":"2026-04-28T19:33:15","date_gmt":"2026-04-28T22:33:15","guid":{"rendered":"https:\/\/redept.com.br\/blogosfera\/senado-aprova-cadastro-de-condenados-por-violencia-contra-a-mulher\/"},"modified":"2026-04-28T19:33:15","modified_gmt":"2026-04-28T22:33:15","slug":"senado-aprova-cadastro-de-condenados-por-violencia-contra-a-mulher","status":"publish","type":"post","link":"https:\/\/redept.com.br\/blogosfera\/senado-aprova-cadastro-de-condenados-por-violencia-contra-a-mulher\/","title":{"rendered":"Senado aprova cadastro de condenados por viol\u00eancia contra a mulher"},"content":{"rendered":"<p>O Senado aprovou nesta ter\u00e7a-feira\u00a0(28) o projeto de Lei (PL) que cria o Cadastro Nacional de Pessoas Condenadas por Viol\u00eancia contra a Mulher (CNVM). A mat\u00e9ria agora segue para a san\u00e7\u00e3o do presidente Luiz In\u00e1cio Lula da Silva (PT). Pelo projeto,\u00a0ser\u00e1 criado um banco de dados com informa\u00e7\u00f5es de pessoas condenadas definitivamente por crimes como [\u2026]<\/p>\n<p><a href=\"https:\/\/www.brasildefato.com.br\/2026\/04\/28\/senado-aprova-cadastro-de-condenados-por-violencia-contra-a-mulher\/\" rel=\"nofollow\">Fonte<\/a><\/p>\n<!-- Begin Yuzo --><div class='yuzo_related_post style-1'  data-version='5.12.89'><!-- without result --><div class='yuzo_clearfixed yuzo__title yuzo__title'><h3>Related Post<\/h3><\/div>\n\t\t\t\t\t\t  <div class=\"relatedthumb \" style=\"width:125px;float:left;overflow:hidden;\">  \n\t\t\t\t\t\t\t  \n\t\t\t\t\t\t\t  <a  href=\"https:\/\/redept.com.br\/blogosfera\/costa-do-marfim-e-senegal-anunciam-saida-de-militares-franceses\/\"  >\n\t\t\t\t\t\t\t\t\t  <div class=\"yuzo-img-wrap \" style=\"width: 125px;height:90px;\">\n\t\t\t\t\t\t\t\t\t\t\n\t\t\t\t\t\t\t\t\t\t<div class=\"yuzo-img\" style=\"background:url('https:\/\/redept.org\/blogosfera\/wp-content\/plugins\/yuzo-related-post\/assets\/images\/default.png') 50% 50% no-repeat;width: 125px;height:90px;margin-bottom: 5px;background-size: cover; \"><\/div>\n\t\t\t\t\t\t\t\t\t  <\/div>\n\t\t\t\t\t\t\t\t\t  \n\t\t\t\t\t\t\t\t   <span class=\"yuzo__text--title\" style=\"font-size:13px;\">Costa do Marfim e Senegal anunciam sa\u00edda de milita...<\/span>\n\t\t\t\t\t\t\t  \n\t\t\t\t\t\t\t  \n\t\t\t\t\t\t\t  <\/a>\n\n\t\t\t\t\t\t  <\/div>\n\t\t\t\t\t\t  <div class=\"relatedthumb \" style=\"width:125px;float:left;overflow:hidden;\">  \n\t\t\t\t\t\t\t  \n\t\t\t\t\t\t\t  <a  href=\"https:\/\/redept.com.br\/blogosfera\/lula-da-inicio-a-recepcao-de-chefes-das-delegacoes-que-participam-da-cop30-entre-10-e-21-11-em-belem\/\"  >\n\t\t\t\t\t\t\t\t\t  <div class=\"yuzo-img-wrap \" style=\"width: 125px;height:90px;\">\n\t\t\t\t\t\t\t\t\t\t\n\t\t\t\t\t\t\t\t\t\t<div class=\"yuzo-img\" style=\"background:url('https:\/\/redept.org\/blogosfera\/wp-content\/plugins\/yuzo-related-post\/assets\/images\/default.png') 50% 50% no-repeat;width: 125px;height:90px;margin-bottom: 5px;background-size: cover; \"><\/div>\n\t\t\t\t\t\t\t\t\t  <\/div>\n\t\t\t\t\t\t\t\t\t  \n\t\t\t\t\t\t\t\t   <span class=\"yuzo__text--title\" style=\"font-size:13px;\">Lula d\u00e1 in\u00edcio \u00e0 recep\u00e7\u00e3o de chefes das delega\u00e7\u00f5es...<\/span>\n\t\t\t\t\t\t\t  \n\t\t\t\t\t\t\t  \n\t\t\t\t\t\t\t  <\/a>\n\n\t\t\t\t\t\t  <\/div>\n\t\t\t\t\t\t  <div class=\"relatedthumb \" style=\"width:125px;float:left;overflow:hidden;\">  \n\t\t\t\t\t\t\t  \n\t\t\t\t\t\t\t  <a  href=\"https:\/\/redept.com.br\/blogosfera\/cupula-entre-trump-e-putin-sobre-a-ucrania-termina-sem-acordo-de-cessar-fogo\/\"  >\n\t\t\t\t\t\t\t\t\t  <div class=\"yuzo-img-wrap \" style=\"width: 125px;height:90px;\">\n\t\t\t\t\t\t\t\t\t\t\n\t\t\t\t\t\t\t\t\t\t<div class=\"yuzo-img\" style=\"background:url('https:\/\/redept.org\/blogosfera\/wp-content\/plugins\/yuzo-related-post\/assets\/images\/default.png') 50% 50% no-repeat;width: 125px;height:90px;margin-bottom: 5px;background-size: cover; \"><\/div>\n\t\t\t\t\t\t\t\t\t  <\/div>\n\t\t\t\t\t\t\t\t\t  \n\t\t\t\t\t\t\t\t   <span class=\"yuzo__text--title\" style=\"font-size:13px;\">C\u00fapula entre Trump e Putin sobre a Ucr\u00e2nia termina...<\/span>\n\t\t\t\t\t\t\t  \n\t\t\t\t\t\t\t  \n\t\t\t\t\t\t\t  <\/a>\n\n\t\t\t\t\t\t  <\/div>\n\t\t\t\t\t\t  <div class=\"relatedthumb \" style=\"width:125px;float:left;overflow:hidden;\">  \n\t\t\t\t\t\t\t  \n\t\t\t\t\t\t\t  <a  href=\"https:\/\/redept.com.br\/blogosfera\/o-que-e-noticia-no-jornal-tvt-news-primeira-edicao-19-09-2025\/\"  >\n\t\t\t\t\t\t\t\t\t  <div class=\"yuzo-img-wrap \" style=\"width: 125px;height:90px;\">\n\t\t\t\t\t\t\t\t\t\t\n\t\t\t\t\t\t\t\t\t\t<div class=\"yuzo-img\" style=\"background:url('https:\/\/redept.com.br\/blogosfera\/wp-content\/uploads\/2025\/09\/jornal_tvt_news-19-150x150.jpeg') 50% 50% no-repeat;width: 125px;height:90px;margin-bottom: 5px;background-size: cover; \"><\/div>\n\t\t\t\t\t\t\t\t\t  <\/div>\n\t\t\t\t\t\t\t\t\t  \n\t\t\t\t\t\t\t\t   <span class=\"yuzo__text--title\" style=\"font-size:13px;\">O que \u00e9 not\u00edcia no Jornal TVT News Primeira Edi\u00e7\u00e3o...<\/span>\n\t\t\t\t\t\t\t  \n\t\t\t\t\t\t\t  \n\t\t\t\t\t\t\t  <\/a>\n\n\t\t\t\t\t\t  <\/div>\n<\/div> <script>\n\t\t\t\t\t\t  jQuery(document).ready(function( $ ){\n\t\t\t\t\t\t\t\/\/jQuery('.yuzo_related_post').equalizer({ overflow : 'relatedthumb' });\n\t\t\t\t\t\t\tjQuery('.yuzo_related_post .yuzo_wraps').equalizer({ columns : '> div' });\n\t\t\t\t\t\t   })\n\t\t\t\t\t\t  <\/script> <!-- End Yuzo :) -->","protected":false},"excerpt":{"rendered":"<p>O Senado aprovou nesta ter\u00e7a-feira\u00a0(28) o projeto de Lei (PL) que cria o Cadastro Nacional de Pessoas Condenadas por Viol\u00eancia contra a Mulher (CNVM). A mat\u00e9ria agora segue para a san\u00e7\u00e3o do presidente Luiz In\u00e1cio Lula da Silva (PT). Pelo projeto,\u00a0ser\u00e1 criado um banco de dados com informa\u00e7\u00f5es de pessoas condenadas definitivamente por crimes como [&hellip;]<\/p>\n","protected":false},"author":2,"featured_media":0,"comment_status":"open","ping_status":"closed","sticky":false,"template":"","format":"standard","meta":{"fifu_image_url":"","fifu_image_alt":"","footnotes":""},"categories":[52472,1367,52473,52474,52475,5549,7126,26368,52476,52477,307,52478,52479,389,1088,52480,52481,52482,6084,214,2924,6068,2846,73,531,7982,52483,422,6547,42983],"tags":[],"class_list":["post-85199","post","type-post","status-publish","format-standard","hentry","category-agressores","category-assedio","category-banco-de-dados","category-cadastro-nacional-de-condenados-por-violencia-contra-a-mulher","category-cnvm","category-comissao-de-constituicao-e-justica","category-comissao-de-direitos-humanos","category-condenados","category-crimes-contra-a-mulher","category-deputada-silvye-alves","category-direitos-humanos","category-efeito-dissuasorio","category-enfrentamento-da-violencia","category-estupro","category-feminicidio","category-informacoes-pessoais","category-lei-de-protecao-a-mulher","category-lesao-corporal","category-perseguicao","category-politicas-publicas","category-presidente-lula","category-projeto-de-lei","category-sancao-presidencial","category-seguranca-publica","category-senado","category-senadora-augusta-brito","category-sigilo-da-vitima","category-violencia-contra-a-mulher","category-violencia-domestica","category-violencia-psicologica"],"_links":{"self":[{"href":"https:\/\/redept.com.br\/blogosfera\/wp-json\/wp\/v2\/posts\/85199","targetHints":{"allow":["GET"]}}],"collection":[{"href":"https:\/\/redept.com.br\/blogosfera\/wp-json\/wp\/v2\/posts"}],"about":[{"href":"https:\/\/redept.com.br\/blogosfera\/wp-json\/wp\/v2\/types\/post"}],"author":[{"embeddable":true,"href":"https:\/\/redept.com.br\/blogosfera\/wp-json\/wp\/v2\/users\/2"}],"replies":[{"embeddable":true,"href":"https:\/\/redept.com.br\/blogosfera\/wp-json\/wp\/v2\/comments?post=85199"}],"version-history":[{"count":0,"href":"https:\/\/redept.com.br\/blogosfera\/wp-json\/wp\/v2\/posts\/85199\/revisions"}],"wp:attachment":[{"href":"https:\/\/redept.com.br\/blogosfera\/wp-json\/wp\/v2\/media?parent=85199"}],"wp:term":[{"taxonomy":"category","embeddable":true,"href":"https:\/\/redept.com.br\/blogosfera\/wp-json\/wp\/v2\/categories?post=85199"},{"taxonomy":"post_tag","embeddable":true,"href":"https:\/\/redept.com.br\/blogosfera\/wp-json\/wp\/v2\/tags?post=85199"}],"curies":[{"name":"wp","href":"https:\/\/api.w.org\/{rel}","templated":true}]}}