{"id":85201,"date":"2026-04-28T19:52:12","date_gmt":"2026-04-28T22:52:12","guid":{"rendered":"https:\/\/redept.com.br\/blogosfera\/banco-central-venezuelano-preve-estabilidade-cambial-e-queda-da-inflacao\/"},"modified":"2026-04-28T19:52:12","modified_gmt":"2026-04-28T22:52:12","slug":"banco-central-venezuelano-preve-estabilidade-cambial-e-queda-da-inflacao","status":"publish","type":"post","link":"https:\/\/redept.com.br\/blogosfera\/banco-central-venezuelano-preve-estabilidade-cambial-e-queda-da-inflacao\/","title":{"rendered":"Banco Central venezuelano prev\u00ea estabilidade cambial e queda da infla\u00e7\u00e3o"},"content":{"rendered":"<p>Um informe apresentado na segunda-feira (27) pelo Banco Central da Venezuela (BCV) apresentou uma proje\u00e7\u00e3o que destaca o in\u00edcio do que foi descrito como \u201cum novo per\u00edodo de estabilidade cambial e queda da infla\u00e7\u00e3o\u201d no pa\u00eds. No comunicado, a\u00a0entidade governamental\u00a0tamb\u00e9m aponta para um \u00edndice positivo de crescimento econ\u00f4mico do pa\u00eds no primeiro trimestre, apesar de [\u2026]<\/p>\n<p><a href=\"https:\/\/www.brasildefato.com.br\/2026\/04\/28\/banco-central-venezuelano-preve-estabilidade-cambial-e-queda-da-inflacao\/\" rel=\"nofollow\">Fonte<\/a><\/p>\n<!-- Begin Yuzo --><div class='yuzo_related_post style-1'  data-version='5.12.89'><!-- without result --><div class='yuzo_clearfixed yuzo__title yuzo__title'><h3>Related Post<\/h3><\/div>\n\t\t\t\t\t\t  <div class=\"relatedthumb \" style=\"width:125px;float:left;overflow:hidden;\">  \n\t\t\t\t\t\t\t  \n\t\t\t\t\t\t\t  <a  href=\"https:\/\/redept.com.br\/blogosfera\/papa-francisco-e-sepultado-em-roma-em-funeral-com-chefes-de-estado-e-250-mil-pessoas\/\"  >\n\t\t\t\t\t\t\t\t\t  <div class=\"yuzo-img-wrap \" style=\"width: 125px;height:90px;\">\n\t\t\t\t\t\t\t\t\t\t\n\t\t\t\t\t\t\t\t\t\t<div class=\"yuzo-img\" style=\"background:url('https:\/\/redept.org\/blogosfera\/wp-content\/plugins\/yuzo-related-post\/assets\/images\/default.png') 50% 50% no-repeat;width: 125px;height:90px;margin-bottom: 5px;background-size: cover; \"><\/div>\n\t\t\t\t\t\t\t\t\t  <\/div>\n\t\t\t\t\t\t\t\t\t  \n\t\t\t\t\t\t\t\t   <span class=\"yuzo__text--title\" style=\"font-size:13px;\">Papa Francisco \u00e9 sepultado em Roma, em funeral com...<\/span>\n\t\t\t\t\t\t\t  \n\t\t\t\t\t\t\t  \n\t\t\t\t\t\t\t  <\/a>\n\n\t\t\t\t\t\t  <\/div>\n\t\t\t\t\t\t  <div class=\"relatedthumb \" style=\"width:125px;float:left;overflow:hidden;\">  \n\t\t\t\t\t\t\t  \n\t\t\t\t\t\t\t  <a  href=\"https:\/\/redept.com.br\/blogosfera\/e-improvavel-deter-o-dragao-na-unha-por-beto-faro\/\"  >\n\t\t\t\t\t\t\t\t\t  <div class=\"yuzo-img-wrap \" style=\"width: 125px;height:90px;\">\n\t\t\t\t\t\t\t\t\t\t\n\t\t\t\t\t\t\t\t\t\t<div class=\"yuzo-img\" style=\"background:url('https:\/\/redept.org\/blogosfera\/wp-content\/plugins\/yuzo-related-post\/assets\/images\/default.png') 50% 50% no-repeat;width: 125px;height:90px;margin-bottom: 5px;background-size: cover; \"><\/div>\n\t\t\t\t\t\t\t\t\t  <\/div>\n\t\t\t\t\t\t\t\t\t  \n\t\t\t\t\t\t\t\t   <span class=\"yuzo__text--title\" style=\"font-size:13px;\">\u00c9 improv\u00e1vel deter o drag\u00e3o na unha, por Beto Faro...<\/span>\n\t\t\t\t\t\t\t  \n\t\t\t\t\t\t\t  \n\t\t\t\t\t\t\t  <\/a>\n\n\t\t\t\t\t\t  <\/div>\n\t\t\t\t\t\t  <div class=\"relatedthumb \" style=\"width:125px;float:left;overflow:hidden;\">  \n\t\t\t\t\t\t\t  \n\t\t\t\t\t\t\t  <a  href=\"https:\/\/redept.com.br\/blogosfera\/salario-minimo-e-simbolo-de-dignidade-justica-e-distribuicao-de-renda-afirma-luiz-marinho\/\"  >\n\t\t\t\t\t\t\t\t\t  <div class=\"yuzo-img-wrap \" style=\"width: 125px;height:90px;\">\n\t\t\t\t\t\t\t\t\t\t\n\t\t\t\t\t\t\t\t\t\t<div class=\"yuzo-img\" style=\"background:url('https:\/\/redept.org\/blogosfera\/wp-content\/plugins\/yuzo-related-post\/assets\/images\/default.png') 50% 50% no-repeat;width: 125px;height:90px;margin-bottom: 5px;background-size: cover; \"><\/div>\n\t\t\t\t\t\t\t\t\t  <\/div>\n\t\t\t\t\t\t\t\t\t  \n\t\t\t\t\t\t\t\t   <span class=\"yuzo__text--title\" style=\"font-size:13px;\">\u2018Sal\u00e1rio m\u00ednimo \u00e9 s\u00edmbolo de dignidade, justi\u00e7a e ...<\/span>\n\t\t\t\t\t\t\t  \n\t\t\t\t\t\t\t  \n\t\t\t\t\t\t\t  <\/a>\n\n\t\t\t\t\t\t  <\/div>\n\t\t\t\t\t\t  <div class=\"relatedthumb \" style=\"width:125px;float:left;overflow:hidden;\">  \n\t\t\t\t\t\t\t  \n\t\t\t\t\t\t\t  <a  href=\"https:\/\/redept.com.br\/blogosfera\/o-auge-de-dilma-rousseff-manutencao-da-chefia-no-banco-do-brics-realca-prestigio-do-brasil-no-mundo\/\"  >\n\t\t\t\t\t\t\t\t\t  <div class=\"yuzo-img-wrap \" style=\"width: 125px;height:90px;\">\n\t\t\t\t\t\t\t\t\t\t\n\t\t\t\t\t\t\t\t\t\t<div class=\"yuzo-img\" style=\"background:url('https:\/\/redept.org\/blogosfera\/wp-content\/plugins\/yuzo-related-post\/assets\/images\/default.png') 50% 50% no-repeat;width: 125px;height:90px;margin-bottom: 5px;background-size: cover; \"><\/div>\n\t\t\t\t\t\t\t\t\t  <\/div>\n\t\t\t\t\t\t\t\t\t  \n\t\t\t\t\t\t\t\t   <span class=\"yuzo__text--title\" style=\"font-size:13px;\">O auge de Dilma Rousseff: manuten\u00e7\u00e3o da chefia no ...<\/span>\n\t\t\t\t\t\t\t  \n\t\t\t\t\t\t\t  \n\t\t\t\t\t\t\t  <\/a>\n\n\t\t\t\t\t\t  <\/div>\n<\/div> <script>\n\t\t\t\t\t\t  jQuery(document).ready(function( $ ){\n\t\t\t\t\t\t\t\/\/jQuery('.yuzo_related_post').equalizer({ overflow : 'relatedthumb' });\n\t\t\t\t\t\t\tjQuery('.yuzo_related_post .yuzo_wraps').equalizer({ columns : '> div' });\n\t\t\t\t\t\t   })\n\t\t\t\t\t\t  <\/script> <!-- End Yuzo :) -->","protected":false},"excerpt":{"rendered":"<p>Um informe apresentado na segunda-feira (27) pelo Banco Central da Venezuela (BCV) apresentou uma proje\u00e7\u00e3o que destaca o in\u00edcio do que foi descrito como \u201cum novo per\u00edodo de estabilidade cambial e queda da infla\u00e7\u00e3o\u201d no pa\u00eds. No comunicado, a\u00a0entidade governamental\u00a0tamb\u00e9m aponta para um \u00edndice positivo de crescimento econ\u00f4mico do pa\u00eds no primeiro trimestre, apesar de [&hellip;]<\/p>\n","protected":false},"author":2,"featured_media":0,"comment_status":"open","ping_status":"closed","sticky":false,"template":"","format":"standard","meta":{"fifu_image_url":"","fifu_image_alt":"","footnotes":""},"categories":[347,52500,52501,47390,32915,577,33169,18628,52502,26185,52503,52504,44560,41859,52505,50,52506,52507,52508,52509,45349,2623,52510,41864,52511,609,52512,18435,52513,52514],"tags":[],"class_list":["post-85201","post","type-post","status-publish","format-standard","hentry","category-america-latina","category-associacao-de-bancos","category-banco-central-venezuela","category-bcv","category-bolivar","category-crescimento-economico","category-crise-venezuelana","category-delcy-rodriguez","category-desaceleracao-inflacionaria","category-estabilidade-cambial","category-estabilizacao-de-precos","category-fmi-venezuela","category-fundo-monetario-internacional","category-indicadores-economicos","category-inflacao-venezuela","category-internacional","category-intervencao-cambial","category-luis-alberto-perez-gonzalez","category-moeda-estrangeira","category-moeda-nacional","category-pib-venezuela","category-politica-monetaria","category-presidente-bcv","category-projecao-economica","category-reintegracao-internacional","category-sistema-financeiro","category-sudeban","category-taxa-de-cambio","category-transacoes-domesticas","category-volatilidade-cambial"],"_links":{"self":[{"href":"https:\/\/redept.com.br\/blogosfera\/wp-json\/wp\/v2\/posts\/85201","targetHints":{"allow":["GET"]}}],"collection":[{"href":"https:\/\/redept.com.br\/blogosfera\/wp-json\/wp\/v2\/posts"}],"about":[{"href":"https:\/\/redept.com.br\/blogosfera\/wp-json\/wp\/v2\/types\/post"}],"author":[{"embeddable":true,"href":"https:\/\/redept.com.br\/blogosfera\/wp-json\/wp\/v2\/users\/2"}],"replies":[{"embeddable":true,"href":"https:\/\/redept.com.br\/blogosfera\/wp-json\/wp\/v2\/comments?post=85201"}],"version-history":[{"count":0,"href":"https:\/\/redept.com.br\/blogosfera\/wp-json\/wp\/v2\/posts\/85201\/revisions"}],"wp:attachment":[{"href":"https:\/\/redept.com.br\/blogosfera\/wp-json\/wp\/v2\/media?parent=85201"}],"wp:term":[{"taxonomy":"category","embeddable":true,"href":"https:\/\/redept.com.br\/blogosfera\/wp-json\/wp\/v2\/categories?post=85201"},{"taxonomy":"post_tag","embeddable":true,"href":"https:\/\/redept.com.br\/blogosfera\/wp-json\/wp\/v2\/tags?post=85201"}],"curies":[{"name":"wp","href":"https:\/\/api.w.org\/{rel}","templated":true}]}}