{"id":85202,"date":"2026-04-28T19:53:13","date_gmt":"2026-04-28T22:53:13","guid":{"rendered":"https:\/\/redept.com.br\/blogosfera\/extrema-direita-joga-com-desinformacao-e-panico-moral-no-debate-sobre-aborto-afirma-ativista\/"},"modified":"2026-04-28T19:53:13","modified_gmt":"2026-04-28T22:53:13","slug":"extrema-direita-joga-com-desinformacao-e-panico-moral-no-debate-sobre-aborto-afirma-ativista","status":"publish","type":"post","link":"https:\/\/redept.com.br\/blogosfera\/extrema-direita-joga-com-desinformacao-e-panico-moral-no-debate-sobre-aborto-afirma-ativista\/","title":{"rendered":"Extrema direita joga com \u2018desinforma\u00e7\u00e3o e p\u00e2nico moral no debate sobre aborto\u2019, afirma ativista"},"content":{"rendered":"<p>No Brasil, o debate sobre a descriminaliza\u00e7\u00e3o e acesso ao aborto legal e seguro n\u00e3o evolui por causa da extrema direita e de setores religiosos, que dogmatizam a discuss\u00e3o. Mas tudo isso cai por terra quando na vida privada, um parlamentar que se manifestava contr\u00e1rio ao procedimento, \u00e9 flagrado tentando convencer a ex-companheira a realizar [\u2026]<\/p>\n<p><a href=\"https:\/\/www.brasildefato.com.br\/podcast\/brasil-de-fato-entrevista\/2026\/04\/28\/extrema-direita-joga-com-desinformacao-e-panico-moral-no-debate-sobre-aborto-afirma-ativista\/\" rel=\"nofollow\">Fonte<\/a><\/p>\n<!-- Begin Yuzo --><div class='yuzo_related_post style-1'  data-version='5.12.89'><!-- without result --><div class='yuzo_clearfixed yuzo__title yuzo__title'><h3>Related Post<\/h3><\/div>\n\t\t\t\t\t\t  <div class=\"relatedthumb \" style=\"width:125px;float:left;overflow:hidden;\">  \n\t\t\t\t\t\t\t  \n\t\t\t\t\t\t\t  <a  href=\"https:\/\/redept.com.br\/blogosfera\/negociacoes-diretas-entre-russia-e-ucrania-terminam-sem-cessar-fogo\/\"  >\n\t\t\t\t\t\t\t\t\t  <div class=\"yuzo-img-wrap \" style=\"width: 125px;height:90px;\">\n\t\t\t\t\t\t\t\t\t\t\n\t\t\t\t\t\t\t\t\t\t<div class=\"yuzo-img\" style=\"background:url('https:\/\/redept.com.br\/blogosfera\/wp-content\/uploads\/2025\/05\/grelhd8xuaawdbd-2048x1365-1-150x150.jpg') 50% 50% no-repeat;width: 125px;height:90px;margin-bottom: 5px;background-size: cover; \"><\/div>\n\t\t\t\t\t\t\t\t\t  <\/div>\n\t\t\t\t\t\t\t\t\t  \n\t\t\t\t\t\t\t\t   <span class=\"yuzo__text--title\" style=\"font-size:13px;\">Negocia\u00e7\u00f5es diretas entre R\u00fassia e Ucr\u00e2nia termina...<\/span>\n\t\t\t\t\t\t\t  \n\t\t\t\t\t\t\t  \n\t\t\t\t\t\t\t  <\/a>\n\n\t\t\t\t\t\t  <\/div>\n\t\t\t\t\t\t  <div class=\"relatedthumb \" style=\"width:125px;float:left;overflow:hidden;\">  \n\t\t\t\t\t\t\t  \n\t\t\t\t\t\t\t  <a  href=\"https:\/\/redept.com.br\/blogosfera\/governo-lula-articula-avanco-de-pautas-sociais-no-congresso\/\"  >\n\t\t\t\t\t\t\t\t\t  <div class=\"yuzo-img-wrap \" style=\"width: 125px;height:90px;\">\n\t\t\t\t\t\t\t\t\t\t\n\t\t\t\t\t\t\t\t\t\t<div class=\"yuzo-img\" style=\"background:url('https:\/\/redept.org\/blogosfera\/wp-content\/plugins\/yuzo-related-post\/assets\/images\/default.png') 50% 50% no-repeat;width: 125px;height:90px;margin-bottom: 5px;background-size: cover; \"><\/div>\n\t\t\t\t\t\t\t\t\t  <\/div>\n\t\t\t\t\t\t\t\t\t  \n\t\t\t\t\t\t\t\t   <span class=\"yuzo__text--title\" style=\"font-size:13px;\">Governo Lula articula avan\u00e7o de pautas sociais no ...<\/span>\n\t\t\t\t\t\t\t  \n\t\t\t\t\t\t\t  \n\t\t\t\t\t\t\t  <\/a>\n\n\t\t\t\t\t\t  <\/div>\n\t\t\t\t\t\t  <div class=\"relatedthumb \" style=\"width:125px;float:left;overflow:hidden;\">  \n\t\t\t\t\t\t\t  \n\t\t\t\t\t\t\t  <a  href=\"https:\/\/redept.com.br\/blogosfera\/lula-defende-metas-para-aumentar-fluxo-comercial-entre-brasil-e-franca\/\"  >\n\t\t\t\t\t\t\t\t\t  <div class=\"yuzo-img-wrap \" style=\"width: 125px;height:90px;\">\n\t\t\t\t\t\t\t\t\t\t\n\t\t\t\t\t\t\t\t\t\t<div class=\"yuzo-img\" style=\"background:url('https:\/\/redept.org\/blogosfera\/wp-content\/plugins\/yuzo-related-post\/assets\/images\/default.png') 50% 50% no-repeat;width: 125px;height:90px;margin-bottom: 5px;background-size: cover; \"><\/div>\n\t\t\t\t\t\t\t\t\t  <\/div>\n\t\t\t\t\t\t\t\t\t  \n\t\t\t\t\t\t\t\t   <span class=\"yuzo__text--title\" style=\"font-size:13px;\">Lula defende metas para aumentar fluxo comercial e...<\/span>\n\t\t\t\t\t\t\t  \n\t\t\t\t\t\t\t  \n\t\t\t\t\t\t\t  <\/a>\n\n\t\t\t\t\t\t  <\/div>\n\t\t\t\t\t\t  <div class=\"relatedthumb \" style=\"width:125px;float:left;overflow:hidden;\">  \n\t\t\t\t\t\t\t  \n\t\t\t\t\t\t\t  <a  href=\"https:\/\/redept.com.br\/blogosfera\/pm-que-atirou-e-matou-mulher-em-sp-e-suspensa-da-funcao\/\"  >\n\t\t\t\t\t\t\t\t\t  <div class=\"yuzo-img-wrap \" style=\"width: 125px;height:90px;\">\n\t\t\t\t\t\t\t\t\t\t\n\t\t\t\t\t\t\t\t\t\t<div class=\"yuzo-img\" style=\"background:url('https:\/\/redept.org\/blogosfera\/wp-content\/plugins\/yuzo-related-post\/assets\/images\/default.png') 50% 50% no-repeat;width: 125px;height:90px;margin-bottom: 5px;background-size: cover; \"><\/div>\n\t\t\t\t\t\t\t\t\t  <\/div>\n\t\t\t\t\t\t\t\t\t  \n\t\t\t\t\t\t\t\t   <span class=\"yuzo__text--title\" style=\"font-size:13px;\">PM que atirou e matou mulher em SP \u00e9 suspensa da f...<\/span>\n\t\t\t\t\t\t\t  \n\t\t\t\t\t\t\t  \n\t\t\t\t\t\t\t  <\/a>\n\n\t\t\t\t\t\t  <\/div>\n<\/div> <script>\n\t\t\t\t\t\t  jQuery(document).ready(function( $ ){\n\t\t\t\t\t\t\t\/\/jQuery('.yuzo_related_post').equalizer({ overflow : 'relatedthumb' });\n\t\t\t\t\t\t\tjQuery('.yuzo_related_post .yuzo_wraps').equalizer({ columns : '> div' });\n\t\t\t\t\t\t   })\n\t\t\t\t\t\t  <\/script> <!-- End Yuzo :) -->","protected":false},"excerpt":{"rendered":"<p>No Brasil, o debate sobre a descriminaliza\u00e7\u00e3o e acesso ao aborto legal e seguro n\u00e3o evolui por causa da extrema direita e de setores religiosos, que dogmatizam a discuss\u00e3o. Mas tudo isso cai por terra quando na vida privada, um parlamentar que se manifestava contr\u00e1rio ao procedimento, \u00e9 flagrado tentando convencer a ex-companheira a realizar [&hellip;]<\/p>\n","protected":false},"author":2,"featured_media":0,"comment_status":"open","ping_status":"closed","sticky":false,"template":"","format":"standard","meta":{"fifu_image_url":"","fifu_image_alt":"","footnotes":""},"categories":[386,1950,39488,39484,6773,52515,7169,299,25639,355,6447,52516,696,423,356,8076,42980,14258,52517,6944,10018,3477,2267,45545,14848,3194,6068,27917,753,52518],"tags":[],"class_list":["post-85202","post","type-post","status-publish","format-standard","hentry","category-aborto","category-aborto-legal","category-autonomia-feminina","category-bdf-entrevista","category-brasil-de-fato","category-catolicas-pelo-direito-de-decidir","category-conservadorismo","category-criminalizacao","category-descriminalizacao","category-desinformacao","category-direitos-reprodutivos","category-discurso-moralizante","category-eleicoes","category-extrema-direita","category-fake-news","category-fundamentalismo-religioso","category-guto-zacarias","category-hipocrisia","category-kelly-de-oliveira","category-lobby","category-mbl","category-movimento-feminista","category-mulheres-negras","category-neoconservadorismo","category-panico-moral","category-politica-publica","category-projeto-de-lei","category-racializacao","category-saude-publica","category-vida-privada"],"_links":{"self":[{"href":"https:\/\/redept.com.br\/blogosfera\/wp-json\/wp\/v2\/posts\/85202","targetHints":{"allow":["GET"]}}],"collection":[{"href":"https:\/\/redept.com.br\/blogosfera\/wp-json\/wp\/v2\/posts"}],"about":[{"href":"https:\/\/redept.com.br\/blogosfera\/wp-json\/wp\/v2\/types\/post"}],"author":[{"embeddable":true,"href":"https:\/\/redept.com.br\/blogosfera\/wp-json\/wp\/v2\/users\/2"}],"replies":[{"embeddable":true,"href":"https:\/\/redept.com.br\/blogosfera\/wp-json\/wp\/v2\/comments?post=85202"}],"version-history":[{"count":0,"href":"https:\/\/redept.com.br\/blogosfera\/wp-json\/wp\/v2\/posts\/85202\/revisions"}],"wp:attachment":[{"href":"https:\/\/redept.com.br\/blogosfera\/wp-json\/wp\/v2\/media?parent=85202"}],"wp:term":[{"taxonomy":"category","embeddable":true,"href":"https:\/\/redept.com.br\/blogosfera\/wp-json\/wp\/v2\/categories?post=85202"},{"taxonomy":"post_tag","embeddable":true,"href":"https:\/\/redept.com.br\/blogosfera\/wp-json\/wp\/v2\/tags?post=85202"}],"curies":[{"name":"wp","href":"https:\/\/api.w.org\/{rel}","templated":true}]}}