{"id":85203,"date":"2026-04-28T20:04:43","date_gmt":"2026-04-28T23:04:43","guid":{"rendered":"https:\/\/redept.com.br\/blogosfera\/educacao-e-alimento-para-a-alma-e-deve-ser-encarada-como-direito-diz-professor-da-usp\/"},"modified":"2026-04-28T20:04:43","modified_gmt":"2026-04-28T23:04:43","slug":"educacao-e-alimento-para-a-alma-e-deve-ser-encarada-como-direito-diz-professor-da-usp","status":"publish","type":"post","link":"https:\/\/redept.com.br\/blogosfera\/educacao-e-alimento-para-a-alma-e-deve-ser-encarada-como-direito-diz-professor-da-usp\/","title":{"rendered":"Educa\u00e7\u00e3o \u00e9 \u2018alimento para a alma\u2019 e deve ser encarada como direito, diz professor da USP"},"content":{"rendered":"<p>O Dia Mundial da Educa\u00e7\u00e3o, celebrado nesta ter\u00e7a-feira (28), \u00e9 um momento para refor\u00e7ar a educa\u00e7\u00e3o como um direito fundamental e refletir sobre os desafios para a \u00e1rea. Mas tamb\u00e9m lembrar da import\u00e2ncia e das refer\u00eancias dos que, como Paulo Freire, fizeram desse direito uma ferramenta para o conhecimento, a liberdade e as trocas nas [\u2026]<\/p>\n<p><a href=\"https:\/\/www.brasildefato.com.br\/2026\/04\/28\/educacao-e-alimento-para-a-alma-e-deve-ser-encarada-como-direito-diz-professor-da-usp\/\" rel=\"nofollow\">Fonte<\/a><\/p>\n<!-- Begin Yuzo --><div class='yuzo_related_post style-1'  data-version='5.12.89'><!-- without result --><div class='yuzo_clearfixed yuzo__title yuzo__title'><h3>Related Post<\/h3><\/div>\n\t\t\t\t\t\t  <div class=\"relatedthumb \" style=\"width:125px;float:left;overflow:hidden;\">  \n\t\t\t\t\t\t\t  \n\t\t\t\t\t\t\t  <a  href=\"https:\/\/redept.com.br\/blogosfera\/dialetica-da-colonizacao\/\"  >\n\t\t\t\t\t\t\t\t\t  <div class=\"yuzo-img-wrap \" style=\"width: 125px;height:90px;\">\n\t\t\t\t\t\t\t\t\t\t\n\t\t\t\t\t\t\t\t\t\t<div class=\"yuzo-img\" style=\"background:url('https:\/\/redept.org\/blogosfera\/wp-content\/plugins\/yuzo-related-post\/assets\/images\/default.png') 50% 50% no-repeat;width: 125px;height:90px;margin-bottom: 5px;background-size: cover; \"><\/div>\n\t\t\t\t\t\t\t\t\t  <\/div>\n\t\t\t\t\t\t\t\t\t  \n\t\t\t\t\t\t\t\t   <span class=\"yuzo__text--title\" style=\"font-size:13px;\">Dial\u00e9tica da coloniza\u00e7\u00e3o<\/span>\n\t\t\t\t\t\t\t  \n\t\t\t\t\t\t\t  \n\t\t\t\t\t\t\t  <\/a>\n\n\t\t\t\t\t\t  <\/div>\n\t\t\t\t\t\t  <div class=\"relatedthumb \" style=\"width:125px;float:left;overflow:hidden;\">  \n\t\t\t\t\t\t\t  \n\t\t\t\t\t\t\t  <a  href=\"https:\/\/redept.com.br\/blogosfera\/nikolas-ferreira-distorce-elementos-factuais-e-desinforma-ao-justificar-voto-contra-gas-do-povo\/\"  >\n\t\t\t\t\t\t\t\t\t  <div class=\"yuzo-img-wrap \" style=\"width: 125px;height:90px;\">\n\t\t\t\t\t\t\t\t\t\t\n\t\t\t\t\t\t\t\t\t\t<div class=\"yuzo-img\" style=\"background:url('https:\/\/redept.org\/blogosfera\/wp-content\/plugins\/yuzo-related-post\/assets\/images\/default.png') 50% 50% no-repeat;width: 125px;height:90px;margin-bottom: 5px;background-size: cover; \"><\/div>\n\t\t\t\t\t\t\t\t\t  <\/div>\n\t\t\t\t\t\t\t\t\t  \n\t\t\t\t\t\t\t\t   <span class=\"yuzo__text--title\" style=\"font-size:13px;\">Nikolas Ferreira distorce elementos factuais e des...<\/span>\n\t\t\t\t\t\t\t  \n\t\t\t\t\t\t\t  \n\t\t\t\t\t\t\t  <\/a>\n\n\t\t\t\t\t\t  <\/div>\n\t\t\t\t\t\t  <div class=\"relatedthumb \" style=\"width:125px;float:left;overflow:hidden;\">  \n\t\t\t\t\t\t\t  \n\t\t\t\t\t\t\t  <a  href=\"https:\/\/redept.com.br\/blogosfera\/ocupacao-do-mtst-completa-um-mes-no-centro-do-rio-povo-no-eixo-da-politica-urbana-avalia-pesquisadora\/\"  >\n\t\t\t\t\t\t\t\t\t  <div class=\"yuzo-img-wrap \" style=\"width: 125px;height:90px;\">\n\t\t\t\t\t\t\t\t\t\t\n\t\t\t\t\t\t\t\t\t\t<div class=\"yuzo-img\" style=\"background:url('https:\/\/redept.com.br\/blogosfera\/wp-content\/uploads\/2025\/06\/Imagem-do-WhatsApp-de-2025-06-26-as-082122_ed01947b-2048x1366-1-150x150.jpg') 50% 50% no-repeat;width: 125px;height:90px;margin-bottom: 5px;background-size: cover; \"><\/div>\n\t\t\t\t\t\t\t\t\t  <\/div>\n\t\t\t\t\t\t\t\t\t  \n\t\t\t\t\t\t\t\t   <span class=\"yuzo__text--title\" style=\"font-size:13px;\">Ocupa\u00e7\u00e3o do MTST completa um m\u00eas no centro do Rio:...<\/span>\n\t\t\t\t\t\t\t  \n\t\t\t\t\t\t\t  \n\t\t\t\t\t\t\t  <\/a>\n\n\t\t\t\t\t\t  <\/div>\n\t\t\t\t\t\t  <div class=\"relatedthumb \" style=\"width:125px;float:left;overflow:hidden;\">  \n\t\t\t\t\t\t\t  \n\t\t\t\t\t\t\t  <a  href=\"https:\/\/redept.com.br\/blogosfera\/as-testemunhas-do-golpe-julgamento-no-stf-segue-com-depoimentos-de-indicados-pelas-defesas-dos-acusados\/\"  >\n\t\t\t\t\t\t\t\t\t  <div class=\"yuzo-img-wrap \" style=\"width: 125px;height:90px;\">\n\t\t\t\t\t\t\t\t\t\t\n\t\t\t\t\t\t\t\t\t\t<div class=\"yuzo-img\" style=\"background:url('https:\/\/redept.org\/blogosfera\/wp-content\/plugins\/yuzo-related-post\/assets\/images\/default.png') 50% 50% no-repeat;width: 125px;height:90px;margin-bottom: 5px;background-size: cover; \"><\/div>\n\t\t\t\t\t\t\t\t\t  <\/div>\n\t\t\t\t\t\t\t\t\t  \n\t\t\t\t\t\t\t\t   <span class=\"yuzo__text--title\" style=\"font-size:13px;\">As testemunhas do golpe: julgamento no STF segue c...<\/span>\n\t\t\t\t\t\t\t  \n\t\t\t\t\t\t\t  \n\t\t\t\t\t\t\t  <\/a>\n\n\t\t\t\t\t\t  <\/div>\n<\/div> <script>\n\t\t\t\t\t\t  jQuery(document).ready(function( $ ){\n\t\t\t\t\t\t\t\/\/jQuery('.yuzo_related_post').equalizer({ overflow : 'relatedthumb' });\n\t\t\t\t\t\t\tjQuery('.yuzo_related_post .yuzo_wraps').equalizer({ columns : '> div' });\n\t\t\t\t\t\t   })\n\t\t\t\t\t\t  <\/script> <!-- End Yuzo :) -->","protected":false},"excerpt":{"rendered":"<p>O Dia Mundial da Educa\u00e7\u00e3o, celebrado nesta ter\u00e7a-feira (28), \u00e9 um momento para refor\u00e7ar a educa\u00e7\u00e3o como um direito fundamental e refletir sobre os desafios para a \u00e1rea. Mas tamb\u00e9m lembrar da import\u00e2ncia e das refer\u00eancias dos que, como Paulo Freire, fizeram desse direito uma ferramenta para o conhecimento, a liberdade e as trocas nas [&hellip;]<\/p>\n","protected":false},"author":2,"featured_media":0,"comment_status":"open","ping_status":"closed","sticky":false,"template":"","format":"standard","meta":{"fifu_image_url":"","fifu_image_alt":"","footnotes":""},"categories":[26566,264,795,4813,36363,309,52519,52520,7106,95,9135,52521,52522,52523,52524,52525,4368,10027,52526,52527,31635,1001,3146,4704,52528,126,61,2221,48744,512,12357],"tags":[],"class_list":["post-85203","post","type-post","status-publish","format-standard","hentry","category-artes","category-cidadania","category-ciencia","category-conexao-bdf","category-conhecimento","category-cultura","category-daniel-cara","category-dia-mundial-da-educacao","category-direito-a-educacao","category-educacao","category-educacao-brasileira","category-educacao-como-alimento-para-a-alma","category-educacao-como-direito","category-educacao-e-humanidade","category-educacao-fundamental","category-educacao-libertadora","category-educacao-publica","category-emancipacao","category-horizontes","category-leitura-do-mundo","category-liberdade","category-paulo-freire","category-pedagogia","category-radio-brasil-de-fato","category-repertorio","category-saude","category-sociedade","category-transformacao-social","category-universidade-de-sao-paulo","category-usp","category-voz"],"_links":{"self":[{"href":"https:\/\/redept.com.br\/blogosfera\/wp-json\/wp\/v2\/posts\/85203","targetHints":{"allow":["GET"]}}],"collection":[{"href":"https:\/\/redept.com.br\/blogosfera\/wp-json\/wp\/v2\/posts"}],"about":[{"href":"https:\/\/redept.com.br\/blogosfera\/wp-json\/wp\/v2\/types\/post"}],"author":[{"embeddable":true,"href":"https:\/\/redept.com.br\/blogosfera\/wp-json\/wp\/v2\/users\/2"}],"replies":[{"embeddable":true,"href":"https:\/\/redept.com.br\/blogosfera\/wp-json\/wp\/v2\/comments?post=85203"}],"version-history":[{"count":0,"href":"https:\/\/redept.com.br\/blogosfera\/wp-json\/wp\/v2\/posts\/85203\/revisions"}],"wp:attachment":[{"href":"https:\/\/redept.com.br\/blogosfera\/wp-json\/wp\/v2\/media?parent=85203"}],"wp:term":[{"taxonomy":"category","embeddable":true,"href":"https:\/\/redept.com.br\/blogosfera\/wp-json\/wp\/v2\/categories?post=85203"},{"taxonomy":"post_tag","embeddable":true,"href":"https:\/\/redept.com.br\/blogosfera\/wp-json\/wp\/v2\/tags?post=85203"}],"curies":[{"name":"wp","href":"https:\/\/api.w.org\/{rel}","templated":true}]}}