{"id":85204,"date":"2026-04-28T19:43:30","date_gmt":"2026-04-28T22:43:30","guid":{"rendered":"https:\/\/redept.com.br\/blogosfera\/veto-de-lula-ao-pl-da-dosimetria-impede-beneficio-ao-crime-dizem-deputadas\/"},"modified":"2026-04-28T19:43:30","modified_gmt":"2026-04-28T22:43:30","slug":"veto-de-lula-ao-pl-da-dosimetria-impede-beneficio-ao-crime-dizem-deputadas","status":"publish","type":"post","link":"https:\/\/redept.com.br\/blogosfera\/veto-de-lula-ao-pl-da-dosimetria-impede-beneficio-ao-crime-dizem-deputadas\/","title":{"rendered":"Veto de Lula ao PL da Dosimetria impede benef\u00edcio ao crime, dizem deputadas"},"content":{"rendered":"<p><img fetchpriority=\"high\" width=\"1024\" height=\"576\"src=\"https:\/\/redept.com.br\/blogosfera\/wp-content\/uploads\/2026\/04\/GOLPISTAS_Marcelo-CamargoAgencia-Brasil.jpg\" alt=\"\" decoding=\"async\" srcset=\"https:\/\/vermelho.org.br\/wp-content\/uploads\/2024\/10\/GOLPISTAS_Marcelo-CamargoAgencia-Brasil-1024x576.jpg 1024w, https:\/\/vermelho.org.br\/wp-content\/uploads\/2024\/10\/GOLPISTAS_Marcelo-CamargoAgencia-Brasil-300x169.jpg 300w, https:\/\/vermelho.org.br\/wp-content\/uploads\/2024\/10\/GOLPISTAS_Marcelo-CamargoAgencia-Brasil-768x432.jpg 768w, https:\/\/vermelho.org.br\/wp-content\/uploads\/2024\/10\/GOLPISTAS_Marcelo-CamargoAgencia-Brasil-1536x864.jpg 1536w, https:\/\/redept.com.br\/blogosfera\/wp-content\/uploads\/2026\/04\/GOLPISTAS_Marcelo-CamargoAgencia-Brasil.jpg 1890w\" sizes=\"(max-width: 1024px) 100vw, 1024px\"><\/p>\n<p>O Congresso ter\u00e1 sess\u00e3o nesta quinta-feira (30) para avaliar o veto do presidente Luiz In\u00e1cio Lula da Silva ao PL da Dosimetria que pode reduzir penas de condenados pelos atos golpistas de 8 de janeiro de 2023, incluindo o ex-presidente Jair Bolsonaro e militares.<\/p>\n<p>Al\u00e9m dos golpistas, uma derrubada do veto beneficiaria condenados por crimes hediondos como traficantes, estupradores, milicianos e feminicidas, que teriam suas penas reduzidas.<\/p>\n<p>Para que o veto seja derrubado, s\u00e3o necess\u00e1rios 257 votos na C\u00e2mara e 41 no Senado.<\/p>\n<p>A l\u00edder do PCdoB na C\u00e2mara, deputada Jandira Feghali (RJ), convoca o n\u00e3o ao projeto da dosimetria, conhecido por reduzir penas e facilitar a progress\u00e3o de regime para os condenados por atentarem contra a democracia.<\/p>\n<p>Leia tamb\u00e9m: <a href=\"https:\/\/vermelho.org.br\/2026\/01\/08\/lula-veta-pl-da-dosimetria-e-diz-que-traidores-da-patria-foram-derrotados\/\">Lula veta PL da Dosimetria e diz que traidores da p\u00e1tria foram derrotados<\/a><\/p>\n<p>\u201cOs bolsonaristas defendem a derrubada, o que significaria beneficiar tamb\u00e9m chefes do crime organizado, estupradores, feminicidas e ped\u00f3filos. Dizemos n\u00e3o \u00e0 derrubada do veto\u201d, diz a l\u00edder.<\/p>\n<p>Para a deputada Enfermeira Rejane (PCdoB-RJ), o objetivo dos bolsonaristas \u00e9 claro: derrubar o veto para reduzir penas e facilitar a progress\u00e3o de regime para quem atentou contra a democracia.<\/p>\n<p>\u201cO agravante \u00e9 que, se esse veto cair, a medida vai beneficiar tamb\u00e9m criminosos hediondos, favorecendo diretamente chefes do crime organizado, estupradores, feminicidas e ped\u00f3filos. \u00c9 um verdadeiro pr\u00eamio para a impunidade! Nosso mandato est\u00e1 firme contra esse absurdo. Dizemos N\u00c3O \u00e0 derrubada do veto. Vamos juntos contra esse retrocesso. Pressione os parlamentares\u201d, postou a deputada na rede social.<\/p>\n<p>O deputado Renildo Calheiros (PCdoB-PE) diz que o PL da Dosimetria muda o artigo 112 da Lei de Execu\u00e7\u00e3o Penal, que passa a vigorar com o seguinte texto: \u201cA pena privativa de liberdade ser\u00e1 executada em forma progressiva com a transfer\u00eancia para regime menos rigorosos, a ser determinada pelo juiz, quando o preso tiver cumprido ao menos um sexto da pena no regime anterior e seu m\u00e9rito indicar a progress\u00e3o\u201d.<\/p>\n<p>\u201cEnt\u00e3o, se passar essa proposta, todos os condenados no Brasil ser\u00e3o beneficiados: chefes de crime organizado, estupradores, feminicidas, ped\u00f3filos e corruptos\u201d, adverte o deputado.<\/p>\n<p>O l\u00edder do PT na C\u00e2mara, Pedro Uczai (SC), convocou mobiliza\u00e7\u00e3o popular contra a derrubada. \u201cQuerem permitir que os condenados pela tentativa de golpe tenham sua pena reduzida. Isso \u00e9 muito grave! N\u00e3o vamos aceitar um passo para tr\u00e1s!\u201d, disse, em publica\u00e7\u00e3o nas redes.<\/p>\n<p>Caso o veto seja derrubado, partidos e entidades ainda poder\u00e3o recorrer ao Supremo Tribunal Federal (STF), que dever\u00e1 decidir sobre a legalidade da medida.<\/p>\n<p>O post <a href=\"https:\/\/vermelho.org.br\/2026\/04\/28\/veto-de-lula-ao-pl-da-dosimetria-impede-beneficio-ao-crime-dizem-deputadas\/\">Veto de Lula ao PL da Dosimetria impede benef\u00edcio ao crime, dizem deputadas<\/a> apareceu primeiro em <a href=\"https:\/\/vermelho.org.br\/\">Vermelho<\/a>.<\/p>\n<!-- Begin Yuzo --><div class='yuzo_related_post style-1'  data-version='5.12.89'><!-- without result --><div class='yuzo_clearfixed yuzo__title yuzo__title'><h3>Related Post<\/h3><\/div>\n\t\t\t\t\t\t  <div class=\"relatedthumb \" style=\"width:125px;float:left;overflow:hidden;\">  \n\t\t\t\t\t\t\t  \n\t\t\t\t\t\t\t  <a  href=\"https:\/\/redept.com.br\/blogosfera\/ministerio-publico-do-df-investiga-superfaturamento-de-r-6-milhoes-em-programacao-natalina-de-brasilia\/\"  >\n\t\t\t\t\t\t\t\t\t  <div class=\"yuzo-img-wrap \" style=\"width: 125px;height:90px;\">\n\t\t\t\t\t\t\t\t\t\t\n\t\t\t\t\t\t\t\t\t\t<div class=\"yuzo-img\" style=\"background:url('https:\/\/redept.org\/blogosfera\/wp-content\/plugins\/yuzo-related-post\/assets\/images\/default.png') 50% 50% no-repeat;width: 125px;height:90px;margin-bottom: 5px;background-size: cover; \"><\/div>\n\t\t\t\t\t\t\t\t\t  <\/div>\n\t\t\t\t\t\t\t\t\t  \n\t\t\t\t\t\t\t\t   <span class=\"yuzo__text--title\" style=\"font-size:13px;\">Minist\u00e9rio P\u00fablico do DF investiga superfaturament...<\/span>\n\t\t\t\t\t\t\t  \n\t\t\t\t\t\t\t  \n\t\t\t\t\t\t\t  <\/a>\n\n\t\t\t\t\t\t  <\/div>\n\t\t\t\t\t\t  <div class=\"relatedthumb \" style=\"width:125px;float:left;overflow:hidden;\">  \n\t\t\t\t\t\t\t  \n\t\t\t\t\t\t\t  <a  href=\"https:\/\/redept.com.br\/blogosfera\/apos-criticas-ao-bloqueio-de-ormuz-chanceleres-da-russia-e-da-china-se-reunem-em-pequim-e-discutem-cooperacao-estrategica\/\"  >\n\t\t\t\t\t\t\t\t\t  <div class=\"yuzo-img-wrap \" style=\"width: 125px;height:90px;\">\n\t\t\t\t\t\t\t\t\t\t\n\t\t\t\t\t\t\t\t\t\t<div class=\"yuzo-img\" style=\"background:url('https:\/\/redept.org\/blogosfera\/wp-content\/plugins\/yuzo-related-post\/assets\/images\/default.png') 50% 50% no-repeat;width: 125px;height:90px;margin-bottom: 5px;background-size: cover; \"><\/div>\n\t\t\t\t\t\t\t\t\t  <\/div>\n\t\t\t\t\t\t\t\t\t  \n\t\t\t\t\t\t\t\t   <span class=\"yuzo__text--title\" style=\"font-size:13px;\">Ap\u00f3s cr\u00edticas ao bloqueio de Ormuz, chanceleres da...<\/span>\n\t\t\t\t\t\t\t  \n\t\t\t\t\t\t\t  \n\t\t\t\t\t\t\t  <\/a>\n\n\t\t\t\t\t\t  <\/div>\n\t\t\t\t\t\t  <div class=\"relatedthumb \" style=\"width:125px;float:left;overflow:hidden;\">  \n\t\t\t\t\t\t\t  \n\t\t\t\t\t\t\t  <a  href=\"https:\/\/redept.com.br\/blogosfera\/centenas-de-criancas-e-adolescentes-participam-de-mostra-de-arte-na-apa-aldeia-beberibe\/\"  >\n\t\t\t\t\t\t\t\t\t  <div class=\"yuzo-img-wrap \" style=\"width: 125px;height:90px;\">\n\t\t\t\t\t\t\t\t\t\t\n\t\t\t\t\t\t\t\t\t\t<div class=\"yuzo-img\" style=\"background:url('https:\/\/redept.org\/blogosfera\/wp-content\/plugins\/yuzo-related-post\/assets\/images\/default.png') 50% 50% no-repeat;width: 125px;height:90px;margin-bottom: 5px;background-size: cover; \"><\/div>\n\t\t\t\t\t\t\t\t\t  <\/div>\n\t\t\t\t\t\t\t\t\t  \n\t\t\t\t\t\t\t\t   <span class=\"yuzo__text--title\" style=\"font-size:13px;\">Centenas de crian\u00e7as e adolescentes participam de ...<\/span>\n\t\t\t\t\t\t\t  \n\t\t\t\t\t\t\t  \n\t\t\t\t\t\t\t  <\/a>\n\n\t\t\t\t\t\t  <\/div>\n\t\t\t\t\t\t  <div class=\"relatedthumb \" style=\"width:125px;float:left;overflow:hidden;\">  \n\t\t\t\t\t\t\t  \n\t\t\t\t\t\t\t  <a  href=\"https:\/\/redept.com.br\/blogosfera\/macron-isolado-apos-queda-de-bayrou-e-crise-politica-na-franca\/\"  >\n\t\t\t\t\t\t\t\t\t  <div class=\"yuzo-img-wrap \" style=\"width: 125px;height:90px;\">\n\t\t\t\t\t\t\t\t\t\t\n\t\t\t\t\t\t\t\t\t\t<div class=\"yuzo-img\" style=\"background:url('https:\/\/redept.com.br\/blogosfera\/wp-content\/uploads\/2025\/09\/4aec4e21-b8eb-4677-a555-178e26becc51-150x150.jpg') 50% 50% no-repeat;width: 125px;height:90px;margin-bottom: 5px;background-size: cover; \"><\/div>\n\t\t\t\t\t\t\t\t\t  <\/div>\n\t\t\t\t\t\t\t\t\t  \n\t\t\t\t\t\t\t\t   <span class=\"yuzo__text--title\" style=\"font-size:13px;\">Macron isolado ap\u00f3s queda de Bayrou e crise pol\u00edti...<\/span>\n\t\t\t\t\t\t\t  \n\t\t\t\t\t\t\t  \n\t\t\t\t\t\t\t  <\/a>\n\n\t\t\t\t\t\t  <\/div>\n<\/div> <script>\n\t\t\t\t\t\t  jQuery(document).ready(function( $ ){\n\t\t\t\t\t\t\t\/\/jQuery('.yuzo_related_post').equalizer({ overflow : 'relatedthumb' });\n\t\t\t\t\t\t\tjQuery('.yuzo_related_post .yuzo_wraps').equalizer({ columns : '> div' });\n\t\t\t\t\t\t   })\n\t\t\t\t\t\t  <\/script> <!-- End Yuzo :) -->","protected":false},"excerpt":{"rendered":"<p>O Congresso ter\u00e1 sess\u00e3o nesta quinta-feira (30) para avaliar o veto do presidente Luiz In\u00e1cio Lula da Silva ao PL da Dosimetria que pode reduzir penas de condenados pelos atos golpistas de 8 de janeiro de 2023, incluindo o ex-presidente Jair Bolsonaro e militares. Al\u00e9m dos golpistas, uma derrubada do veto beneficiaria condenados por crimes [&hellip;]<\/p>\n","protected":false},"author":2,"featured_media":0,"comment_status":"open","ping_status":"closed","sticky":false,"template":"","format":"standard","meta":{"fifu_image_url":"","fifu_image_alt":"","footnotes":""},"categories":[1620,27229,20752,132,52529,893],"tags":[],"class_list":["post-85204","post","type-post","status-publish","format-standard","hentry","category-congresso","category-crime-hediondo","category-pl-da-dosimetria","category-politica","category-veto-de-lula","category-votacao"],"_links":{"self":[{"href":"https:\/\/redept.com.br\/blogosfera\/wp-json\/wp\/v2\/posts\/85204","targetHints":{"allow":["GET"]}}],"collection":[{"href":"https:\/\/redept.com.br\/blogosfera\/wp-json\/wp\/v2\/posts"}],"about":[{"href":"https:\/\/redept.com.br\/blogosfera\/wp-json\/wp\/v2\/types\/post"}],"author":[{"embeddable":true,"href":"https:\/\/redept.com.br\/blogosfera\/wp-json\/wp\/v2\/users\/2"}],"replies":[{"embeddable":true,"href":"https:\/\/redept.com.br\/blogosfera\/wp-json\/wp\/v2\/comments?post=85204"}],"version-history":[{"count":0,"href":"https:\/\/redept.com.br\/blogosfera\/wp-json\/wp\/v2\/posts\/85204\/revisions"}],"wp:attachment":[{"href":"https:\/\/redept.com.br\/blogosfera\/wp-json\/wp\/v2\/media?parent=85204"}],"wp:term":[{"taxonomy":"category","embeddable":true,"href":"https:\/\/redept.com.br\/blogosfera\/wp-json\/wp\/v2\/categories?post=85204"},{"taxonomy":"post_tag","embeddable":true,"href":"https:\/\/redept.com.br\/blogosfera\/wp-json\/wp\/v2\/tags?post=85204"}],"curies":[{"name":"wp","href":"https:\/\/api.w.org\/{rel}","templated":true}]}}