{"id":85207,"date":"2026-04-28T20:04:45","date_gmt":"2026-04-28T23:04:45","guid":{"rendered":"https:\/\/redept.com.br\/blogosfera\/tenho-forca-e-energia-para-continuar-benedita-celebra-aniversario-reafirmando-compromisso-com-o-pt\/"},"modified":"2026-04-28T20:04:45","modified_gmt":"2026-04-28T23:04:45","slug":"tenho-forca-e-energia-para-continuar-benedita-celebra-aniversario-reafirmando-compromisso-com-o-pt","status":"publish","type":"post","link":"https:\/\/redept.com.br\/blogosfera\/tenho-forca-e-energia-para-continuar-benedita-celebra-aniversario-reafirmando-compromisso-com-o-pt\/","title":{"rendered":"\u201cTenho for\u00e7a e energia para continuar\u201d: Benedita celebra anivers\u00e1rio reafirmando compromisso com o PT"},"content":{"rendered":"<p>A deputada federal\u00a0Benedita da Silva\u00a0marcou seu anivers\u00e1rio em meio \u00e0s atividades do 8\u00ba Congresso Nacional do Partido dos Trabalhadores reafirmando sua trajet\u00f3ria e seu compromisso com o partido. Em uma das falas mais simb\u00f3licas do encontro, Benedita sintetizou sua posi\u00e7\u00e3o com uma declara\u00e7\u00e3o direta: \u201cEu tenho for\u00e7a e energia para continuar nesse partido\u201d.<\/p>\n<p>A fala veio acompanhada de um balan\u00e7o pessoal e pol\u00edtico. \u201cA minha vida est\u00e1 ligada a esse partido\u201d, afirmou, ao destacar a rela\u00e7\u00e3o constru\u00edda ao longo de d\u00e9cadas com a milit\u00e2ncia e com os processos de transforma\u00e7\u00e3o social impulsionados pela legenda.<\/p>\n<p>Ao longo de sua interven\u00e7\u00e3o, Benedita tamb\u00e9m valorizou o papel coletivo do PT. \u201cEsse partido tem hist\u00f3ria, tem luta e tem compromisso com o povo brasileiro\u201d, disse, refor\u00e7ando a centralidade da organiza\u00e7\u00e3o popular na constru\u00e7\u00e3o pol\u00edtica da sigla.<\/p>\n<p>O momento, marcado pela coincid\u00eancia com seu anivers\u00e1rio, ganhou contornos simb\u00f3licos ao reunir trajet\u00f3ria pessoal e milit\u00e2ncia. \u201cEu continuo acreditando nesse projeto\u201d, afirmou, ao defender a perman\u00eancia ativa no debate pol\u00edtico e a continuidade das a\u00e7\u00f5es do partido.<\/p>\n<p>A deputada tamb\u00e9m fez refer\u00eancia ao cen\u00e1rio atual e aos desafios do pr\u00f3ximo per\u00edodo. Para ela, o fortalecimento do partido passa pela capacidade de manter o di\u00e1logo com a sociedade e reafirmar seus compromissos hist\u00f3ricos. \u201cA gente precisa continuar lutando, continuar organizando o povo\u201d, disse.<\/p>\n<!-- Begin Yuzo --><div class='yuzo_related_post style-1'  data-version='5.12.89'><!-- without result --><div class='yuzo_clearfixed yuzo__title yuzo__title'><h3>Related Post<\/h3><\/div>\n\t\t\t\t\t\t  <div class=\"relatedthumb \" style=\"width:125px;float:left;overflow:hidden;\">  \n\t\t\t\t\t\t\t  \n\t\t\t\t\t\t\t  <a  href=\"https:\/\/redept.com.br\/blogosfera\/a-amazonia-que-chega-a-belem-para-cobrar-justica-climatica\/\"  >\n\t\t\t\t\t\t\t\t\t  <div class=\"yuzo-img-wrap \" style=\"width: 125px;height:90px;\">\n\t\t\t\t\t\t\t\t\t\t\n\t\t\t\t\t\t\t\t\t\t<div class=\"yuzo-img\" style=\"background:url('https:\/\/redept.org\/blogosfera\/wp-content\/plugins\/yuzo-related-post\/assets\/images\/default.png') 50% 50% no-repeat;width: 125px;height:90px;margin-bottom: 5px;background-size: cover; \"><\/div>\n\t\t\t\t\t\t\t\t\t  <\/div>\n\t\t\t\t\t\t\t\t\t  \n\t\t\t\t\t\t\t\t   <span class=\"yuzo__text--title\" style=\"font-size:13px;\">A Amaz\u00f4nia que chega a Bel\u00e9m para cobrar justi\u00e7a c...<\/span>\n\t\t\t\t\t\t\t  \n\t\t\t\t\t\t\t  \n\t\t\t\t\t\t\t  <\/a>\n\n\t\t\t\t\t\t  <\/div>\n\t\t\t\t\t\t  <div class=\"relatedthumb \" style=\"width:125px;float:left;overflow:hidden;\">  \n\t\t\t\t\t\t\t  \n\t\t\t\t\t\t\t  <a  href=\"https:\/\/redept.com.br\/blogosfera\/peru-presidente-dina-boluarte-falta-a-depoimento-sobre-casos-de-corrupcao-em-seu-governo\/\"  >\n\t\t\t\t\t\t\t\t\t  <div class=\"yuzo-img-wrap \" style=\"width: 125px;height:90px;\">\n\t\t\t\t\t\t\t\t\t\t\n\t\t\t\t\t\t\t\t\t\t<div class=\"yuzo-img\" style=\"background:url('https:\/\/redept.com.br\/blogosfera\/wp-content\/uploads\/2025\/02\/dina-150x150.jpg') 50% 50% no-repeat;width: 125px;height:90px;margin-bottom: 5px;background-size: cover; \"><\/div>\n\t\t\t\t\t\t\t\t\t  <\/div>\n\t\t\t\t\t\t\t\t\t  \n\t\t\t\t\t\t\t\t   <span class=\"yuzo__text--title\" style=\"font-size:13px;\">Peru: presidente Dina Boluarte falta a depoimento ...<\/span>\n\t\t\t\t\t\t\t  \n\t\t\t\t\t\t\t  \n\t\t\t\t\t\t\t  <\/a>\n\n\t\t\t\t\t\t  <\/div>\n\t\t\t\t\t\t  <div class=\"relatedthumb \" style=\"width:125px;float:left;overflow:hidden;\">  \n\t\t\t\t\t\t\t  \n\t\t\t\t\t\t\t  <a  href=\"https:\/\/redept.com.br\/blogosfera\/moscou-sofre-ataque-da-ucrania-horas-antes-a-chegada-de-lula-e-xi-jinping\/\"  >\n\t\t\t\t\t\t\t\t\t  <div class=\"yuzo-img-wrap \" style=\"width: 125px;height:90px;\">\n\t\t\t\t\t\t\t\t\t\t\n\t\t\t\t\t\t\t\t\t\t<div class=\"yuzo-img\" style=\"background:url('https:\/\/redept.org\/blogosfera\/wp-content\/plugins\/yuzo-related-post\/assets\/images\/default.png') 50% 50% no-repeat;width: 125px;height:90px;margin-bottom: 5px;background-size: cover; \"><\/div>\n\t\t\t\t\t\t\t\t\t  <\/div>\n\t\t\t\t\t\t\t\t\t  \n\t\t\t\t\t\t\t\t   <span class=\"yuzo__text--title\" style=\"font-size:13px;\">Moscou sofre ataque da Ucr\u00e2nia horas antes a chega...<\/span>\n\t\t\t\t\t\t\t  \n\t\t\t\t\t\t\t  \n\t\t\t\t\t\t\t  <\/a>\n\n\t\t\t\t\t\t  <\/div>\n\t\t\t\t\t\t  <div class=\"relatedthumb \" style=\"width:125px;float:left;overflow:hidden;\">  \n\t\t\t\t\t\t\t  \n\t\t\t\t\t\t\t  <a  href=\"https:\/\/redept.com.br\/blogosfera\/ex-agu-confirma-ao-stf-consulta-de-bolsonaro-para-reverter-urnas\/\"  >\n\t\t\t\t\t\t\t\t\t  <div class=\"yuzo-img-wrap \" style=\"width: 125px;height:90px;\">\n\t\t\t\t\t\t\t\t\t\t\n\t\t\t\t\t\t\t\t\t\t<div class=\"yuzo-img\" style=\"background:url('https:\/\/redept.org\/blogosfera\/wp-content\/plugins\/yuzo-related-post\/assets\/images\/default.png') 50% 50% no-repeat;width: 125px;height:90px;margin-bottom: 5px;background-size: cover; \"><\/div>\n\t\t\t\t\t\t\t\t\t  <\/div>\n\t\t\t\t\t\t\t\t\t  \n\t\t\t\t\t\t\t\t   <span class=\"yuzo__text--title\" style=\"font-size:13px;\">Ex-AGU confirma ao STF consulta de Bolsonaro para ...<\/span>\n\t\t\t\t\t\t\t  \n\t\t\t\t\t\t\t  \n\t\t\t\t\t\t\t  <\/a>\n\n\t\t\t\t\t\t  <\/div>\n<\/div> <script>\n\t\t\t\t\t\t  jQuery(document).ready(function( $ ){\n\t\t\t\t\t\t\t\/\/jQuery('.yuzo_related_post').equalizer({ overflow : 'relatedthumb' });\n\t\t\t\t\t\t\tjQuery('.yuzo_related_post .yuzo_wraps').equalizer({ columns : '> div' });\n\t\t\t\t\t\t   })\n\t\t\t\t\t\t  <\/script> <!-- End Yuzo :) -->","protected":false},"excerpt":{"rendered":"<p>A deputada federal\u00a0Benedita da Silva\u00a0marcou seu anivers\u00e1rio em meio \u00e0s atividades do 8\u00ba Congresso Nacional do Partido dos Trabalhadores reafirmando sua trajet\u00f3ria e seu compromisso com o partido. Em uma das falas mais simb\u00f3licas do encontro, Benedita sintetizou sua posi\u00e7\u00e3o com uma declara\u00e7\u00e3o direta: \u201cEu tenho for\u00e7a e energia para continuar nesse partido\u201d. A fala [&hellip;]<\/p>\n","protected":false},"author":2,"featured_media":0,"comment_status":"open","ping_status":"closed","sticky":false,"template":"","format":"standard","meta":{"fifu_image_url":"","fifu_image_alt":"","footnotes":""},"categories":[8620],"tags":[],"class_list":["post-85207","post","type-post","status-publish","format-standard","hentry","category-noticia"],"_links":{"self":[{"href":"https:\/\/redept.com.br\/blogosfera\/wp-json\/wp\/v2\/posts\/85207","targetHints":{"allow":["GET"]}}],"collection":[{"href":"https:\/\/redept.com.br\/blogosfera\/wp-json\/wp\/v2\/posts"}],"about":[{"href":"https:\/\/redept.com.br\/blogosfera\/wp-json\/wp\/v2\/types\/post"}],"author":[{"embeddable":true,"href":"https:\/\/redept.com.br\/blogosfera\/wp-json\/wp\/v2\/users\/2"}],"replies":[{"embeddable":true,"href":"https:\/\/redept.com.br\/blogosfera\/wp-json\/wp\/v2\/comments?post=85207"}],"version-history":[{"count":0,"href":"https:\/\/redept.com.br\/blogosfera\/wp-json\/wp\/v2\/posts\/85207\/revisions"}],"wp:attachment":[{"href":"https:\/\/redept.com.br\/blogosfera\/wp-json\/wp\/v2\/media?parent=85207"}],"wp:term":[{"taxonomy":"category","embeddable":true,"href":"https:\/\/redept.com.br\/blogosfera\/wp-json\/wp\/v2\/categories?post=85207"},{"taxonomy":"post_tag","embeddable":true,"href":"https:\/\/redept.com.br\/blogosfera\/wp-json\/wp\/v2\/tags?post=85207"}],"curies":[{"name":"wp","href":"https:\/\/api.w.org\/{rel}","templated":true}]}}