{"id":85208,"date":"2026-04-28T20:30:02","date_gmt":"2026-04-28T23:30:02","guid":{"rendered":"https:\/\/redept.com.br\/blogosfera\/nao-podemos-considerar-retrocesso-haddad-alerta-para-disputa-em-2026\/"},"modified":"2026-04-28T20:30:02","modified_gmt":"2026-04-28T23:30:02","slug":"nao-podemos-considerar-retrocesso-haddad-alerta-para-disputa-em-2026","status":"publish","type":"post","link":"https:\/\/redept.com.br\/blogosfera\/nao-podemos-considerar-retrocesso-haddad-alerta-para-disputa-em-2026\/","title":{"rendered":"\u201cN\u00e3o podemos considerar retrocesso\u201d: Haddad alerta para disputa em 2026"},"content":{"rendered":"<p>O ministro da Fazenda\u00a0Fernando Haddad\u00a0afirmou que o campo democr\u00e1tico n\u00e3o pode trabalhar com a possibilidade de derrota nas elei\u00e7\u00f5es de 2026 e alertou para a necessidade de mobiliza\u00e7\u00e3o pol\u00edtica diante do cen\u00e1rio de disputa. \u201cN\u00e3o podemos considerar a hip\u00f3tese de um retrocesso em outubro\u201d, disse, ao tratar do momento pol\u00edtico durante as discuss\u00f5es ligadas ao 8\u00ba Congresso Nacional do Partido dos Trabalhadores.<\/p>\n<p>Segundo Haddad, a elei\u00e7\u00e3o ser\u00e1 decisiva para definir a continuidade ou a interrup\u00e7\u00e3o das pol\u00edticas em curso. \u201cEst\u00e1 em jogo o que foi reconstru\u00eddo at\u00e9 aqui\u201d, afirmou, ao defender que o debate eleitoral deve ser conduzido a partir dos resultados e das propostas para o pa\u00eds.<\/p>\n<h4>Disputa exige mobiliza\u00e7\u00e3o e clareza de projeto<\/h4>\n<p>Ao longo de sua fala, o ministro destacou que o cen\u00e1rio exige organiza\u00e7\u00e3o e capacidade de comunica\u00e7\u00e3o. \u201cA gente precisa mostrar o que foi feito e o que ainda precisa ser feito\u201d, disse, ao apontar a import\u00e2ncia de dialogar com a popula\u00e7\u00e3o a partir de dados concretos e propostas.<\/p>\n<p>Haddad tamb\u00e9m ressaltou que a disputa n\u00e3o se limita ao campo econ\u00f4mico. \u201c\u00c9 uma disputa de projeto de pa\u00eds\u201d, afirmou, ao indicar que o enfrentamento com a extrema direita envolve dimens\u00f5es pol\u00edticas, sociais e institucionais.<\/p>\n<p>Para o ministro, o momento exige coes\u00e3o e estrat\u00e9gia. \u201cN\u00e3o d\u00e1 para subestimar o que est\u00e1 em jogo\u201d, disse, ao refor\u00e7ar a necessidade de articula\u00e7\u00e3o entre governo, partido e base social para sustentar um novo ciclo de desenvolvimento.<\/p>\n<!-- Begin Yuzo --><div class='yuzo_related_post style-1'  data-version='5.12.89'><!-- without result --><div class='yuzo_clearfixed yuzo__title yuzo__title'><h3>Related Post<\/h3><\/div>\n\t\t\t\t\t\t  <div class=\"relatedthumb \" style=\"width:125px;float:left;overflow:hidden;\">  \n\t\t\t\t\t\t\t  \n\t\t\t\t\t\t\t  <a  href=\"https:\/\/redept.com.br\/blogosfera\/acolhimento-e-respeito-conheca-o-ambulatorio-trans-do-sus-do-df\/\"  >\n\t\t\t\t\t\t\t\t\t  <div class=\"yuzo-img-wrap \" style=\"width: 125px;height:90px;\">\n\t\t\t\t\t\t\t\t\t\t\n\t\t\t\t\t\t\t\t\t\t<div class=\"yuzo-img\" style=\"background:url('https:\/\/redept.org\/blogosfera\/wp-content\/plugins\/yuzo-related-post\/assets\/images\/default.png') 50% 50% no-repeat;width: 125px;height:90px;margin-bottom: 5px;background-size: cover; \"><\/div>\n\t\t\t\t\t\t\t\t\t  <\/div>\n\t\t\t\t\t\t\t\t\t  \n\t\t\t\t\t\t\t\t   <span class=\"yuzo__text--title\" style=\"font-size:13px;\">Acolhimento e respeito: conhe\u00e7a o Ambulat\u00f3rio Tran...<\/span>\n\t\t\t\t\t\t\t  \n\t\t\t\t\t\t\t  \n\t\t\t\t\t\t\t  <\/a>\n\n\t\t\t\t\t\t  <\/div>\n\t\t\t\t\t\t  <div class=\"relatedthumb \" style=\"width:125px;float:left;overflow:hidden;\">  \n\t\t\t\t\t\t\t  \n\t\t\t\t\t\t\t  <a  href=\"https:\/\/redept.com.br\/blogosfera\/russia-agradece-a-coreia-do-norte-por-envio-de-soldados-a-kursk-lutaram-ombro-a-ombro-conosco\/\"  >\n\t\t\t\t\t\t\t\t\t  <div class=\"yuzo-img-wrap \" style=\"width: 125px;height:90px;\">\n\t\t\t\t\t\t\t\t\t\t\n\t\t\t\t\t\t\t\t\t\t<div class=\"yuzo-img\" style=\"background:url('https:\/\/redept.com.br\/blogosfera\/wp-content\/uploads\/2025\/04\/kcna-150x150.jpg') 50% 50% no-repeat;width: 125px;height:90px;margin-bottom: 5px;background-size: cover; \"><\/div>\n\t\t\t\t\t\t\t\t\t  <\/div>\n\t\t\t\t\t\t\t\t\t  \n\t\t\t\t\t\t\t\t   <span class=\"yuzo__text--title\" style=\"font-size:13px;\">R\u00fassia agradece a Coreia do Norte por envio de sol...<\/span>\n\t\t\t\t\t\t\t  \n\t\t\t\t\t\t\t  \n\t\t\t\t\t\t\t  <\/a>\n\n\t\t\t\t\t\t  <\/div>\n\t\t\t\t\t\t  <div class=\"relatedthumb \" style=\"width:125px;float:left;overflow:hidden;\">  \n\t\t\t\t\t\t\t  \n\t\t\t\t\t\t\t  <a  href=\"https:\/\/redept.com.br\/blogosfera\/pobreza-tema-esquecido-pela-esquerda\/\"  >\n\t\t\t\t\t\t\t\t\t  <div class=\"yuzo-img-wrap \" style=\"width: 125px;height:90px;\">\n\t\t\t\t\t\t\t\t\t\t\n\t\t\t\t\t\t\t\t\t\t<div class=\"yuzo-img\" style=\"background:url('https:\/\/redept.com.br\/blogosfera\/wp-content\/uploads\/2025\/06\/canvas-150x150.jpg') 50% 50% no-repeat;width: 125px;height:90px;margin-bottom: 5px;background-size: cover; \"><\/div>\n\t\t\t\t\t\t\t\t\t  <\/div>\n\t\t\t\t\t\t\t\t\t  \n\t\t\t\t\t\t\t\t   <span class=\"yuzo__text--title\" style=\"font-size:13px;\">Pobreza, tema esquecido pela esquerda?<\/span>\n\t\t\t\t\t\t\t  \n\t\t\t\t\t\t\t  \n\t\t\t\t\t\t\t  <\/a>\n\n\t\t\t\t\t\t  <\/div>\n\t\t\t\t\t\t  <div class=\"relatedthumb \" style=\"width:125px;float:left;overflow:hidden;\">  \n\t\t\t\t\t\t\t  \n\t\t\t\t\t\t\t  <a  href=\"https:\/\/redept.com.br\/blogosfera\/o-que-e-noticia-no-jornal-tvt-news-primeira-edicao-08-10-2025\/\"  >\n\t\t\t\t\t\t\t\t\t  <div class=\"yuzo-img-wrap \" style=\"width: 125px;height:90px;\">\n\t\t\t\t\t\t\t\t\t\t\n\t\t\t\t\t\t\t\t\t\t<div class=\"yuzo-img\" style=\"background:url('https:\/\/redept.com.br\/blogosfera\/wp-content\/uploads\/2025\/10\/jornal_tvt_news-9-150x150.jpeg') 50% 50% no-repeat;width: 125px;height:90px;margin-bottom: 5px;background-size: cover; \"><\/div>\n\t\t\t\t\t\t\t\t\t  <\/div>\n\t\t\t\t\t\t\t\t\t  \n\t\t\t\t\t\t\t\t   <span class=\"yuzo__text--title\" style=\"font-size:13px;\">O que \u00e9 not\u00edcia no Jornal TVT News Primeira Edi\u00e7\u00e3o...<\/span>\n\t\t\t\t\t\t\t  \n\t\t\t\t\t\t\t  \n\t\t\t\t\t\t\t  <\/a>\n\n\t\t\t\t\t\t  <\/div>\n<\/div> <script>\n\t\t\t\t\t\t  jQuery(document).ready(function( $ ){\n\t\t\t\t\t\t\t\/\/jQuery('.yuzo_related_post').equalizer({ overflow : 'relatedthumb' });\n\t\t\t\t\t\t\tjQuery('.yuzo_related_post .yuzo_wraps').equalizer({ columns : '> div' });\n\t\t\t\t\t\t   })\n\t\t\t\t\t\t  <\/script> <!-- End Yuzo :) -->","protected":false},"excerpt":{"rendered":"<p>O ministro da Fazenda\u00a0Fernando Haddad\u00a0afirmou que o campo democr\u00e1tico n\u00e3o pode trabalhar com a possibilidade de derrota nas elei\u00e7\u00f5es de 2026 e alertou para a necessidade de mobiliza\u00e7\u00e3o pol\u00edtica diante do cen\u00e1rio de disputa. \u201cN\u00e3o podemos considerar a hip\u00f3tese de um retrocesso em outubro\u201d, disse, ao tratar do momento pol\u00edtico durante as discuss\u00f5es ligadas ao [&hellip;]<\/p>\n","protected":false},"author":2,"featured_media":0,"comment_status":"open","ping_status":"closed","sticky":false,"template":"","format":"standard","meta":{"fifu_image_url":"","fifu_image_alt":"","footnotes":""},"categories":[8620],"tags":[],"class_list":["post-85208","post","type-post","status-publish","format-standard","hentry","category-noticia"],"_links":{"self":[{"href":"https:\/\/redept.com.br\/blogosfera\/wp-json\/wp\/v2\/posts\/85208","targetHints":{"allow":["GET"]}}],"collection":[{"href":"https:\/\/redept.com.br\/blogosfera\/wp-json\/wp\/v2\/posts"}],"about":[{"href":"https:\/\/redept.com.br\/blogosfera\/wp-json\/wp\/v2\/types\/post"}],"author":[{"embeddable":true,"href":"https:\/\/redept.com.br\/blogosfera\/wp-json\/wp\/v2\/users\/2"}],"replies":[{"embeddable":true,"href":"https:\/\/redept.com.br\/blogosfera\/wp-json\/wp\/v2\/comments?post=85208"}],"version-history":[{"count":0,"href":"https:\/\/redept.com.br\/blogosfera\/wp-json\/wp\/v2\/posts\/85208\/revisions"}],"wp:attachment":[{"href":"https:\/\/redept.com.br\/blogosfera\/wp-json\/wp\/v2\/media?parent=85208"}],"wp:term":[{"taxonomy":"category","embeddable":true,"href":"https:\/\/redept.com.br\/blogosfera\/wp-json\/wp\/v2\/categories?post=85208"},{"taxonomy":"post_tag","embeddable":true,"href":"https:\/\/redept.com.br\/blogosfera\/wp-json\/wp\/v2\/tags?post=85208"}],"curies":[{"name":"wp","href":"https:\/\/api.w.org\/{rel}","templated":true}]}}