{"id":85210,"date":"2026-04-28T20:23:33","date_gmt":"2026-04-28T23:23:33","guid":{"rendered":"https:\/\/redept.com.br\/blogosfera\/grafite-e-pixo-exposicao-entre-muros-ocupa-galeria-da-ufpr-com-arte-das-ruas\/"},"modified":"2026-04-28T20:23:33","modified_gmt":"2026-04-28T23:23:33","slug":"grafite-e-pixo-exposicao-entre-muros-ocupa-galeria-da-ufpr-com-arte-das-ruas","status":"publish","type":"post","link":"https:\/\/redept.com.br\/blogosfera\/grafite-e-pixo-exposicao-entre-muros-ocupa-galeria-da-ufpr-com-arte-das-ruas\/","title":{"rendered":"Grafite e pixo, exposi\u00e7\u00e3o Entre Muros ocupa galeria da UFPR com arte das ruas"},"content":{"rendered":"<p>A Galeria DeArtes, da Universidade Federal do Paran\u00e1 (UFPR), estar\u00e1 aberta nesta quarta-feira (29) para uma ocupa\u00e7\u00e3o que coloca a arte marginal no centro de um dos espa\u00e7os institucionais mais tradicionais do pa\u00eds. Batizada de Entre Muros, a exposi\u00e7\u00e3o apresenta grafite, pixo, muralismo e outras express\u00f5es de arte urbana dentro da universidade, em pleno bairro [\u2026]<\/p>\n<p><a href=\"https:\/\/www.brasildefato.com.br\/2026\/04\/28\/grafite-e-pixo-exposicao-entre-muros-ocupa-galeria-da-ufpr-com-arte-das-ruas\/\" rel=\"nofollow\">Fonte<\/a><\/p>\n<!-- Begin Yuzo --><div class='yuzo_related_post style-1'  data-version='5.12.89'><!-- without result --><div class='yuzo_clearfixed yuzo__title yuzo__title'><h3>Related Post<\/h3><\/div>\n\t\t\t\t\t\t  <div class=\"relatedthumb \" style=\"width:125px;float:left;overflow:hidden;\">  \n\t\t\t\t\t\t\t  \n\t\t\t\t\t\t\t  <a  href=\"https:\/\/redept.com.br\/blogosfera\/por-que-os-palestinos-estao-vencendo-a-guerra-da-legitimidade\/\"  >\n\t\t\t\t\t\t\t\t\t  <div class=\"yuzo-img-wrap \" style=\"width: 125px;height:90px;\">\n\t\t\t\t\t\t\t\t\t\t\n\t\t\t\t\t\t\t\t\t\t<div class=\"yuzo-img\" style=\"background:url('https:\/\/redept.com.br\/blogosfera\/wp-content\/uploads\/2024\/10\/118498461_gettyimages-1074110938.jpg-150x150.webp') 50% 50% no-repeat;width: 125px;height:90px;margin-bottom: 5px;background-size: cover; \"><\/div>\n\t\t\t\t\t\t\t\t\t  <\/div>\n\t\t\t\t\t\t\t\t\t  \n\t\t\t\t\t\t\t\t   <span class=\"yuzo__text--title\" style=\"font-size:13px;\">Por que os palestinos est\u00e3o vencendo a guerra da l...<\/span>\n\t\t\t\t\t\t\t  \n\t\t\t\t\t\t\t  \n\t\t\t\t\t\t\t  <\/a>\n\n\t\t\t\t\t\t  <\/div>\n\t\t\t\t\t\t  <div class=\"relatedthumb \" style=\"width:125px;float:left;overflow:hidden;\">  \n\t\t\t\t\t\t\t  \n\t\t\t\t\t\t\t  <a  href=\"https:\/\/redept.com.br\/blogosfera\/eua-revogam-licencas-para-petroleiras-atuarem-na-venezuela-2\/\"  >\n\t\t\t\t\t\t\t\t\t  <div class=\"yuzo-img-wrap \" style=\"width: 125px;height:90px;\">\n\t\t\t\t\t\t\t\t\t\t\n\t\t\t\t\t\t\t\t\t\t<div class=\"yuzo-img\" style=\"background:url('https:\/\/redept.org\/blogosfera\/wp-content\/plugins\/yuzo-related-post\/assets\/images\/default.png') 50% 50% no-repeat;width: 125px;height:90px;margin-bottom: 5px;background-size: cover; \"><\/div>\n\t\t\t\t\t\t\t\t\t  <\/div>\n\t\t\t\t\t\t\t\t\t  \n\t\t\t\t\t\t\t\t   <span class=\"yuzo__text--title\" style=\"font-size:13px;\">EUA revogam licen\u00e7as para petroleiras atuarem na V...<\/span>\n\t\t\t\t\t\t\t  \n\t\t\t\t\t\t\t  \n\t\t\t\t\t\t\t  <\/a>\n\n\t\t\t\t\t\t  <\/div>\n\t\t\t\t\t\t  <div class=\"relatedthumb \" style=\"width:125px;float:left;overflow:hidden;\">  \n\t\t\t\t\t\t\t  \n\t\t\t\t\t\t\t  <a  href=\"https:\/\/redept.com.br\/blogosfera\/painel-do-casb-apresenta-pesquisa-as-classes-trabalhadoras-e-a-democracia\/\"  >\n\t\t\t\t\t\t\t\t\t  <div class=\"yuzo-img-wrap \" style=\"width: 125px;height:90px;\">\n\t\t\t\t\t\t\t\t\t\t\n\t\t\t\t\t\t\t\t\t\t<div class=\"yuzo-img\" style=\"background:url('https:\/\/redept.org\/blogosfera\/wp-content\/plugins\/yuzo-related-post\/assets\/images\/default.png') 50% 50% no-repeat;width: 125px;height:90px;margin-bottom: 5px;background-size: cover; \"><\/div>\n\t\t\t\t\t\t\t\t\t  <\/div>\n\t\t\t\t\t\t\t\t\t  \n\t\t\t\t\t\t\t\t   <span class=\"yuzo__text--title\" style=\"font-size:13px;\">Painel do Casb apresenta pesquisa \u2018As classes trab...<\/span>\n\t\t\t\t\t\t\t  \n\t\t\t\t\t\t\t  \n\t\t\t\t\t\t\t  <\/a>\n\n\t\t\t\t\t\t  <\/div>\n\t\t\t\t\t\t  <div class=\"relatedthumb \" style=\"width:125px;float:left;overflow:hidden;\">  \n\t\t\t\t\t\t\t  \n\t\t\t\t\t\t\t  <a  href=\"https:\/\/redept.com.br\/blogosfera\/eleicao-direta-e-exercicio-de-cidadania-diz-cientista-politica-sobre-impasse-no-governo-do-rj\/\"  >\n\t\t\t\t\t\t\t\t\t  <div class=\"yuzo-img-wrap \" style=\"width: 125px;height:90px;\">\n\t\t\t\t\t\t\t\t\t\t\n\t\t\t\t\t\t\t\t\t\t<div class=\"yuzo-img\" style=\"background:url('https:\/\/redept.org\/blogosfera\/wp-content\/plugins\/yuzo-related-post\/assets\/images\/default.png') 50% 50% no-repeat;width: 125px;height:90px;margin-bottom: 5px;background-size: cover; \"><\/div>\n\t\t\t\t\t\t\t\t\t  <\/div>\n\t\t\t\t\t\t\t\t\t  \n\t\t\t\t\t\t\t\t   <span class=\"yuzo__text--title\" style=\"font-size:13px;\">\u2018Elei\u00e7\u00e3o direta \u00e9 exerc\u00edcio de cidadania\u2019, diz cie...<\/span>\n\t\t\t\t\t\t\t  \n\t\t\t\t\t\t\t  \n\t\t\t\t\t\t\t  <\/a>\n\n\t\t\t\t\t\t  <\/div>\n<\/div> <script>\n\t\t\t\t\t\t  jQuery(document).ready(function( $ ){\n\t\t\t\t\t\t\t\/\/jQuery('.yuzo_related_post').equalizer({ overflow : 'relatedthumb' });\n\t\t\t\t\t\t\tjQuery('.yuzo_related_post .yuzo_wraps').equalizer({ columns : '> div' });\n\t\t\t\t\t\t   })\n\t\t\t\t\t\t  <\/script> <!-- End Yuzo :) -->","protected":false},"excerpt":{"rendered":"<p>A Galeria DeArtes, da Universidade Federal do Paran\u00e1 (UFPR), estar\u00e1 aberta nesta quarta-feira (29) para uma ocupa\u00e7\u00e3o que coloca a arte marginal no centro de um dos espa\u00e7os institucionais mais tradicionais do pa\u00eds. Batizada de Entre Muros, a exposi\u00e7\u00e3o apresenta grafite, pixo, muralismo e outras express\u00f5es de arte urbana dentro da universidade, em pleno bairro [&hellip;]<\/p>\n","protected":false},"author":2,"featured_media":0,"comment_status":"open","ping_status":"closed","sticky":false,"template":"","format":"standard","meta":{"fifu_image_url":"","fifu_image_alt":"","footnotes":""},"categories":[48100,52530,40714,52531,52532,52533,52534,309,40916,959,52535,52536,52537,52538,52539,44124,1306,52540,38076,52541,635,52542,182,486,52543,52544,52545,38498,18879,1066,52546],"tags":[],"class_list":["post-85210","post","type-post","status-publish","format-standard","hentry","category-abril-2026","category-arte-marginal","category-arte-urbana","category-batalha-das-feiticeiras","category-batel","category-blo-p","category-comove-crew","category-cultura","category-cultura-hip-hop","category-curitiba","category-cypher","category-dj-kimera","category-dj-santho","category-emelly-eduarda","category-entre-muros","category-evento-gratuito","category-exposicao","category-galeria-deartes","category-grafite","category-licenciatura-em-artes-visuais","category-muralismo","category-neoroze","category-ocupacao","category-periferia","category-pixo","category-poesia-marginal","category-seel","category-slam","category-ufpr","category-universidade","category-vatto"],"_links":{"self":[{"href":"https:\/\/redept.com.br\/blogosfera\/wp-json\/wp\/v2\/posts\/85210","targetHints":{"allow":["GET"]}}],"collection":[{"href":"https:\/\/redept.com.br\/blogosfera\/wp-json\/wp\/v2\/posts"}],"about":[{"href":"https:\/\/redept.com.br\/blogosfera\/wp-json\/wp\/v2\/types\/post"}],"author":[{"embeddable":true,"href":"https:\/\/redept.com.br\/blogosfera\/wp-json\/wp\/v2\/users\/2"}],"replies":[{"embeddable":true,"href":"https:\/\/redept.com.br\/blogosfera\/wp-json\/wp\/v2\/comments?post=85210"}],"version-history":[{"count":0,"href":"https:\/\/redept.com.br\/blogosfera\/wp-json\/wp\/v2\/posts\/85210\/revisions"}],"wp:attachment":[{"href":"https:\/\/redept.com.br\/blogosfera\/wp-json\/wp\/v2\/media?parent=85210"}],"wp:term":[{"taxonomy":"category","embeddable":true,"href":"https:\/\/redept.com.br\/blogosfera\/wp-json\/wp\/v2\/categories?post=85210"},{"taxonomy":"post_tag","embeddable":true,"href":"https:\/\/redept.com.br\/blogosfera\/wp-json\/wp\/v2\/tags?post=85210"}],"curies":[{"name":"wp","href":"https:\/\/api.w.org\/{rel}","templated":true}]}}