{"id":85211,"date":"2026-04-28T21:06:59","date_gmt":"2026-04-29T00:06:59","guid":{"rendered":"https:\/\/redept.com.br\/blogosfera\/propostas-da-up-ganham-apoio-popular-e-samara-martins-cresce-em-pesquisas\/"},"modified":"2026-04-28T21:06:59","modified_gmt":"2026-04-29T00:06:59","slug":"propostas-da-up-ganham-apoio-popular-e-samara-martins-cresce-em-pesquisas","status":"publish","type":"post","link":"https:\/\/redept.com.br\/blogosfera\/propostas-da-up-ganham-apoio-popular-e-samara-martins-cresce-em-pesquisas\/","title":{"rendered":"Propostas da UP ganham apoio popular e Samara Martins cresce em pesquisas"},"content":{"rendered":"<p><img fetchpriority=\"high\" width=\"1920\" height=\"1440\"src=\"https:\/\/redept.com.br\/blogosfera\/wp-content\/uploads\/2026\/04\/IMG-20260413-WA0039.jpg\" alt=\"\" link_thumbnail=\"\" decoding=\"async\" srcset=\"https:\/\/redept.com.br\/blogosfera\/wp-content\/uploads\/2026\/04\/IMG-20260413-WA0039.jpg 1920w, https:\/\/averdade.org.br\/wp-content\/uploads\/2026\/04\/IMG-20260413-WA0039-350x263.jpg 350w, https:\/\/averdade.org.br\/wp-content\/uploads\/2026\/04\/IMG-20260413-WA0039-1024x768.jpg 1024w, https:\/\/averdade.org.br\/wp-content\/uploads\/2026\/04\/IMG-20260413-WA0039-250x188.jpg 250w, https:\/\/averdade.org.br\/wp-content\/uploads\/2026\/04\/IMG-20260413-WA0039-768x576.jpg 768w, https:\/\/averdade.org.br\/wp-content\/uploads\/2026\/04\/IMG-20260413-WA0039-1536x1152.jpg 1536w, https:\/\/averdade.org.br\/wp-content\/uploads\/2026\/04\/IMG-20260413-WA0039-150x113.jpg 150w, https:\/\/averdade.org.br\/wp-content\/uploads\/2026\/04\/IMG-20260413-WA0039-300x225.jpg 300w, https:\/\/averdade.org.br\/wp-content\/uploads\/2026\/04\/IMG-20260413-WA0039-696x522.jpg 696w, https:\/\/averdade.org.br\/wp-content\/uploads\/2026\/04\/IMG-20260413-WA0039-1068x801.jpg 1068w\" sizes=\"(max-width: 1920px) 100vw, 1920px\"><\/p>\n<p><strong>Ap\u00f3s defender aumento de 100% do sal\u00e1rio-m\u00ednimo e confisco de bens de todos os corruptos, pr\u00e9-candidata da UP cresce em pesquisa eleitoral do instituto AtlasIntel.<\/strong><\/p>\n<p><strong>Reda\u00e7\u00e3o<\/strong><\/p>\n<hr>\n<p>BRASIL \u2013 \u00danica mulher pr\u00e9-candidata \u00e0s elei\u00e7\u00f5es presidenciais, Samara Martins \u00e9 a terceira mais citada entre as mulheres em pesquisa AtlasIntel; Inten\u00e7\u00f5es de votos na dirigente da UP crescem ap\u00f3s mobiliza\u00e7\u00f5es em todo o pa\u00eds contra a escala 6\u00d71 e em defesa dos direitos das mulheres, mas ainda enfrenta invisibiliza\u00e7\u00e3o na m\u00eddia e em institutos de pesquisa.<\/p>\n<p>A pr\u00e9-candidatura de Samara Martins (UP) \u00e0 Presid\u00eancia da Rep\u00fablica segue em crescimento. Nesta ter\u00e7a-feira (28), a pesquisa AtlasIntel, encomendada pela Bloomberg, mostra a vice-presidenta da Unidade Popular pelo Socialismo pontuando mais uma vez entre os nomes da corrida eleitoral, mesmo enfrentando um processo de invisibiliza\u00e7\u00e3o pelos pr\u00f3prios institutos de pesquisa e da m\u00eddia.<\/p>\n<p>Ainda sem o espa\u00e7o merecido nos ve\u00edculos de comunica\u00e7\u00e3o, algumas propostas da pr\u00e9-candidatura de Samara Martins t\u00eam ganhado repercuss\u00e3o e encontrado a simpatia da classe trabalhadora brasileira, como a de desmilitarizar as pol\u00edcias, al\u00e9m da obrigatoriedade dos pol\u00edticos e seus familiares diretos utilizarem servi\u00e7os p\u00fablicos, como o SUS e as escolas p\u00fablicas.<\/p>\n<p>Nas \u00faltimas semanas ganhou uma repercuss\u00e3o especial a proposta da UP, apresentada pela pr\u00e9-candidata, de aumentar em 100% o sal\u00e1rio m\u00ednimo em 2027, principalmente ap\u00f3s o vazamento dos planos da equipe econ\u00f4mica do candidato fascista Fl\u00e1vio Bolsonaro, de proibir aumentos acima da infla\u00e7\u00e3o do sal\u00e1rio m\u00ednimo por 4 anos.<\/p>\n<p>A realidade \u00e9 que a pesquisa mostra o que j\u00e1 se vem apresentando nas ruas do pa\u00eds: que h\u00e1 sim uma disposi\u00e7\u00e3o da classe trabalhadora e do povo pobre em defender um programa socialista para o Brasil.<\/p>\n<h4><strong>Crescimento entre mulheres e jovens\u00a0<\/strong><\/h4>\n<p>Segundo o levantamento da AtlasIntel, no cen\u00e1rio de primeiro turno, Samara Martins atinge 2% e, na margem de erro, aparece empatada com Ronaldo Caiado (PSD) e o fascista Romeu Zema (Novo), ambos ex-governadores de seus estados. Ela ainda supera outros figur\u00f5es da pol\u00edtica brasileira, como Ciro Gomes (PSDB) e Aldo Rebelo (DC), e tamb\u00e9m o escritor de best-sellers Augusto Cury (Avante).<\/p>\n<p>Entre as mulheres, Samara Martins pontua 3.5% e \u00e9 a terceira colocada, ficando atr\u00e1s apenas de Lula (PT) e Fl\u00e1vio Bolsonaro (PL). J\u00e1 entre a juventude (entre 16 e 24 anos), em que o voto \u00e9 menos concentrado entre os pr\u00e9-candidatos, a dirigente da Unidade Popular pelo Socialismo atinge 14.2%. Al\u00e9m disso, ela pontua em todas as categorias de Religi\u00e3o e em todas as regi\u00f5es do Brasil, com destaque para o Sul, onde atinge 3.9%.<\/p>\n<p>\u201cEm poucos meses, temos visto a nossa pr\u00e9-candidatura conquistar os trabalhadores em todo o Brasil, especialmente as mulheres. Isso \u00e9 fruto da organiza\u00e7\u00e3o e mobiliza\u00e7\u00e3o dos n\u00facleos da Unidade Popular pelo Socialismo, enraizados nos locais de trabalho, nos movimentos sociais e nas periferias\u201d, diz Samara Martins.<\/p>\n<p>Anteriormente, a pr\u00e9-candidata da UP j\u00e1 havia pontuado em outras pesquisas relevantes, como a Quaest, divulgada em 15 de abril, o primeiro levantamento da empresa em que foi citada. Nesse levantamento, dentro da margem de erro, ela aparece empatada tecnicamente com Romeu Zema (Novo) e Renan Santos (Miss\u00e3o), candidatos da extrema-direita que tem tido espa\u00e7o na grande m\u00eddia.<\/p>\n<p>Os dados da AtlasIntel mostram que a pr\u00e9-candidatura de Samara Martins se consolida e cresce entre camadas fundamentais da sociedade brasileira, como as mulheres. Ainda assim, a \u00fanica mulher na disputa precisa enfrentar uma invisibiliza\u00e7\u00e3o grande dos pr\u00f3prios institutos de pesquisa e dos ve\u00edculos de comunica\u00e7\u00e3o.<\/p>\n<p>No pr\u00f3prio levantamento da AtlasIntel, ela \u00e9 colocada entre os nomes em apenas um dos tr\u00eas cen\u00e1rios de primeiro turno testados. \u00c9 deixada de lado pelo instituto no primeiro cen\u00e1rio, que mant\u00e9m nomes da direita como Romeu Zema, Ronaldo Caiado, Renan Santos, Aldo Rebelo e Augusto Cury, com os quais Samara j\u00e1 se colocou em p\u00e9 de igualdade. O mesmo se repete no 3\u00ba cen\u00e1rio, em que \u00e9 testado o nome de Fernando Haddad no lugar de Lula.<\/p>\n<p>\u201cOs resultados positivos das pesquisas para a nossa pr\u00e9-candidatura mostram que a nossa pol\u00edtica \u00e9 justa e n\u00e3o h\u00e1 motivos para nos ignorar nos levantamentos e nos ve\u00edculos de comunica\u00e7\u00e3o. Quem toma contato com o programa socialista da Unidade Popular logo reconhece que \u00e9 o programa mais avan\u00e7ado para enfrentar as desigualdades no Brasil, acabar com os privil\u00e9gios da burguesia e garantir o fim da explora\u00e7\u00e3o sobre os trabalhadores\u201d, analisa Samara.<\/p>\n<h4><strong>Samara Martins lidera entre quem n\u00e3o votou em 2022<\/strong><\/h4>\n<p>Outro dado que expressa a relev\u00e2ncia da pr\u00e9-candidatura da Unidade Popular \u00e9 o de que Samara Martins \u00e9 a favorita daqueles que n\u00e3o confiaram o seu voto nem em Lula e nem em Bolsonaro no segundo turno das elei\u00e7\u00f5es de 2022.<\/p>\n<p>Segundo o levantamento, entre aqueles que n\u00e3o votaram na elei\u00e7\u00e3o passada, 28.4% declararam voto em Samara Martins, \u00e0 frente de todos os outros pr\u00e9-candidatos. Com isso, ela lidera de forma isolada nessa estratifica\u00e7\u00e3o, consolidando uma alternativa socialista para al\u00e9m da polariza\u00e7\u00e3o entre os programas do PT e do PL.<\/p>\n<h4><strong>A pesquisa<\/strong><\/h4>\n<p>A pesquisa AtlasIntel entrevistou 5008 pessoas e tem uma margem de erro de 1% para mais ou para menos com margem de confian\u00e7a de 95%. Est\u00e1 registrada no TSE com o n\u00famero BR-07992\/2026<\/p>\n<h4><strong>Quem \u00e9 Samara Martins?<\/strong><\/h4>\n<p>Samara Martins, 38 anos, \u00e9 mulher trabalhadora, m\u00e3e, negra e porta-voz do programa da Revolu\u00e7\u00e3o e do Socialismo, defendido pela Unidade Popular. Ela atua como dentista do SUS na estrat\u00e9gia Sa\u00fade da Fam\u00edlia. Iniciou sua milit\u00e2ncia no movimento estudantil e, atualmente, atua no Movimento de Mulheres Olga Ben\u00e1rio e \u00e9 coordenadora nacional da Frente Negra Revolucion\u00e1ria, estando diretamente vinculada \u00e0s lutas das mulheres, da popula\u00e7\u00e3o negra e da classe trabalhadora.<\/p>\n<!-- Begin Yuzo --><div class='yuzo_related_post style-1'  data-version='5.12.89'><!-- without result --><div class='yuzo_clearfixed yuzo__title yuzo__title'><h3>Related Post<\/h3><\/div>\n\t\t\t\t\t\t  <div class=\"relatedthumb \" style=\"width:125px;float:left;overflow:hidden;\">  \n\t\t\t\t\t\t\t  \n\t\t\t\t\t\t\t  <a  href=\"https:\/\/redept.com.br\/blogosfera\/governo-propoe-isencao-de-ir-para-quem-ganha-ate-r-5-mil\/\"  >\n\t\t\t\t\t\t\t\t\t  <div class=\"yuzo-img-wrap \" style=\"width: 125px;height:90px;\">\n\t\t\t\t\t\t\t\t\t\t\n\t\t\t\t\t\t\t\t\t\t<div class=\"yuzo-img\" style=\"background:url('https:\/\/redept.org\/blogosfera\/wp-content\/plugins\/yuzo-related-post\/assets\/images\/default.png') 50% 50% no-repeat;width: 125px;height:90px;margin-bottom: 5px;background-size: cover; \"><\/div>\n\t\t\t\t\t\t\t\t\t  <\/div>\n\t\t\t\t\t\t\t\t\t  \n\t\t\t\t\t\t\t\t   <span class=\"yuzo__text--title\" style=\"font-size:13px;\">Governo prop\u00f5e isen\u00e7\u00e3o de IR para quem ganha at\u00e9 R...<\/span>\n\t\t\t\t\t\t\t  \n\t\t\t\t\t\t\t  \n\t\t\t\t\t\t\t  <\/a>\n\n\t\t\t\t\t\t  <\/div>\n\t\t\t\t\t\t  <div class=\"relatedthumb \" style=\"width:125px;float:left;overflow:hidden;\">  \n\t\t\t\t\t\t\t  \n\t\t\t\t\t\t\t  <a  href=\"https:\/\/redept.com.br\/blogosfera\/ceo-do-grupo-fictor-que-comparia-master-e-alvo-de-operacao-da-pf-que-mira-fraudes-bancarias\/\"  >\n\t\t\t\t\t\t\t\t\t  <div class=\"yuzo-img-wrap \" style=\"width: 125px;height:90px;\">\n\t\t\t\t\t\t\t\t\t\t\n\t\t\t\t\t\t\t\t\t\t<div class=\"yuzo-img\" style=\"background:url('https:\/\/redept.org\/blogosfera\/wp-content\/plugins\/yuzo-related-post\/assets\/images\/default.png') 50% 50% no-repeat;width: 125px;height:90px;margin-bottom: 5px;background-size: cover; \"><\/div>\n\t\t\t\t\t\t\t\t\t  <\/div>\n\t\t\t\t\t\t\t\t\t  \n\t\t\t\t\t\t\t\t   <span class=\"yuzo__text--title\" style=\"font-size:13px;\">CEO do Grupo Fictor, que comparia Master, \u00e9 alvo d...<\/span>\n\t\t\t\t\t\t\t  \n\t\t\t\t\t\t\t  \n\t\t\t\t\t\t\t  <\/a>\n\n\t\t\t\t\t\t  <\/div>\n\t\t\t\t\t\t  <div class=\"relatedthumb \" style=\"width:125px;float:left;overflow:hidden;\">  \n\t\t\t\t\t\t\t  \n\t\t\t\t\t\t\t  <a  href=\"https:\/\/redept.com.br\/blogosfera\/lula-diz-que-brasil-protegera-povo-e-empresas-diante-da-tarifa-de-trump\/\"  >\n\t\t\t\t\t\t\t\t\t  <div class=\"yuzo-img-wrap \" style=\"width: 125px;height:90px;\">\n\t\t\t\t\t\t\t\t\t\t\n\t\t\t\t\t\t\t\t\t\t<div class=\"yuzo-img\" style=\"background:url('https:\/\/redept.com.br\/blogosfera\/wp-content\/uploads\/2025\/07\/cb6a14e2-3d6e-44b8-a44a-665fdd9db91a-150x150.jpg') 50% 50% no-repeat;width: 125px;height:90px;margin-bottom: 5px;background-size: cover; \"><\/div>\n\t\t\t\t\t\t\t\t\t  <\/div>\n\t\t\t\t\t\t\t\t\t  \n\t\t\t\t\t\t\t\t   <span class=\"yuzo__text--title\" style=\"font-size:13px;\">Lula diz que Brasil proteger\u00e1 povo e empresas dian...<\/span>\n\t\t\t\t\t\t\t  \n\t\t\t\t\t\t\t  \n\t\t\t\t\t\t\t  <\/a>\n\n\t\t\t\t\t\t  <\/div>\n\t\t\t\t\t\t  <div class=\"relatedthumb \" style=\"width:125px;float:left;overflow:hidden;\">  \n\t\t\t\t\t\t\t  \n\t\t\t\t\t\t\t  <a  href=\"https:\/\/redept.com.br\/blogosfera\/cop-30-tera-calendario-tematico-com-destaque-para-acoes-e-solucoes-climaticas\/\"  >\n\t\t\t\t\t\t\t\t\t  <div class=\"yuzo-img-wrap \" style=\"width: 125px;height:90px;\">\n\t\t\t\t\t\t\t\t\t\t\n\t\t\t\t\t\t\t\t\t\t<div class=\"yuzo-img\" style=\"background:url('https:\/\/redept.org\/blogosfera\/wp-content\/plugins\/yuzo-related-post\/assets\/images\/default.png') 50% 50% no-repeat;width: 125px;height:90px;margin-bottom: 5px;background-size: cover; \"><\/div>\n\t\t\t\t\t\t\t\t\t  <\/div>\n\t\t\t\t\t\t\t\t\t  \n\t\t\t\t\t\t\t\t   <span class=\"yuzo__text--title\" style=\"font-size:13px;\">COP-30 ter\u00e1 calend\u00e1rio tem\u00e1tico com destaque para ...<\/span>\n\t\t\t\t\t\t\t  \n\t\t\t\t\t\t\t  \n\t\t\t\t\t\t\t  <\/a>\n\n\t\t\t\t\t\t  <\/div>\n<\/div> <script>\n\t\t\t\t\t\t  jQuery(document).ready(function( $ ){\n\t\t\t\t\t\t\t\/\/jQuery('.yuzo_related_post').equalizer({ overflow : 'relatedthumb' });\n\t\t\t\t\t\t\tjQuery('.yuzo_related_post .yuzo_wraps').equalizer({ columns : '> div' });\n\t\t\t\t\t\t   })\n\t\t\t\t\t\t  <\/script> <!-- End Yuzo :) -->","protected":false},"excerpt":{"rendered":"<p><img decoding=\"async\" width=\"1920\" height=\"1440\" src=\"https:\/\/averdade.org.br\/wp-content\/uploads\/2026\/04\/IMG-20260413-WA0039.jpg\" alt=\"\">Ap\u00f3s defender aumento de 100% do sal\u00e1rio-m\u00ednimo e confisco de bens de todos os corruptos, pr\u00e9-candidata da UP cresce em pesquisa eleitoral do instituto AtlasIntel. Reda\u00e7\u00e3o BRASIL \u2013 \u00danica mulher pr\u00e9-candidata \u00e0s elei\u00e7\u00f5es presidenciais, Samara Martins \u00e9 a terceira mais citada entre as mulheres em pesquisa AtlasIntel; Inten\u00e7\u00f5es de votos na dirigente da UP crescem [\u2026]<\/p>\n","protected":false},"author":2,"featured_media":85212,"comment_status":"open","ping_status":"closed","sticky":false,"template":"","format":"standard","meta":{"fifu_image_url":"","fifu_image_alt":"","footnotes":""},"categories":[2562,45,1760,867,34909,51],"tags":[],"class_list":["post-85211","post","type-post","status-publish","format-standard","has-post-thumbnail","hentry","category-atlasintel","category-brasil","category-eleicoes-2026","category-pesquisa","category-samara-martins","category-ultimas-noticias"],"_links":{"self":[{"href":"https:\/\/redept.com.br\/blogosfera\/wp-json\/wp\/v2\/posts\/85211","targetHints":{"allow":["GET"]}}],"collection":[{"href":"https:\/\/redept.com.br\/blogosfera\/wp-json\/wp\/v2\/posts"}],"about":[{"href":"https:\/\/redept.com.br\/blogosfera\/wp-json\/wp\/v2\/types\/post"}],"author":[{"embeddable":true,"href":"https:\/\/redept.com.br\/blogosfera\/wp-json\/wp\/v2\/users\/2"}],"replies":[{"embeddable":true,"href":"https:\/\/redept.com.br\/blogosfera\/wp-json\/wp\/v2\/comments?post=85211"}],"version-history":[{"count":0,"href":"https:\/\/redept.com.br\/blogosfera\/wp-json\/wp\/v2\/posts\/85211\/revisions"}],"wp:featuredmedia":[{"embeddable":true,"href":"https:\/\/redept.com.br\/blogosfera\/wp-json\/wp\/v2\/media\/85212"}],"wp:attachment":[{"href":"https:\/\/redept.com.br\/blogosfera\/wp-json\/wp\/v2\/media?parent=85211"}],"wp:term":[{"taxonomy":"category","embeddable":true,"href":"https:\/\/redept.com.br\/blogosfera\/wp-json\/wp\/v2\/categories?post=85211"},{"taxonomy":"post_tag","embeddable":true,"href":"https:\/\/redept.com.br\/blogosfera\/wp-json\/wp\/v2\/tags?post=85211"}],"curies":[{"name":"wp","href":"https:\/\/api.w.org\/{rel}","templated":true}]}}