{"id":85213,"date":"2026-04-28T21:20:28","date_gmt":"2026-04-29T00:20:28","guid":{"rendered":"https:\/\/redept.com.br\/blogosfera\/oposicao-critica-esvaziamento-da-cldf-em-meio-a-escandalos-no-governo-e-greve-na-undf\/"},"modified":"2026-04-28T21:20:28","modified_gmt":"2026-04-29T00:20:28","slug":"oposicao-critica-esvaziamento-da-cldf-em-meio-a-escandalos-no-governo-e-greve-na-undf","status":"publish","type":"post","link":"https:\/\/redept.com.br\/blogosfera\/oposicao-critica-esvaziamento-da-cldf-em-meio-a-escandalos-no-governo-e-greve-na-undf\/","title":{"rendered":"Oposi\u00e7\u00e3o critica esvaziamento da CLDF em meio a esc\u00e2ndalos no governo e greve na UnDF"},"content":{"rendered":"<p>A sess\u00e3o ordin\u00e1ria da C\u00e2mara Legislativa do Distrito Federal (CLDF) foi marcada por cr\u00edticas da oposi\u00e7\u00e3o ao governo de Celina Le\u00e3o (PP) e Ibaneis Rocha (MDB) nesta ter\u00e7a-feira (28). Os parlamentares denunciaram o esvaziamento do plen\u00e1rio por parte da base governista em um momento de crise, que envolve desde den\u00fancias de corrup\u00e7\u00e3o no Banco de [\u2026]<\/p>\n<p><a href=\"https:\/\/www.brasildefato.com.br\/2026\/04\/28\/oposicao-critica-esvaziamento-da-cldf-em-meio-a-escandalos-no-governo-e-greve-na-undf\/\" rel=\"nofollow\">Fonte<\/a><\/p>\n<!-- Begin Yuzo --><div class='yuzo_related_post style-1'  data-version='5.12.89'><!-- without result --><div class='yuzo_clearfixed yuzo__title yuzo__title'><h3>Related Post<\/h3><\/div>\n\t\t\t\t\t\t  <div class=\"relatedthumb \" style=\"width:125px;float:left;overflow:hidden;\">  \n\t\t\t\t\t\t\t  \n\t\t\t\t\t\t\t  <a  href=\"https:\/\/redept.com.br\/blogosfera\/agora-e-lei-lula-sanciona-isencao-do-ir-para-quem-ganha-ate-r-5-mil\/\"  >\n\t\t\t\t\t\t\t\t\t  <div class=\"yuzo-img-wrap \" style=\"width: 125px;height:90px;\">\n\t\t\t\t\t\t\t\t\t\t\n\t\t\t\t\t\t\t\t\t\t<div class=\"yuzo-img\" style=\"background:url('https:\/\/redept.org\/blogosfera\/wp-content\/plugins\/yuzo-related-post\/assets\/images\/default.png') 50% 50% no-repeat;width: 125px;height:90px;margin-bottom: 5px;background-size: cover; \"><\/div>\n\t\t\t\t\t\t\t\t\t  <\/div>\n\t\t\t\t\t\t\t\t\t  \n\t\t\t\t\t\t\t\t   <span class=\"yuzo__text--title\" style=\"font-size:13px;\">Agora \u00e9 lei: Lula sanciona isen\u00e7\u00e3o do IR para quem...<\/span>\n\t\t\t\t\t\t\t  \n\t\t\t\t\t\t\t  \n\t\t\t\t\t\t\t  <\/a>\n\n\t\t\t\t\t\t  <\/div>\n\t\t\t\t\t\t  <div class=\"relatedthumb \" style=\"width:125px;float:left;overflow:hidden;\">  \n\t\t\t\t\t\t\t  \n\t\t\t\t\t\t\t  <a  href=\"https:\/\/redept.com.br\/blogosfera\/isencao-do-ir-para-quem-ganha-ate-5-mil-e-vitoria-dos-trabalhadores\/\"  >\n\t\t\t\t\t\t\t\t\t  <div class=\"yuzo-img-wrap \" style=\"width: 125px;height:90px;\">\n\t\t\t\t\t\t\t\t\t\t\n\t\t\t\t\t\t\t\t\t\t<div class=\"yuzo-img\" style=\"background:url('https:\/\/redept.com.br\/blogosfera\/wp-content\/uploads\/2025\/03\/e6e239ea-df17-40ea-ae5b-db98cf71cf0b-150x150.jpg') 50% 50% no-repeat;width: 125px;height:90px;margin-bottom: 5px;background-size: cover; \"><\/div>\n\t\t\t\t\t\t\t\t\t  <\/div>\n\t\t\t\t\t\t\t\t\t  \n\t\t\t\t\t\t\t\t   <span class=\"yuzo__text--title\" style=\"font-size:13px;\">Isen\u00e7\u00e3o do IR para quem ganha at\u00e9 5 mil \u00e9 vit\u00f3ria ...<\/span>\n\t\t\t\t\t\t\t  \n\t\t\t\t\t\t\t  \n\t\t\t\t\t\t\t  <\/a>\n\n\t\t\t\t\t\t  <\/div>\n\t\t\t\t\t\t  <div class=\"relatedthumb \" style=\"width:125px;float:left;overflow:hidden;\">  \n\t\t\t\t\t\t\t  \n\t\t\t\t\t\t\t  <a  href=\"https:\/\/redept.com.br\/blogosfera\/colonos-israelenses-vandalizam-oliveiras-e-atacam-colheita-palestina\/\"  >\n\t\t\t\t\t\t\t\t\t  <div class=\"yuzo-img-wrap \" style=\"width: 125px;height:90px;\">\n\t\t\t\t\t\t\t\t\t\t\n\t\t\t\t\t\t\t\t\t\t<div class=\"yuzo-img\" style=\"background:url('https:\/\/redept.com.br\/blogosfera\/wp-content\/uploads\/2025\/11\/whatsapp-image-2025-10-26-at-82112-pm-3jpeg-825db6ef-0403-4ade-9d0a-519662e01435-150x150.jpeg') 50% 50% no-repeat;width: 125px;height:90px;margin-bottom: 5px;background-size: cover; \"><\/div>\n\t\t\t\t\t\t\t\t\t  <\/div>\n\t\t\t\t\t\t\t\t\t  \n\t\t\t\t\t\t\t\t   <span class=\"yuzo__text--title\" style=\"font-size:13px;\">Colonos israelenses vandalizam oliveiras e atacam ...<\/span>\n\t\t\t\t\t\t\t  \n\t\t\t\t\t\t\t  \n\t\t\t\t\t\t\t  <\/a>\n\n\t\t\t\t\t\t  <\/div>\n\t\t\t\t\t\t  <div class=\"relatedthumb \" style=\"width:125px;float:left;overflow:hidden;\">  \n\t\t\t\t\t\t\t  \n\t\t\t\t\t\t\t  <a  href=\"https:\/\/redept.com.br\/blogosfera\/stf-nega-pedido-para-visitas-irrestritas-dos-filhos-de-bolsonaro\/\"  >\n\t\t\t\t\t\t\t\t\t  <div class=\"yuzo-img-wrap \" style=\"width: 125px;height:90px;\">\n\t\t\t\t\t\t\t\t\t\t\n\t\t\t\t\t\t\t\t\t\t<div class=\"yuzo-img\" style=\"background:url('https:\/\/redept.com.br\/blogosfera\/wp-content\/uploads\/2026\/03\/Sem-Titulo-1-150x150.jpg') 50% 50% no-repeat;width: 125px;height:90px;margin-bottom: 5px;background-size: cover; \"><\/div>\n\t\t\t\t\t\t\t\t\t  <\/div>\n\t\t\t\t\t\t\t\t\t  \n\t\t\t\t\t\t\t\t   <span class=\"yuzo__text--title\" style=\"font-size:13px;\">STF nega pedido para visitas irrestritas dos filho...<\/span>\n\t\t\t\t\t\t\t  \n\t\t\t\t\t\t\t  \n\t\t\t\t\t\t\t  <\/a>\n\n\t\t\t\t\t\t  <\/div>\n<\/div> <script>\n\t\t\t\t\t\t  jQuery(document).ready(function( $ ){\n\t\t\t\t\t\t\t\/\/jQuery('.yuzo_related_post').equalizer({ overflow : 'relatedthumb' });\n\t\t\t\t\t\t\tjQuery('.yuzo_related_post .yuzo_wraps').equalizer({ columns : '> div' });\n\t\t\t\t\t\t   })\n\t\t\t\t\t\t  <\/script> <!-- End Yuzo :) -->","protected":false},"excerpt":{"rendered":"<p>A sess\u00e3o ordin\u00e1ria da C\u00e2mara Legislativa do Distrito Federal (CLDF) foi marcada por cr\u00edticas da oposi\u00e7\u00e3o ao governo de Celina Le\u00e3o (PP) e Ibaneis Rocha (MDB) nesta ter\u00e7a-feira (28). Os parlamentares denunciaram o esvaziamento do plen\u00e1rio por parte da base governista em um momento de crise, que envolve desde den\u00fancias de corrup\u00e7\u00e3o no Banco de [&hellip;]<\/p>\n","protected":false},"author":2,"featured_media":0,"comment_status":"open","ping_status":"closed","sticky":false,"template":"","format":"standard","meta":{"fifu_image_url":"","fifu_image_alt":"","footnotes":""},"categories":[52547,52548,52549,52550,52551,17809,17810,52552,52553,29657,44822,8818,3432,44192,52554,2207,52555,4881,3866,3573,3872,1890,234,52556,39864,52557,44824,52558,44825,13763,44054,52559,52560,52561,8955,52562,18,49452,2735,52563,52564,52565,132,44061,52566,52567,52568,52569,52570,52571,41569,52572,52573,2288,52574,44203,52575],"tags":[],"class_list":["post-85213","post","type-post","status-publish","format-standard","hentry","category-aluguel-milionario","category-aluguel-milionario-iesb","category-arbitragem-reitoria","category-arbitrariedade","category-auditoria-balancete","category-banco-de-brasilia","category-banco-master","category-camara-legislativa-distrito-federal","category-capitalizacao-do-banco","category-celina-leao","category-chico-vigilante","category-cldf","category-contingenciamento","category-contingenciamento-orcamentario","category-contratos-publicos","category-corrupcao","category-corrupcao-no-df","category-crise-financeira","category-crise-institucional","category-crise-politica","category-delacao-premiada","category-denuncia","category-distrito-federal","category-escandalo-brb","category-escandalo-politico","category-esvaziamento-de-plenario","category-fabio-felix","category-falta-de-transparencia","category-gabriel-magno","category-gestao-publica","category-governo-ibaneis","category-governo-ibaneis-rocha","category-greve-na-undf","category-greve-undf","category-ibaneis-rocha","category-max-maciel","category-meio-ambiente","category-movimento-ambientalista","category-oposicao","category-paliativo-governamental","category-parlamentares-distritais","category-perseguicao-academica","category-politica","category-politica-distrital","category-projeto-capitalizacao","category-promessa-de-exoneracao","category-reitora-simone-benck","category-reitoria-undf","category-rombo-fiscal","category-rombo-nas-contas-publicas","category-serrinha-do-paranoa","category-serrinha-paranoa","category-terrenos-publicos","category-transparencia","category-universidade-distrito-federal","category-universidade-do-distrito-federal","category-vitoria-ambiental"],"_links":{"self":[{"href":"https:\/\/redept.com.br\/blogosfera\/wp-json\/wp\/v2\/posts\/85213","targetHints":{"allow":["GET"]}}],"collection":[{"href":"https:\/\/redept.com.br\/blogosfera\/wp-json\/wp\/v2\/posts"}],"about":[{"href":"https:\/\/redept.com.br\/blogosfera\/wp-json\/wp\/v2\/types\/post"}],"author":[{"embeddable":true,"href":"https:\/\/redept.com.br\/blogosfera\/wp-json\/wp\/v2\/users\/2"}],"replies":[{"embeddable":true,"href":"https:\/\/redept.com.br\/blogosfera\/wp-json\/wp\/v2\/comments?post=85213"}],"version-history":[{"count":0,"href":"https:\/\/redept.com.br\/blogosfera\/wp-json\/wp\/v2\/posts\/85213\/revisions"}],"wp:attachment":[{"href":"https:\/\/redept.com.br\/blogosfera\/wp-json\/wp\/v2\/media?parent=85213"}],"wp:term":[{"taxonomy":"category","embeddable":true,"href":"https:\/\/redept.com.br\/blogosfera\/wp-json\/wp\/v2\/categories?post=85213"},{"taxonomy":"post_tag","embeddable":true,"href":"https:\/\/redept.com.br\/blogosfera\/wp-json\/wp\/v2\/tags?post=85213"}],"curies":[{"name":"wp","href":"https:\/\/api.w.org\/{rel}","templated":true}]}}