{"id":85216,"date":"2026-04-28T21:46:36","date_gmt":"2026-04-29T00:46:36","guid":{"rendered":"https:\/\/redept.com.br\/blogosfera\/governo-libera-r-330-milhoes-para-segurar-preco-do-gas-de-cozinha\/"},"modified":"2026-04-28T21:46:36","modified_gmt":"2026-04-29T00:46:36","slug":"governo-libera-r-330-milhoes-para-segurar-preco-do-gas-de-cozinha","status":"publish","type":"post","link":"https:\/\/redept.com.br\/blogosfera\/governo-libera-r-330-milhoes-para-segurar-preco-do-gas-de-cozinha\/","title":{"rendered":"Governo libera R$ 330 milh\u00f5es para segurar pre\u00e7o do g\u00e1s de cozinha"},"content":{"rendered":"<p>Uma medida provis\u00f3ria publicada nesta ter\u00e7a-feira (28) abre cr\u00e9dito extraordin\u00e1rio de R$ 330 milh\u00f5es para subsidiar a importa\u00e7\u00e3o de g\u00e1s de cozinha, em meio \u00e0 alta dos pre\u00e7os provocada pelo cen\u00e1rio internacional. O recurso ser\u00e1 usado para garantir que o g\u00e1s liquefeito de petr\u00f3leo (GLP) importado seja vendido no Brasil pelo mesmo pre\u00e7o do produto [\u2026]<\/p>\n<p><a href=\"https:\/\/www.brasildefato.com.br\/2026\/04\/28\/governo-libera-r-330-milhoes-para-segurar-preco-do-gas-de-cozinha\/\" rel=\"nofollow\">Fonte<\/a><\/p>\n<!-- Begin Yuzo --><div class='yuzo_related_post style-1'  data-version='5.12.89'><!-- without result --><div class='yuzo_clearfixed yuzo__title yuzo__title'><h3>Related Post<\/h3><\/div>\n\t\t\t\t\t\t  <div class=\"relatedthumb \" style=\"width:125px;float:left;overflow:hidden;\">  \n\t\t\t\t\t\t\t  \n\t\t\t\t\t\t\t  <a  href=\"https:\/\/redept.com.br\/blogosfera\/justica-do-rio-condena-medico-que-estuprou-mulheres-em-sala-de-parto\/\"  >\n\t\t\t\t\t\t\t\t\t  <div class=\"yuzo-img-wrap \" style=\"width: 125px;height:90px;\">\n\t\t\t\t\t\t\t\t\t\t\n\t\t\t\t\t\t\t\t\t\t<div class=\"yuzo-img\" style=\"background:url('https:\/\/redept.org\/blogosfera\/wp-content\/plugins\/yuzo-related-post\/assets\/images\/default.png') 50% 50% no-repeat;width: 125px;height:90px;margin-bottom: 5px;background-size: cover; \"><\/div>\n\t\t\t\t\t\t\t\t\t  <\/div>\n\t\t\t\t\t\t\t\t\t  \n\t\t\t\t\t\t\t\t   <span class=\"yuzo__text--title\" style=\"font-size:13px;\">Justi\u00e7a do Rio condena m\u00e9dico que estuprou mulhere...<\/span>\n\t\t\t\t\t\t\t  \n\t\t\t\t\t\t\t  \n\t\t\t\t\t\t\t  <\/a>\n\n\t\t\t\t\t\t  <\/div>\n\t\t\t\t\t\t  <div class=\"relatedthumb \" style=\"width:125px;float:left;overflow:hidden;\">  \n\t\t\t\t\t\t\t  \n\t\t\t\t\t\t\t  <a  href=\"https:\/\/redept.com.br\/blogosfera\/lula-enfrenta-o-imperio-manda-recados-a-trump-e-republicano-sem-saida-diz-que-deu-quimica-videos\/\"  >\n\t\t\t\t\t\t\t\t\t  <div class=\"yuzo-img-wrap \" style=\"width: 125px;height:90px;\">\n\t\t\t\t\t\t\t\t\t\t\n\t\t\t\t\t\t\t\t\t\t<div class=\"yuzo-img\" style=\"background:url('https:\/\/redept.org\/blogosfera\/wp-content\/plugins\/yuzo-related-post\/assets\/images\/default.png') 50% 50% no-repeat;width: 125px;height:90px;margin-bottom: 5px;background-size: cover; \"><\/div>\n\t\t\t\t\t\t\t\t\t  <\/div>\n\t\t\t\t\t\t\t\t\t  \n\t\t\t\t\t\t\t\t   <span class=\"yuzo__text--title\" style=\"font-size:13px;\">Lula enfrenta o imp\u00e9rio, manda recados a Trump e r...<\/span>\n\t\t\t\t\t\t\t  \n\t\t\t\t\t\t\t  \n\t\t\t\t\t\t\t  <\/a>\n\n\t\t\t\t\t\t  <\/div>\n\t\t\t\t\t\t  <div class=\"relatedthumb \" style=\"width:125px;float:left;overflow:hidden;\">  \n\t\t\t\t\t\t\t  \n\t\t\t\t\t\t\t  <a  href=\"https:\/\/redept.com.br\/blogosfera\/aliado-de-nikolas-foi-preso-por-corrupcao-ambiental-e-lavagem-de-dinheiro-mostra-folha-video\/\"  >\n\t\t\t\t\t\t\t\t\t  <div class=\"yuzo-img-wrap \" style=\"width: 125px;height:90px;\">\n\t\t\t\t\t\t\t\t\t\t\n\t\t\t\t\t\t\t\t\t\t<div class=\"yuzo-img\" style=\"background:url('https:\/\/redept.org\/blogosfera\/wp-content\/plugins\/yuzo-related-post\/assets\/images\/default.png') 50% 50% no-repeat;width: 125px;height:90px;margin-bottom: 5px;background-size: cover; \"><\/div>\n\t\t\t\t\t\t\t\t\t  <\/div>\n\t\t\t\t\t\t\t\t\t  \n\t\t\t\t\t\t\t\t   <span class=\"yuzo__text--title\" style=\"font-size:13px;\">Aliado de Nikolas foi preso por corrup\u00e7\u00e3o ambienta...<\/span>\n\t\t\t\t\t\t\t  \n\t\t\t\t\t\t\t  \n\t\t\t\t\t\t\t  <\/a>\n\n\t\t\t\t\t\t  <\/div>\n\t\t\t\t\t\t  <div class=\"relatedthumb \" style=\"width:125px;float:left;overflow:hidden;\">  \n\t\t\t\t\t\t\t  \n\t\t\t\t\t\t\t  <a  href=\"https:\/\/redept.com.br\/blogosfera\/ex-ministro-atuou-para-demover-bolsonaro-da-ideia-de-golpe-diz-defesa\/\"  >\n\t\t\t\t\t\t\t\t\t  <div class=\"yuzo-img-wrap \" style=\"width: 125px;height:90px;\">\n\t\t\t\t\t\t\t\t\t\t\n\t\t\t\t\t\t\t\t\t\t<div class=\"yuzo-img\" style=\"background:url('https:\/\/redept.org\/blogosfera\/wp-content\/plugins\/yuzo-related-post\/assets\/images\/default.png') 50% 50% no-repeat;width: 125px;height:90px;margin-bottom: 5px;background-size: cover; \"><\/div>\n\t\t\t\t\t\t\t\t\t  <\/div>\n\t\t\t\t\t\t\t\t\t  \n\t\t\t\t\t\t\t\t   <span class=\"yuzo__text--title\" style=\"font-size:13px;\">Ex-ministro atuou para demover Bolsonaro da ideia ...<\/span>\n\t\t\t\t\t\t\t  \n\t\t\t\t\t\t\t  \n\t\t\t\t\t\t\t  <\/a>\n\n\t\t\t\t\t\t  <\/div>\n<\/div> <script>\n\t\t\t\t\t\t  jQuery(document).ready(function( $ ){\n\t\t\t\t\t\t\t\/\/jQuery('.yuzo_related_post').equalizer({ overflow : 'relatedthumb' });\n\t\t\t\t\t\t\tjQuery('.yuzo_related_post .yuzo_wraps').equalizer({ columns : '> div' });\n\t\t\t\t\t\t   })\n\t\t\t\t\t\t  <\/script> <!-- End Yuzo :) -->","protected":false},"excerpt":{"rendered":"<p>Uma medida provis\u00f3ria publicada nesta ter\u00e7a-feira (28) abre cr\u00e9dito extraordin\u00e1rio de R$ 330 milh\u00f5es para subsidiar a importa\u00e7\u00e3o de g\u00e1s de cozinha, em meio \u00e0 alta dos pre\u00e7os provocada pelo cen\u00e1rio internacional. O recurso ser\u00e1 usado para garantir que o g\u00e1s liquefeito de petr\u00f3leo (GLP) importado seja vendido no Brasil pelo mesmo pre\u00e7o do produto [&hellip;]<\/p>\n","protected":false},"author":2,"featured_media":0,"comment_status":"open","ping_status":"closed","sticky":false,"template":"","format":"standard","meta":{"fifu_image_url":"","fifu_image_alt":"","footnotes":""},"categories":[5445,2626,3827,17001,52585,52586,52587,4545,40897,221,52588,3828,3457,161,996,52589,2836,1298,6596,3473,52590,2827,52591,52592,2884,52593,32733,43984,3255,46223,52594],"tags":[],"class_list":["post-85216","post","type-post","status-publish","format-standard","hentry","category-alta-dos-precos","category-arcabouco-fiscal","category-auxilio-gas","category-botijao-de-gas","category-compensacao-financeira","category-consumidor-final","category-credito-extraordinario","category-custo-de-vida","category-distribuidoras","category-economia","category-familia-de-baixa-renda","category-gas-de-cozinha","category-glp","category-governo-federal","category-guerra-no-oriente-medio","category-importacao-de-gas","category-ldo","category-logistica","category-medida-provisoria","category-meta-fiscal","category-periodo-de-abril-a-maio","category-petroleo","category-preco-do-gas","category-precos-internacionais","category-programas-sociais","category-r-330-milhoes","category-subsidio","category-subvencao","category-superavit-primario","category-transporte-de-cargas","category-volatilidade-de-precos"],"_links":{"self":[{"href":"https:\/\/redept.com.br\/blogosfera\/wp-json\/wp\/v2\/posts\/85216","targetHints":{"allow":["GET"]}}],"collection":[{"href":"https:\/\/redept.com.br\/blogosfera\/wp-json\/wp\/v2\/posts"}],"about":[{"href":"https:\/\/redept.com.br\/blogosfera\/wp-json\/wp\/v2\/types\/post"}],"author":[{"embeddable":true,"href":"https:\/\/redept.com.br\/blogosfera\/wp-json\/wp\/v2\/users\/2"}],"replies":[{"embeddable":true,"href":"https:\/\/redept.com.br\/blogosfera\/wp-json\/wp\/v2\/comments?post=85216"}],"version-history":[{"count":0,"href":"https:\/\/redept.com.br\/blogosfera\/wp-json\/wp\/v2\/posts\/85216\/revisions"}],"wp:attachment":[{"href":"https:\/\/redept.com.br\/blogosfera\/wp-json\/wp\/v2\/media?parent=85216"}],"wp:term":[{"taxonomy":"category","embeddable":true,"href":"https:\/\/redept.com.br\/blogosfera\/wp-json\/wp\/v2\/categories?post=85216"},{"taxonomy":"post_tag","embeddable":true,"href":"https:\/\/redept.com.br\/blogosfera\/wp-json\/wp\/v2\/tags?post=85216"}],"curies":[{"name":"wp","href":"https:\/\/api.w.org\/{rel}","templated":true}]}}