{"id":85217,"date":"2026-04-28T21:47:17","date_gmt":"2026-04-29T00:47:17","guid":{"rendered":"https:\/\/redept.com.br\/blogosfera\/pf-investiga-contrabando-em-aviao-de-empresario-que-transportava-hugo-motta-e-ciro-nogueira\/"},"modified":"2026-04-28T21:47:17","modified_gmt":"2026-04-29T00:47:17","slug":"pf-investiga-contrabando-em-aviao-de-empresario-que-transportava-hugo-motta-e-ciro-nogueira","status":"publish","type":"post","link":"https:\/\/redept.com.br\/blogosfera\/pf-investiga-contrabando-em-aviao-de-empresario-que-transportava-hugo-motta-e-ciro-nogueira\/","title":{"rendered":"PF investiga contrabando em avi\u00e3o de empres\u00e1rio que transportava Hugo Motta e Ciro Nogueira"},"content":{"rendered":"<p>A Pol\u00edcia Federal (PF) investiga um suposto caso de contrabando em um voo particular de um empres\u00e1rio do setor de bets em que estavam o presidente da C\u00e2mara, Hugo Motta (Republicanos-PB), e o senador Ciro Nogueira (PP-PI), em abril de 2025. Cinco malas n\u00e3o passaram pelo raio-X na chegada ao aeroporto de S\u00e3o Roque (SP). [\u2026]<\/p>\n<p><a href=\"https:\/\/www.brasildefato.com.br\/2026\/04\/28\/pf-investiga-contrabando-em-aviao-de-empresario-que-transportava-hugo-motta-e-ciro-nogueira\/\" rel=\"nofollow\">Fonte<\/a><\/p>\n<!-- Begin Yuzo --><div class='yuzo_related_post style-1'  data-version='5.12.89'><!-- without result --><div class='yuzo_clearfixed yuzo__title yuzo__title'><h3>Related Post<\/h3><\/div>\n\t\t\t\t\t\t  <div class=\"relatedthumb \" style=\"width:125px;float:left;overflow:hidden;\">  \n\t\t\t\t\t\t\t  \n\t\t\t\t\t\t\t  <a  href=\"https:\/\/redept.com.br\/blogosfera\/senado-aprova-ampliacao-gradual-de-licenca-paternidade-para-ate-20-dias\/\"  >\n\t\t\t\t\t\t\t\t\t  <div class=\"yuzo-img-wrap \" style=\"width: 125px;height:90px;\">\n\t\t\t\t\t\t\t\t\t\t\n\t\t\t\t\t\t\t\t\t\t<div class=\"yuzo-img\" style=\"background:url('https:\/\/redept.com.br\/blogosfera\/wp-content\/uploads\/2026\/03\/licenca-paternidade-150x150.jpg') 50% 50% no-repeat;width: 125px;height:90px;margin-bottom: 5px;background-size: cover; \"><\/div>\n\t\t\t\t\t\t\t\t\t  <\/div>\n\t\t\t\t\t\t\t\t\t  \n\t\t\t\t\t\t\t\t   <span class=\"yuzo__text--title\" style=\"font-size:13px;\">Senado aprova amplia\u00e7\u00e3o gradual de licen\u00e7a-paterni...<\/span>\n\t\t\t\t\t\t\t  \n\t\t\t\t\t\t\t  \n\t\t\t\t\t\t\t  <\/a>\n\n\t\t\t\t\t\t  <\/div>\n\t\t\t\t\t\t  <div class=\"relatedthumb \" style=\"width:125px;float:left;overflow:hidden;\">  \n\t\t\t\t\t\t\t  \n\t\t\t\t\t\t\t  <a  href=\"https:\/\/redept.com.br\/blogosfera\/governo-tarcisio-comeca-remocao-gradual-da-favela-do-moinho-apesar-de-protestos-moradores-denunciam-coacao\/\"  >\n\t\t\t\t\t\t\t\t\t  <div class=\"yuzo-img-wrap \" style=\"width: 125px;height:90px;\">\n\t\t\t\t\t\t\t\t\t\t\n\t\t\t\t\t\t\t\t\t\t<div class=\"yuzo-img\" style=\"background:url('https:\/\/redept.com.br\/blogosfera\/wp-content\/uploads\/2025\/04\/WhatsApp-Image-2025-04-22-at-123339-150x150.jpeg') 50% 50% no-repeat;width: 125px;height:90px;margin-bottom: 5px;background-size: cover; \"><\/div>\n\t\t\t\t\t\t\t\t\t  <\/div>\n\t\t\t\t\t\t\t\t\t  \n\t\t\t\t\t\t\t\t   <span class=\"yuzo__text--title\" style=\"font-size:13px;\">Governo Tarc\u00edsio come\u00e7a remo\u00e7\u00e3o gradual da Favela ...<\/span>\n\t\t\t\t\t\t\t  \n\t\t\t\t\t\t\t  \n\t\t\t\t\t\t\t  <\/a>\n\n\t\t\t\t\t\t  <\/div>\n\t\t\t\t\t\t  <div class=\"relatedthumb \" style=\"width:125px;float:left;overflow:hidden;\">  \n\t\t\t\t\t\t\t  \n\t\t\t\t\t\t\t  <a  href=\"https:\/\/redept.com.br\/blogosfera\/alfabetizacao-de-adultos-pode-aumentar-renda-em-ate-16-aponta-estudo\/\"  >\n\t\t\t\t\t\t\t\t\t  <div class=\"yuzo-img-wrap \" style=\"width: 125px;height:90px;\">\n\t\t\t\t\t\t\t\t\t\t\n\t\t\t\t\t\t\t\t\t\t<div class=\"yuzo-img\" style=\"background:url('https:\/\/redept.org\/blogosfera\/wp-content\/plugins\/yuzo-related-post\/assets\/images\/default.png') 50% 50% no-repeat;width: 125px;height:90px;margin-bottom: 5px;background-size: cover; \"><\/div>\n\t\t\t\t\t\t\t\t\t  <\/div>\n\t\t\t\t\t\t\t\t\t  \n\t\t\t\t\t\t\t\t   <span class=\"yuzo__text--title\" style=\"font-size:13px;\">Alfabetiza\u00e7\u00e3o de adultos pode aumentar renda em at...<\/span>\n\t\t\t\t\t\t\t  \n\t\t\t\t\t\t\t  \n\t\t\t\t\t\t\t  <\/a>\n\n\t\t\t\t\t\t  <\/div>\n\t\t\t\t\t\t  <div class=\"relatedthumb \" style=\"width:125px;float:left;overflow:hidden;\">  \n\t\t\t\t\t\t\t  \n\t\t\t\t\t\t\t  <a  href=\"https:\/\/redept.com.br\/blogosfera\/maes-na-escala-6x1-enfrentam-exaustao-e-distancia-dos-filhos-para-garantir-sustento-familiar\/\"  >\n\t\t\t\t\t\t\t\t\t  <div class=\"yuzo-img-wrap \" style=\"width: 125px;height:90px;\">\n\t\t\t\t\t\t\t\t\t\t\n\t\t\t\t\t\t\t\t\t\t<div class=\"yuzo-img\" style=\"background:url('https:\/\/redept.org\/blogosfera\/wp-content\/plugins\/yuzo-related-post\/assets\/images\/default.png') 50% 50% no-repeat;width: 125px;height:90px;margin-bottom: 5px;background-size: cover; \"><\/div>\n\t\t\t\t\t\t\t\t\t  <\/div>\n\t\t\t\t\t\t\t\t\t  \n\t\t\t\t\t\t\t\t   <span class=\"yuzo__text--title\" style=\"font-size:13px;\">M\u00e3es na escala 6\u00d71 enfrentam exaust\u00e3o e dist\u00e2ncia ...<\/span>\n\t\t\t\t\t\t\t  \n\t\t\t\t\t\t\t  \n\t\t\t\t\t\t\t  <\/a>\n\n\t\t\t\t\t\t  <\/div>\n<\/div> <script>\n\t\t\t\t\t\t  jQuery(document).ready(function( $ ){\n\t\t\t\t\t\t\t\/\/jQuery('.yuzo_related_post').equalizer({ overflow : 'relatedthumb' });\n\t\t\t\t\t\t\tjQuery('.yuzo_related_post .yuzo_wraps').equalizer({ columns : '> div' });\n\t\t\t\t\t\t   })\n\t\t\t\t\t\t  <\/script> <!-- End Yuzo :) -->","protected":false},"excerpt":{"rendered":"<p>A Pol\u00edcia Federal (PF) investiga um suposto caso de contrabando em um voo particular de um empres\u00e1rio do setor de bets em que estavam o presidente da C\u00e2mara, Hugo Motta (Republicanos-PB), e o senador Ciro Nogueira (PP-PI), em abril de 2025. Cinco malas n\u00e3o passaram pelo raio-X na chegada ao aeroporto de S\u00e3o Roque (SP). [&hellip;]<\/p>\n","protected":false},"author":2,"featured_media":0,"comment_status":"open","ping_status":"closed","sticky":false,"template":"","format":"standard","meta":{"fifu_image_url":"","fifu_image_alt":"","footnotes":""},"categories":[10281,1261,13866,52595,27230,9602,8873,1084,52596,52597,9642,52598,5281,12627,3325,52599,3102,25581,52600,52601,711,1570,1764,132,14701,52602,52603,260,7236,52604],"tags":[],"class_list":["post-85217","post","type-post","status-publish","format-standard","hentry","category-aeroporto","category-alexandre-de-moraes","category-auditor-fiscal","category-aviao-particular","category-bagagens","category-ciro-nogueira","category-contrabando","category-cpi-das-bets","category-doutor-luizinho","category-empresario-de-bets","category-fernandin-oig","category-fernando-oliveira-lima","category-folha-de-s-paulo","category-foro-privilegiado","category-hugo-motta","category-ilha-caribenha","category-investigacao","category-isnaldo-bulhoes","category-liberacao-sem-inspecao","category-marco-antonio-canella","category-parlamentares","category-pgr","category-policia-federal","category-politica","category-procuradoria-geral-da-republica","category-raio-x","category-sao-roque","category-stf","category-supremo-tribunal-federal","category-voo-sao-martinho"],"_links":{"self":[{"href":"https:\/\/redept.com.br\/blogosfera\/wp-json\/wp\/v2\/posts\/85217","targetHints":{"allow":["GET"]}}],"collection":[{"href":"https:\/\/redept.com.br\/blogosfera\/wp-json\/wp\/v2\/posts"}],"about":[{"href":"https:\/\/redept.com.br\/blogosfera\/wp-json\/wp\/v2\/types\/post"}],"author":[{"embeddable":true,"href":"https:\/\/redept.com.br\/blogosfera\/wp-json\/wp\/v2\/users\/2"}],"replies":[{"embeddable":true,"href":"https:\/\/redept.com.br\/blogosfera\/wp-json\/wp\/v2\/comments?post=85217"}],"version-history":[{"count":0,"href":"https:\/\/redept.com.br\/blogosfera\/wp-json\/wp\/v2\/posts\/85217\/revisions"}],"wp:attachment":[{"href":"https:\/\/redept.com.br\/blogosfera\/wp-json\/wp\/v2\/media?parent=85217"}],"wp:term":[{"taxonomy":"category","embeddable":true,"href":"https:\/\/redept.com.br\/blogosfera\/wp-json\/wp\/v2\/categories?post=85217"},{"taxonomy":"post_tag","embeddable":true,"href":"https:\/\/redept.com.br\/blogosfera\/wp-json\/wp\/v2\/tags?post=85217"}],"curies":[{"name":"wp","href":"https:\/\/api.w.org\/{rel}","templated":true}]}}