{"id":85237,"date":"2026-04-28T19:23:15","date_gmt":"2026-04-28T22:23:15","guid":{"rendered":"https:\/\/redept.com.br\/blogosfera\/lula-sua-ultima-eleicao-e-seus-demonios\/"},"modified":"2026-04-28T19:23:15","modified_gmt":"2026-04-28T22:23:15","slug":"lula-sua-ultima-eleicao-e-seus-demonios","status":"publish","type":"post","link":"https:\/\/redept.com.br\/blogosfera\/lula-sua-ultima-eleicao-e-seus-demonios\/","title":{"rendered":"Lula, sua \u00faltima elei\u00e7\u00e3o e seus dem\u00f4nios"},"content":{"rendered":"<figure><img fetchpriority=\"high\" fetchpriority=\"high\" decoding=\"async\" width=\"1500\" height=\"793\"src=\"https:\/\/redept.com.br\/blogosfera\/wp-content\/uploads\/2026\/04\/photo_5154524147995053084_w12-2048x1083.jpg\" alt=\"\" srcset=\"https:\/\/estaticos.opara.me\/outraspalavras\/uploads\/2026\/04\/28192815\/photo_5154524147995053084_w12-1500x793.jpg 1500w, https:\/\/estaticos.opara.me\/outraspalavras\/uploads\/2026\/04\/28192815\/photo_5154524147995053084_w12-300x159.jpg 300w, https:\/\/estaticos.opara.me\/outraspalavras\/uploads\/2026\/04\/28192815\/photo_5154524147995053084_w12-768x406.jpg 768w, https:\/\/estaticos.opara.me\/outraspalavras\/uploads\/2026\/04\/28192815\/photo_5154524147995053084_w12-1536x812.jpg 1536w, https:\/\/redept.com.br\/blogosfera\/wp-content\/uploads\/2026\/04\/photo_5154524147995053084_w12-2048x1083.jpg 2048w\" sizes=\"(max-width: 1500px) 100vw, 1500px\"><\/figure>\n<div>\n<div>\n<div>\n<div>\n<div>\n<div>\n<div>\n<h4>Boletim Outras Palavras<\/h4>\n<p>Receba por email, diariamente, todas as publica\u00e7\u00f5es do site<\/p>\n<\/p><\/div>\n<div>\n<div>\n<div>\n<div>\n<div><\/div>\n<\/p><\/div>\n<\/p><\/div>\n<div>\n                <button type=\"submit\">Assinar<\/button><br \/>\n                <button disabled type=\"button\"> <\/p>\n<div><\/div>\n<p> <span>Loading&#8230;<\/span> <\/button>\n              <\/div>\n<\/p><\/div>\n<\/p><\/div>\n<div>\n            <button type=\"submit\">Assinar<\/button><br \/>\n            <button disabled type=\"button\"> <\/p>\n<div><\/div>\n<p> <span>Loading&#8230;<\/span> <\/button>\n          <\/div>\n<\/p><\/div>\n<div>\n<div>\n<h4>Agradecemos!<\/h4>\n<p>Voc\u00ea j\u00e1 est\u00e1 inscrito e come\u00e7ar\u00e1 a receber os boletins em breve. Boa leitura!<\/p>\n<\/p><\/div>\n<\/p><\/div>\n<\/p><\/div>\n<\/p><\/div>\n<\/div>\n<\/div>\n<\/div>\n<p>O homem \u00e0 minha frente, no caixa de supermercado, aceita constrangido que a funcion\u00e1ria tire da balan\u00e7a quase a metade dos tomates que pretendia levar. Ficam os que pode pagar com a c\u00e9dula rosada que traz em suas m\u00e3os. Feita a transa\u00e7\u00e3o, ele exibe \u00e0 fila o pacote minguado que restou e exclama, entre lamento e revolta: \u201cSeis tomates por dez reais!\u201d.<\/p>\n<p>Dezenas de milh\u00f5es de brasileiros viveram sufuco semelhante nas \u00faltimas semanas \u2013 e \u00e9 prov\u00e1vel que o drama persista. A agress\u00e3o de Trump ao Ir\u00e3 provocou, numa economia mundial j\u00e1 em desarranjo, um novo surto de tremores financeiros, ruptura das cadeias produtivas (em especial de petr\u00f3leo, g\u00e1s e fertilizantes) e infla\u00e7\u00e3o, particularmente de alimentos. Em mar\u00e7o, os pre\u00e7os dispararam no Brasil. Em algumas regi\u00f5es, a cesta b\u00e1sica subiu 7,12% em 30 dias, chegando pr\u00f3xima ao patamar recorde de abril de 2025.<\/p>\n<p>O impacto eleitoral da alta \u00e9 evidente. Num governo que n\u00e3o ousou reformas estruturais, e colocou em si mesmo a camisa-de-for\u00e7a do \u201cajuste fiscal\u201d, a popularidade depende de melhoras no padr\u00e3o de vida e de consumo (a proverbial \u201cpicanha com cerveja\u201d). Se n\u00e3o for detida, a alta da comida corroer\u00e1 rapidamente a pequena eleva\u00e7\u00e3o dos sal\u00e1rios e os ganhos obtidos por parte dos trabalhadores com a isen\u00e7\u00e3o do Imposto de Renda. Mas os ordenados sobem uma vez por ano e o benef\u00edcio fiscal ocorre uma vez na vida. J\u00e1 o espinho da carestia espeta todos os dias. Al\u00e9m disso, h\u00e1 74 milh\u00f5es de inadimplentes (45% da popula\u00e7\u00e3o adulta) e os juros consomem 29,3% da renda das fam\u00edlias. A fila na concess\u00e3o de aposentadorias ultrapassou 3 milh\u00f5es de prejudicados e o repasse b\u00e1sico do Bolsa-Fam\u00edlia est\u00e1 congelado em R$ 600 h\u00e1 mais de tr\u00eas anos. A pouco mais de cinco meses do pleito, Lula parece estar numa enrascada. O plano de assegurar o quarto mandato sem estabelecer choque de projetos, confiando apenas no impulso de aprova\u00e7\u00e3o p\u00f3s-junho de 2025, vacila. Fl\u00e1vio Bolsonaro avan\u00e7a. O governo ainda tem em m\u00e3os trunfos poderosos, como a luta contra a jornada 6\u00d71, uma poss\u00edvel (por\u00e9m ainda desconhecida) salva\u00e7\u00e3o dos endividados e a campanha pela tarifa zero nos transportes p\u00fablicos. Mas n\u00e3o est\u00e1 sendo capaz de costur\u00e1-los num discurso claro e mobilizador. Ainda poder\u00e1 faz\u00ea-lo?<\/p>\n<div>\n<div><img loading=\"lazy\" loading=\"lazy\" decoding=\"async\"src=\"https:\/\/redept.com.br\/blogosfera\/wp-content\/uploads\/2026\/04\/1-48.png\" alt=\"\" srcset=\"https:\/\/redept.com.br\/blogosfera\/wp-content\/uploads\/2026\/04\/1-48.png 680w, https:\/\/estaticos.opara.me\/outraspalavras\/uploads\/2025\/12\/04164347\/15-300x110.png 300w\" sizes=\"auto, (max-width: 680px) 100vw, 680px\" width=\"680\" height=\"250\"><\/div>\n<\/div>\n<p><strong>I.<br \/><u>Das cordas ao contra-ataque<\/u><br \/><\/strong>\u00c9 poss\u00edvel reverter uma derrocada?<\/p>\n<p>Para compreender o contrap\u00e9 de Lula e os poss\u00edveis caminhos para revert\u00ea-lo \u00e9 \u00fatil examinar, abaixo, o gr\u00e1fico de aprova\u00e7\u00e3o do presidente \u2013 em especial, as duas reviravoltas not\u00e1veis verificadas num curto per\u00edodo de seis meses. Os dados s\u00e3o da pesquisa Genial\/Quaest. Lula3 atinge o \u00e1pice da popularidade por volta de setembro de 2023, ao final do <em>intervalo 1<\/em>. Nove meses depois de iniciar seu mandato, ele havia sido capaz at\u00e9 mesmo de dissipar, em parte, a polariza\u00e7\u00e3o \u00e1spera que marca a pol\u00edtica institucional brasileira desde a segunda elei\u00e7\u00e3o de Dilma, em 2014. \u00c9 poss\u00edvel que o desgaste da ultradireita ap\u00f3s o golpe de 8 de janeiro tenha contribu\u00eddo. Seja como for, Lula tinha 60% de aprova\u00e7\u00e3o contra 25% de rejei\u00e7\u00e3o, uma margem folgada de 35 pontos positivos. Para compara\u00e7\u00e3o, Donald Trump tinha, \u00e0 mesma altura de seu atual per\u00edodo, 16 e o alem\u00e3o Friedrich Merz tem hoje, 69.<\/p>\n<figure><img decoding=\"async\" width=\"1010\" height=\"1108\"src=\"https:\/\/redept.com.br\/blogosfera\/wp-content\/uploads\/2026\/04\/photo_5154524147995053074_y.jpg\" alt=\"\" srcset=\"https:\/\/redept.com.br\/blogosfera\/wp-content\/uploads\/2026\/04\/photo_5154524147995053074_y.jpg 1010w, https:\/\/estaticos.opara.me\/outraspalavras\/uploads\/2026\/04\/28174858\/photo_5154524147995053074_y-273x300.jpg 273w, https:\/\/estaticos.opara.me\/outraspalavras\/uploads\/2026\/04\/28174858\/photo_5154524147995053074_y-768x843.jpg 768w\" sizes=\"(max-width: 1010px) 100vw, 1010px\"><\/figure>\n<p>Segue-se, por\u00e9m, um per\u00edodo de corros\u00e3o lenta e constante do apoio ao presidente, que se prolonga por 21 meses. Ocorre por etapas. Lula desgasta-se primeiro entre os homens, os brancos, as faixas de maior renda, os sulistas e sudestinos. Mas a desilus\u00e3o \u00e9 cont\u00ednua. Por volta de maio de 2025, est\u00e1 em minoria entre as mulheres, os negros e em todas as faixas de renda \u2013 exceto a dos que ganham at\u00e9 1 sal\u00e1rio m\u00ednimo. Das regi\u00f5es, s\u00f3 o Nordeste ainda o apoia majoritariamente. A conclus\u00e3o \u00e9 \u00f3bvia. A frustra\u00e7\u00e3o com o descumprimento das promessas de mudan\u00e7a vai se espalhando em ondas, at\u00e9 chegar ao cora\u00e7\u00e3o do lulismo. Mas deve-se considerar um fator adicional, que pode estar se repetindo agora. Entre outubro de 2024 e maio de 2025, h\u00e1 um surto inflacion\u00e1rio. A cesta b\u00e1sica dispara: 12,8% em S\u00e3o Paulo, segundo o Dieese. A partir de janeiro de 2025, o apoio ao presidente entra em territ\u00f3rio negativo e cai com maior velocidade. Chega a \u2013 17 pontos em maio \u2013 m\u00eas que fecha, no gr\u00e1fico, o <em>intervalo 2<\/em>.<\/p>\n<p>Mas a partir de junho ocorre a primeira reviravolta, que impressiona pela rapidez com que se desenrola. Em 25\/6, sem apoio tamb\u00e9m no Congresso, o presidente \u00e9 emparedado pelo Centr\u00e3o, que questiona at\u00e9 mesmo seu direito legal a alterar as al\u00edquotas do Imposto sobre Opera\u00e7\u00f5es Financeiras (IOF). Lula reage, aceita o confronto e parte para a ofensiva. O mote \u00e9 a injusti\u00e7a fiscal. Confrontado no campo tribut\u00e1rio, o presidente denuncia as leis que praticamente isentam os mais ricos de pagar impostos. Uma campanha vibrante de memes, que viraliza e forma uma rede espont\u00e2nea de criadores e difusores em todo o pa\u00eds, acrescenta novo elemento \u00e0 disputa: aponta a cumplicidade do Legislativo com a mamata. Na avenida aberta por sua investida, o governo pressiona pelo Projeto de Lei 1087\/25, que isenta de IR as rendas at\u00e9 R$ 5 mil e estabelece alguma tributa\u00e7\u00e3o sobre os mais ricos.<\/p>\n<p>Em julho, a escalada prossegue. O Brasil \u00e9 confrontado por um \u201ctarifa\u00e7o\u201d de Trump, que tenta impor sobretaxa aduaneira de 50% sobre as exporta\u00e7\u00f5es nacionais, Lula n\u00e3o recua, ao contr\u00e1rio do que fizeram dirigentes de pa\u00edses e blocos mais poderosos \u2013 Uni\u00e3o Europeia, Jap\u00e3o e Coreia, por exemplo. Aponta \u201cchantagem inaceit\u00e1vel\u201d, recorre \u00e0 OMC e, mais importante, amea\u00e7a retaliar por meio da Lei de Reciprocidade Econ\u00f4mica. Ficam expostos os enormes interesses das \u201cbig techs\u201d norte-americanas no pa\u00eds<\/p>\n<p>A contraofensiva se amplia em 21 de setembro. Um passo em falso do Centr\u00e3o, que tenta aprovar a \u201cPEC da Blindagem\u201d, leva multid\u00f5es \u00e0s ruas, em protestos que se espalham pelo pa\u00eds. S\u00e3o convocados essencialmente por movimentos sociais (com alguma participa\u00e7\u00e3o dos partidos de esquerda). Abrem a perspectiva de um enfrentamento popular e politizado \u00e0 ultradireita e \u00e0s maiorias conservadoras do Congresso. Lula recupera sua popularidade. J\u00e1 no in\u00edcio de outubro, pouco mais de tr\u00eas meses depois de reagir, explicitar diferen\u00e7as pol\u00edticas e aceitar o confronto, o presidente v\u00ea a mudan\u00e7a de postura aprovada pela popula\u00e7\u00e3o. O saldo de aprova\u00e7\u00e3o sobe dos 17 negativos a neutro, como se v\u00ea, em \u00f3bvia tend\u00eancia de alta, como se v\u00ea, no gr\u00e1fico, ao final do <em>intervalo 3<\/em>. Os setores mais fi\u00e9is ao lulismo s\u00e3o os que retornam mais rapidamente, o que amplia as possibilidades de mobiliza\u00e7\u00e3o. Nas sondagens sobre a inten\u00e7\u00e3o de voto em 2026, o presidente lidera com ampla folga. Tem doze pontos \u00e0 frente do governador de S\u00e3o Paulo, Tarc\u00edsio de Freitas, que \u00e0quele momento \u00e9 seu advers\u00e1rio melhor posicionado. A primeira reviravolta pol\u00edtico-eleitoral est\u00e1 completa.<\/p>\n<p><strong>II.<br \/><u>Ressurge o Conciliador<\/u><br \/><\/strong>A ofensiva popular frustrada a meio-caminho<\/p>\n<div>\n<div><\/div>\n<\/div>\n<p>Mas, tal como ocorreu desde 2003, os planos de Lula n\u00e3o inclu\u00edam um est\u00edmulo a mais mobiliza\u00e7\u00e3o social, ou a sustentar o choque de projetos. Todos os gestos do presidente sugerem que ele concebeu, entre outubro e novembro, a estrat\u00e9gia que orienta at\u00e9 aqui sua campanha ao quarto mandato. Significa arrancar pequenos espa\u00e7os fiscais, recusando-se, ao mesmo tempo, a questionar a \u201causteridade\u201d e a destina\u00e7\u00e3o priorit\u00e1ria do dinheiro p\u00fablico aos rentistas. O Estado brasileiro continuar\u00e1 pagando R$ 1 trilh\u00e3o ao ano (3,5 vezes o or\u00e7amento do SUS) ao 0,1% que se beneficia com a maior taxa de juros do planeta. O pa\u00eds permanecer\u00e1 regredido. Mas o recuo do Centr\u00e3o rendeu ao governo algum espa\u00e7o. Al\u00e9m de abandonar a PEC da Blindagem, o Congresso aprovou medidas que representaram um pequeno al\u00edvio no Or\u00e7amento de 2026. O presidente pensa que contar\u00e1, no ano eleitoral, com \u201cprogramas sociais\u201d como o \u201cVale-g\u00e1s\u201d, o \u201cP\u00e9-de-meia\u201d e algum refor\u00e7o ao \u201cMinha Casa, Minha Vida\u201d.<\/p>\n<p>Satisfeito, Lula prepara um acomodamento. No plano interno, as tens\u00f5es com o Centr\u00e3o s\u00e3o esquecidas pouco a pouco. Na primeira semana de novembro, C\u00e2mara e Senado aprovam, ambos por unanimidade, o projeto que altera o Imposto de Renda. Pouco mais de uma semana antes, o presidente havia se encontrado com Trump na Mal\u00e1sia. Obtivera a promessa de revis\u00e3o do \u201ctarifa\u00e7o\u201d contra o Brasil. Em contrapartida, imaginara o fim das tens\u00f5es entre os dois pa\u00edses: \u201cO Brasil tem interesse de ter uma rela\u00e7\u00e3o extraordin\u00e1ria com os Estados Unidos. N\u00e3o h\u00e1 nenhuma raz\u00e3o para qualquer desaven\u00e7a entre Brasil e Estados Unidos\u201d, dissera.<\/p>\n<p>O breve tempo de luta havia se encerrado com vit\u00f3ria. Era hora de assumir de novo o figurino do Lula conciliador, o que governa para todos. A reelei\u00e7\u00e3o viria naturalmente \u2013 n\u00e3o a partir da disputa de vis\u00f5es de pa\u00eds e de projetos de futuro, mas de uma pol\u00edtica de alian\u00e7as ainda mais ampla. No plano externo, uma rela\u00e7\u00e3o \u201cnormalizada\u201d com a Casa Branca supostamente ajudaria a minar as for\u00e7as dos Bolsonaro. Neste ponto, o presidente cometeu seu grande engano. Passados cinco meses, n\u00e3o d\u00e1 mostras de t\u00ea-lo compreendido.<\/p>\n<p>* * *<\/p>\n<p>H\u00e1 um claro abismo entre a forma\u00e7\u00e3o de Lula e as caracter\u00edsticas da pol\u00edtica no s\u00e9culo XXI. \u00c9 \u00fatil explor\u00e1-lo, para entender por que se d\u00e1, a partir de novembro de 2025, uma segunda reviravolta na curva de apoio popular ao presidente \u2013 desta vez, francamente desfavor\u00e1vel e ele e at\u00e9 o momento n\u00e3o contida.<\/p>\n<p>Examinado a fundo por pensadores como Wolfgang Streek, Chantal Mouffe e Ernesto Laclau, o <em>colapso do antigo centro <\/em>(n\u00e3o confundir com o Centr\u00e3o, que expressa a direita fisiol\u00f3gica) \u00e9 um dos fen\u00f4menos cruciais de nossa \u00e9poca. As respostas das elites \u00e0 crise iniciada em 2008 acirraram como nunca a desigualdade e resultaram em desencanto disseminado com a democracia liberal. Produziram-se mudan\u00e7as dram\u00e1ticas e inesperadas. A converg\u00eancia do eleitorado para posi\u00e7\u00f5es tidas como \u201cmoderadas\u201d, que havia marcado o Ocidente desde o p\u00f3s-II Guerra, dissipou-se. Abriu-se um v\u00e1cuo prop\u00edcio a alternativas de sentido oposto.<\/p>\n<p>\u00c0 direita, emergiu uma vasta constela\u00e7\u00e3o de (p\u00f3s-)fascismos de v\u00e1rias estirpes \u2013 as mais recentes, como de Elon Musk, Milei, Bukele e, no Brasil, Renan Santos e o Miss\u00e3o, ultraliberais. Professam, em ess\u00eancia, a descren\u00e7a na pol\u00edtica (e em especial, na redistribui\u00e7\u00e3o da riqueza), o salve-se-quem-puder e a revaloriza\u00e7\u00e3o do patriarcado e da branquitude. \u00c0 esquerda, surgiu um populismo progressista, que j\u00e1 n\u00e3o busca enxergar os conflitos sociais apenas a partir do trabalho e procura constituir novos sujeitos pol\u00edticos, capazes de enfrentar a radicaliza\u00e7\u00e3o do capital. Sua for\u00e7a pol\u00edtica n\u00e3o se compara \u00e0 da ultradireita, mas sua exist\u00eancia indica a possibilidade de novos caminhos. Expressa-se em Lopez Obrador e Cl\u00e1udia Sheinbaum (M\u00e9xico), Gustavo Petro (Col\u00f4mbia), Bernie Sanders, Alexandra Ocasio e Zohran Mamdani (EUA). Na \u00c1frica, produz apoio popular aos militares que tomaram o poder pelas armas, com discurso anticolonial.<\/p>\n<p>A trajet\u00f3ria de Lula \u00e9, ao contr\u00e1rio, marcada pela busca de converg\u00eancias entre os desiguais e pelo esfor\u00e7o de evitar ao m\u00e1ximo os conflitos. Esta natureza acompanha-o desde os tempos de sindicalista, como notou h\u00e1 poucas semanas seu bi\u00f3grafo. \u201cO Lula j\u00e1 era paz e amor antes de isso virar slogan (\u2026) Talvez tenha emergido [na presid\u00eancia] um personagem que j\u00e1 era. O Lula j\u00e1 era um negociador, um homem capaz de fazer concilia\u00e7\u00f5es\u201d, disse Fernando Moraes a <em>Carta Capital, <\/em>no in\u00edcio de abril. Partindo desta perspectiva, \u00e9 prov\u00e1vel que ele n\u00e3o tenha compreendido a necessidade de manter a den\u00fancia do parasitismo das elites e a disputa com o Centr\u00e3o, ap\u00f3s os primeiros \u00eaxitos. Pode ter julgado, ao contr\u00e1rio, que o sucesso se deu gra\u00e7as a sua intelig\u00eancia e habilidade pol\u00edticas incomuns; e que o eterno exerc\u00edcio de alternar acenos \u00e0 direita e \u00e0 esquerda poderia ser mantido at\u00e9 o pleito.<\/p>\n<p>* * *<\/p>\n<p>Os eleitores n\u00e3o parecem ter pensado da mesma forma. Quando Lula abandonou a tens\u00e3o com as institucionalidade conservadora, sua recupera\u00e7\u00e3o n\u00e3o se sustentou. Um outro fator passou a pesar: o desgaste a que est\u00e3o submetidos os governos, em tempos de crise. H\u00e1 governantes que denunciam as elites e a desigualdade (como Gustavo Petro), ou que se comunicam permanentemente com o pa\u00eds, para ditar a pauta pol\u00edtica (como Cl\u00e1udia Sheinbaum). Ambos constroem v\u00ednculos de solidariedade. Mas os que n\u00e3o agem, quando as condi\u00e7\u00f5es de vida se deterioram, correm o risco de ser vistos como c\u00famplices das circunst\u00e2ncias que infernizam o cotidiano das maiorias. A carestia aprofunda esta eros\u00e3o. O que pensar\u00e1 de Lula o trabalhador humilhado por deixar seus tomates no caixa do supermercado? Ou o que deixa quase um ter\u00e7o de sua renda minguada com os bancos? Que ressentimentos ser\u00e3o disparados pelo gatilho da frustra\u00e7\u00e3o?<\/p>\n<p>Ente outubro e dezembro de 2025, o saldo da aprova\u00e7\u00e3o de Lula manteve-se neutro. A partir de ent\u00e3o, cai com velocidade semelhante \u00e0 da alta anterior. Em meados de abril, bateu em \u2013 9, com vi\u00e9s claro de baixa. Nesse cen\u00e1rio, Fl\u00e1vio Bolsonaro deu-se ao luxo de \u201cjogar parado\u201d. O filho mais fr\u00e1gil e vulner\u00e1vel do ex-capit\u00e3o n\u00e3o se preocupa em criar fatos novos. Aposta no desgaste cont\u00ednuo do presidente e na possibilidade de captar, em meio \u00e0 polariza\u00e7\u00e3o, os votos dos que se desencantam com Lula.<\/p>\n<p><strong>III.<br \/><u>De como se perdem oportunidades<\/u><br \/><\/strong>Em 2023, o governo vestiu camisa-de-for\u00e7a. Agora sentem-se os efeitos<\/p>\n<p>O mais preocupante \u00e9 que, perdida a din\u00e2mica do confronto com as injusti\u00e7as, o governo parece incapaz de lan\u00e7ar uma a\u00e7\u00e3o coordenada, que projete \u00e0 maioria dos brasileiros um futuro melhor. Sem orienta\u00e7\u00e3o clara da presid\u00eancia, os ministros adequam as prioridades do Pal\u00e1cio do Planalto a seus pr\u00f3prios interesses e rela\u00e7\u00f5es com o mundo privado e a pol\u00edtica institucional.<\/p>\n<p>Lula prometeu medidas de al\u00edvio ao hiperendividamento da popula\u00e7\u00e3o, provocado por taxas de juros indecentes. Em 2\/4, o ministro Dario Durigan, que substitui Haddad na Fazenda, prometeu um programa \u201cem dez dias\u201d. Em 27\/4, seguia em longas negocia\u00e7\u00f5es com a Febraban. Num claro desvirtuamento da ideia original, aventava a hip\u00f3tese de \u201cliberar\u201d os endividados a queimar seus dep\u00f3sitos no FGTS, para satisfazer o apetite dos banqueiros. Se a f\u00f3rmula prosperasse, equivaleria a desfinanciar o BNDES e a quebrar a poupan\u00e7a dos assalariados para alimentar a fornalha dos rentistas \u2013 sem obrig\u00e1-los a rever a agiotagem e os abusos.<\/p>\n<p>Na luta contra a escala 6\u00d71, que assumiu tardiamente, o governo est\u00e1 \u00e0s voltas com dois percal\u00e7os. Como mostrou o soci\u00f3logo Rud\u00e1 Ricci, a campanha \u2013 que come\u00e7ou em a\u00e7\u00e3o espont\u00e2nea de Rick Azevedo do movimento Vida Al\u00e9m do Trabalho (VAT) e da deputa \u00c9rika Hilton, repercutiu rapidamente e poderia ter enorme efeito mobilizador. Mas assumiu, depois de encampada pelo Planalto, ares de chapa branca. Despreza o apelo \u00e0 mobiliza\u00e7\u00e3o social. Pode terminar identificada (e nesse caso, neutralizada) como mera bandeira eleitoral.\u00a0<\/p>\n<p>Al\u00e9m disso, o governo est\u00e1 no momento impedido de assumir seu protagonismo no pr\u00f3prio plano institucional, devido a hesita\u00e7\u00f5es. O ministro Guilherme Boulos insistiu, por muito tempo, que Lula enviasse um projeto pr\u00f3prio ao Congresso, reduzindo a jornada de trabalho. Estava claro que o Centr\u00e3o, aliado \u00e0s confedera\u00e7\u00f5es empresariais, protelava a tramita\u00e7\u00e3o de proposta de emenda constitucional (PEC) sobre o tema, postergando-a ao m\u00e1ximo \u2013 se poss\u00edvel, at\u00e9 depois das elei\u00e7\u00f5es. As alas institucionalistas do governo, por\u00e9m, adiaram a decis\u00e3o, buscando acordo com o presidente da C\u00e2mara, Hugo Motta, Em 14\/4, quando o projeto do governo foi finalmente apresentado, Motta j\u00e1 havia levado a PEC a um ponto em que ela passar\u00e1 a concentrar as aten\u00e7\u00f5es do notici\u00e1rio pol\u00edtico, escanteando e obscurecendo a iniciativa governamental.<\/p>\n<p>Em 28\/4, n\u00e3o h\u00e1 tamb\u00e9m sinais de redu\u00e7\u00e3o da fila das aposentadorias, porque o \u201carcabou\u00e7o\u201d de Fernando Haddad continua retendo os parcos recursos necess\u00e1rios a contratar mais servidores e honrar as obriga\u00e7\u00f5es do Estado junto aos trabalhadores. O governo tamb\u00e9m parecia ter desistido de apresentar a tarifa zero com proposta legislativa em 2025. At\u00e9 mesmo os R$ 20 bilh\u00f5es que refor\u00e7ariam o Minha Casa Minha vida foram liberados apenas em 15\/4, tarde demais para produzir efeito eleitoral relevante. O subprograma volta \u00e0 reforma de resid\u00eancias saiu com intermedia\u00e7\u00e3o dos bancos privados, e juros t\u00e3o abusivos (1,99% ao m\u00eas, ou 26,7% ao ano) que, em meio aos baixos sal\u00e1rios e \u00e0 carestia, menos de 10% dos recursos dispon\u00edveis foram solicitados.<\/p>\n<p>A mesma avers\u00e3o \u00e0 disputa repete-se na arena externa. Aqui, as oportunidades pol\u00edtico-eleitorais desperdi\u00e7adas s\u00e3o t\u00e3o \u00f3bvias que sugerem um Lula, de algum modo, alheio aos fatos. Est\u00e3o em pauta as terras raras e os minerais cr\u00edticos, essenciais \u00e0s tecnologias do s\u00e9culo 21. O Brasil tem a segunda maior reserva do planeta. A US Rare Earth avan\u00e7a sobre ela, adquirindo a Serra Verde, \u00fanica mina brasileira em atividade. Dois expoentes da ultradireita \u2013 Fl\u00e1vio Bolsonaro e Ronaldo Caiado \u2013 assumem [1 2] posi\u00e7\u00e3o claramente entreguista.<\/p>\n<p>O governo tem um card\u00e1pio de alternativas \u00e0 m\u00e3o; das mais pol\u00edticas e ousadas (estabelecer por Medida Provis\u00f3ria a Terrabr\u00e1s e propor por lei o monop\u00f3lio estatal) \u00e0s mobilizadoras (expor, com a capacidade comunicativa de Lula, a import\u00e2ncia da riqueza e os riscos de sua perda) e \u00e0s meramente defensivas (questionar judicialmente a opera\u00e7\u00e3o). Bem ao contr\u00e1rio de sua rea\u00e7\u00e3o altiva ao \u201ctarifa\u00e7o\u201d, h\u00e1 poucos meses, Lula opta agora pelo sil\u00eancio. E o governo adota a coniv\u00eancia: nem criar a estatal, nem judicializar, \u201cpara manter comunica\u00e7\u00e3o de alto n\u00edvel com a Casa Branca\u201d, segundo teriam dito funcion\u00e1rios graduados \u00e0 m\u00eddia. Em meio a uma disputa acirrada, a ousadia de Fl\u00e1vio e Caiado pode passar impune. Haver\u00e1 maior sinal da impot\u00eancia pol\u00edtica a que o recuo de outubro-novembro conduz?<\/p>\n<p><strong>IV.<br \/><u>Voo em c\u00e9u de tempestade<\/u><br \/><\/strong>Alternativas para cinco meses turbulentos<\/p>\n<p>\u00c9 poss\u00edvel superar a mar\u00e9 desfavor\u00e1vel? A resposta, evidentemente, \u00e9 <em>sim!<\/em> Os contrap\u00e9s do goleiro e do pol\u00edtico igualam-se no desenho, mas diferem no tempo. No futebol, o atleta calcula mal a trajet\u00f3ria do chute e escolhe o p\u00e9 de apoio errado, para constatar tarde demais o engano e assistir em desconsolo \u00e0 impossibilidade de corre\u00e7\u00e3o e defesa. A agonia dura as fra\u00e7\u00f5es de segundo do deslocamento da bola. Na pol\u00edtica, em especial nos dias acelerados e na mem\u00f3ria curta era digital, os erros se esquecem r\u00e1pido e as recupera\u00e7\u00f5es improv\u00e1veis s\u00e3o poss\u00edveis. Exercendo o governo, e prestes a uma derrota certa nas elei\u00e7\u00f5es parlamentares de abril de 2025, o Partido Liberal do Canad\u00e1 inverteu o resultado em tr\u00eas meses, entre janeiro e abril de 2024. Embora de centro-direita, Mark Carney, seu l\u00edder, soube denunciar a submiss\u00e3o do Partido Conservador (seu advers\u00e1rio) \u00e0 Casa Branca, que tamb\u00e9m amea\u00e7ava o pa\u00eds com um tarifa\u00e7o. Em poucas semanas, uma desvantagem de 25 pontos (20% x 45%) converteu-se numa lideran\u00e7a estreita por\u00e9m vitoriosa (43,7% x 41,3%). Mesmo em vi\u00e9s de baixa, Lula parte de uma posi\u00e7\u00e3o muito menos desconfort\u00e1vel que a de Mark Carney.<\/p>\n<p>Falta corrigir os rumos, r\u00e1pido. Mas qual o escopo de uma poss\u00edvel nova virada?<\/p>\n<p>N\u00e3o se deve esperar do presidente que, aos 80 anos, lidere a reconstru\u00e7\u00e3o do Brasil em novas bases \u2013 p\u00f3s-capitalistas e decoloniais. Esta \u00e9 uma trama hist\u00f3rica, a ser tecida no m\u00e9dio e longo prazos (embora precise come\u00e7ar j\u00e1). Vai requerer reconex\u00e3o com as bases populares, consci\u00eancia pol\u00edtica, formula\u00e7\u00e3o te\u00f3rica, mobiliza\u00e7\u00e3o social e mesmo alian\u00e7as internacionais in\u00e9ditas. N\u00e3o pode depender de um s\u00f3 homem \u2013 menos ainda de quem jamais abandonou a l\u00f3gica sindicalista que leva a lutar por um quinh\u00e3o maior da riqueza produzida, e n\u00e3o por um novo modo de produzir.<\/p>\n<p>O que se espera de Lula (e o que s\u00f3 ele pode oferecer, a pouco mais de cinco meses das elei\u00e7\u00f5es) s\u00e3o a\u00e7\u00f5es e narrativas que permitam \u00e0 maioria dos brasileiros compreender o que se passa \u00e0 sua volta num mundo em transe \u2013 sem sucumbir, em desespero, ao ressentimento e \u00e0 rejei\u00e7\u00e3o da pol\u00edtica. H\u00e1 caminhos claros e vi\u00e1veis para isso, que talvez possa ser resumido em quatro pontos.<\/p>\n<p><strong>A luta contra a Escala 6\u00d71 <\/strong>precisa ser resgatada das m\u00e3os trai\u00e7oeiras de Hugo Motta e do Centr\u00e3o. H\u00e1 uma f\u00f3rmula certeira para isso. O n\u00facleo da batalha deve ser deslocado do Parlamento para as ruas e locais de trabalho. Instrumentos simples, que fazem parte h\u00e1 muito do repert\u00f3rio dos movimentos sociais, podem ser \u00fateis novamente \u2013 turbinados, agora, pela comunica\u00e7\u00e3o em rede. Imagine, como ferramenta b\u00e1sica, um abaixo-assinado difundido em todo o pa\u00eds, dirigido ao Parlamento, reivindicando a aprova\u00e7\u00e3o, anterior \u00e0s elei\u00e7\u00f5es, da redu\u00e7\u00e3o da jornada e do direito a dois dias de descanso semanal. Imagine tamb\u00e9m oferecer, a milh\u00f5es de brasileiros que se sentem oprimidos pela 6\u00d71, a oportunidade de criar um comit\u00ea em sua se\u00e7\u00e3o de f\u00e1brica, loja ou escrit\u00f3rio; coletar assinaturas; gravar v\u00eddeos ou postar textos relatando experi\u00eancias pessoais e coletivas relacionadas \u00e0 campanha; v\u00ea-los compartilhados e comentados. Imagine, por fim que, uma vez por m\u00eas, estes comit\u00eas articulem-se em cada cidade, em manifesta\u00e7\u00f5es p\u00fablicas. Ao abra\u00e7ar \u2013 com recursos infinitamente menores \u2013 esta bandeira, Rick Azevedo passou do anonimato absoluto a um dos vereadores mais votados do Rio. Por que seria imposs\u00edvel alcan\u00e7ar agora dimens\u00e3o nacional?<\/p>\n<p><strong>Livrar os brasileiros do hiper-endividamento <\/strong>n\u00e3o pode, por motivos escancaradamente \u00f3bvios, ser uma agenda subordinada a um acerto com a Febraban. A federa\u00e7\u00e3o dos banqueiros representa o n\u00facleo do problema, n\u00e3o a solu\u00e7\u00e3o. Enquanto insistir nessa grotesca \u201cparceria\u201d, a a\u00e7\u00e3o do governo resultar\u00e1 em medidas t\u00edmidas, prec\u00e1rias e fugazes \u2013 quando n\u00e3o contraproducentes, como a transfer\u00eancia dos saldos de FGTS para os credores. A aposta errada do acordo com os rentistas foi feita no programa Desenrola, de 2023, apenas para que as d\u00edvidas saltassem a novo patamar, tr\u00eas anos depois. A alternativa \u00f3bvia, por produzir resultados e consci\u00eancia, \u00e9 acionar os bancos p\u00fablicos (BB e Caixa, especialmente), permitindo-lhes assumir os cr\u00e9ditos das institui\u00e7\u00f5es privadas, oferecer descontos e reduzir drasticamente as taxas. Colocar\u00e1 a agiotagem em xeque e significar\u00e1 um desafio a um setor muito poderoso \u2013 mas como governar sem correr riscos? Revelar\u00e1 pedagogicamente, a captura da riqueza social pelo rentismo e a possibilidade real de revert\u00ea-la. Do ponto de vista pr\u00e1tico e imediato, reduzir\u00e1 a parcela da renda das fam\u00edlias sequestrada pelo pagamento dos juros e as colocar\u00e1 diante de um presidente que age para aliviar seus dramas.<\/p>\n<p><strong>\u00c9 poss\u00edvel enfrentar a carestia <\/strong>questionando e come\u00e7ando a reverter o desmonte e a captura da Petrobras pelos grandes fundos internacionais. Os pre\u00e7os est\u00e3o sendo pressionados, essencialmente, por dois itens: combust\u00edveis e fertilizantes. No primeiro caso, os subs\u00eddios podem ser medida emergencial v\u00e1lida. Mas a recria\u00e7\u00e3o, mesmo que muito embrion\u00e1ria, de uma rede de postos de abastecimento estatal evidenciar\u00e1 os lucros extorsivos que as redes privadas obt\u00eam, quando compram barato da Petrobras e vendem com margens de oligop\u00f3lio. Permitir\u00e1 falar em reestatiza\u00e7\u00e3o da BR Distribuidora. Pense no efeito de um pequeno n\u00famero de postos por capital, vendendo combust\u00edveis a pre\u00e7os substancialmente inferiores aos demais.<\/p>\n<p>No segundo, abre-se a brecha para abordar dois temas cruciais: por um lado, o desmonte do setor de fertilizantes da Petrobras, e a depend\u00eancia dos produtos importados, que se estabeleceu num setor essencial. Por outro, os potenciais de agroecologia, e do uso de adubos org\u00e2nicos. Tamb\u00e9m aqui, a eventual concess\u00e3o de benef\u00edcios fiscais, para minorar o sofrimento atual, precisa ser acompanhada de a\u00e7\u00f5es sinalizadoras de que n\u00e3o se trata de \u201cenxugar gelo\u201d, mas construir um futuro mais justo e seguro.<\/p>\n<p><strong>A fila na concess\u00e3o de aposentadorias<\/strong>, quase duas vezes maior que no fim do governo Bolsonaro, n\u00e3o \u00e9 apenas uma brecha gigantesca nas pretens\u00f5es eleitorais de Lula. \u00c9 tamb\u00e9m um emblema das injusti\u00e7as sociais produzidas pelo \u201carcabou\u00e7o fiscal\u201d e dos constrangimentos absurdos a que o governo se submeteu, sem que isso resultasse em benef\u00edcio algum. O presidente tem meios para zer\u00e1-la nos pr\u00f3ximos meses. Se necess\u00e1rio, pode, para cumprir a meta legal de \u201cresultado prim\u00e1rio\u201d no Or\u00e7amento, propor ao Congresso que as despesas correspondentes sejam <em>exclu\u00eddas<\/em> do arcabou\u00e7o \u2013 como se j\u00e1 se fez, em novembro de 2025, para destinar R$ 30 bilh\u00f5es ao reequipamento das For\u00e7as Armadas. Ainda que n\u00e3o se reverta, por enquanto, uma pol\u00edtica de \u201causteridade\u201d anacr\u00f4nica e concentradora de renda ao extremo, o gesto sinalizar\u00e1 que gastos p\u00fablicos essenciais n\u00e3o podem continuar submetidos \u00e0 l\u00f3gica do rentismo.<\/p>\n<p>* * *<\/p>\n<p>Se as elei\u00e7\u00f5es s\u00e3o normalmente complexas e imprevis\u00edveis, em 2026 estas caracter\u00edsticas ser\u00e3o mais agudas. As \u00faltimas pesquisas, divulgadas em 28\/4, mant\u00eam empate t\u00e9cnico, no segundo turno, entre Lula e Fl\u00e1vio Bolsonaro. A rejei\u00e7\u00e3o muito alta dos dois candidatos permite que outros \u2013 como Ronaldo Caiado, Romeu Zema e at\u00e9 Ciro Gomes \u2013 mantenham esperan\u00e7as.<\/p>\n<p>H\u00e1, mais do que isso, fatores imponder\u00e1veis. Que rumos tomar\u00e1 a agress\u00e3o dos EUA ao Ir\u00e3? Os EUA, cujo poder b\u00e9lico descomunal v\u00ea-se em apuros diante de um advers\u00e1rio muito menor, tentar\u00e3o a invas\u00e3o terrestre? At\u00e9 quanto ir\u00e3o os pre\u00e7os do barril de petr\u00f3leo, que se mant\u00eam em torno de 100 d\u00f3lares (mais de 50% acima do patamar pr\u00e9-ataque), e podem subir? O Brasil seguir\u00e1 com acesso reduzido aos fertilizantes? De que forma tudo isso pesar\u00e1 sobre a carestia e os tomates na balan\u00e7a?<\/p>\n<p>Qual ser\u00e1 a estrat\u00e9gia das <em>big techs <\/em>norte-americanas<em>, <\/em>que s\u00e3o atores centrais no espa\u00e7o p\u00fablico brasileiro, t\u00eam liga\u00e7\u00f5es not\u00f3rias e assumidas com a ultradireita global e sabotam abertamente as tentativas de regula\u00e7\u00e3o do Estado brasileiro? O bolsonarismo, que tem importante capacidade de mobiliza\u00e7\u00e3o popular e hist\u00f3rico de intentonas golpistas, tentar\u00e1 repeti-las? Como reagir\u00e3o as For\u00e7as Armadas?<\/p>\n<p>Diante de tantas eventualidades poss\u00edveis e potencialmente desestabilizadoras, a esquerda permanecer\u00e1 desarmada politicamente? Confiar\u00e1 apenas na manuten\u00e7\u00e3o da normalidade e nos instrumentos \u201cde mercado\u201d? Em que momento lan\u00e7ar\u00e1 m\u00e3o de seus trunfos hist\u00f3ricos: a consci\u00eancia popular e o poder de lan\u00e7ar, a partir do governo, a\u00e7\u00f5es que alteram o <em>status quo <\/em>e mobilizam as maiorias?<\/p>\n<p>Os pr\u00f3ximos cinco meses ser\u00e3o um voo em meio tempestade, contra inimigos ardilosos e com poder. O piloto, e os que esperam sua vit\u00f3ria, precisam conhecer as armas de que disp\u00f5em \u2013 e estar prontos a empreg\u00e1-las.<\/p>\n<div>\n<div>\n<p><span><em>Sem publicidade ou patroc\u00ednio, dependemos de voc\u00ea. Fa\u00e7a parte do nosso grupo de apoiadores e ajude a manter nossa voz livre e plural: <strong>apoia.se\/outraspalavras<\/strong><\/em><\/span><\/p>\n<\/div>\n<\/div>\n<p>The post Lula, sua \u00faltima elei\u00e7\u00e3o e seus dem\u00f4nios appeared first on Outras Palavras.<\/p>\n<!-- Begin Yuzo --><div class='yuzo_related_post style-1'  data-version='5.12.89'><!-- without result --><div class='yuzo_clearfixed yuzo__title yuzo__title'><h3>Related Post<\/h3><\/div>\n\t\t\t\t\t\t  <div class=\"relatedthumb \" style=\"width:125px;float:left;overflow:hidden;\">  \n\t\t\t\t\t\t\t  \n\t\t\t\t\t\t\t  <a  href=\"https:\/\/redept.com.br\/blogosfera\/fim-da-furp-e-aprovado-na-alesp-e-segue-para-sancao-de-tarcisio\/\"  >\n\t\t\t\t\t\t\t\t\t  <div class=\"yuzo-img-wrap \" style=\"width: 125px;height:90px;\">\n\t\t\t\t\t\t\t\t\t\t\n\t\t\t\t\t\t\t\t\t\t<div class=\"yuzo-img\" style=\"background:url('https:\/\/redept.org\/blogosfera\/wp-content\/plugins\/yuzo-related-post\/assets\/images\/default.png') 50% 50% no-repeat;width: 125px;height:90px;margin-bottom: 5px;background-size: cover; \"><\/div>\n\t\t\t\t\t\t\t\t\t  <\/div>\n\t\t\t\t\t\t\t\t\t  \n\t\t\t\t\t\t\t\t   <span class=\"yuzo__text--title\" style=\"font-size:13px;\">Fim da FURP \u00e9 aprovado na Alesp e segue para san\u00e7\u00e3...<\/span>\n\t\t\t\t\t\t\t  \n\t\t\t\t\t\t\t  \n\t\t\t\t\t\t\t  <\/a>\n\n\t\t\t\t\t\t  <\/div>\n\t\t\t\t\t\t  <div class=\"relatedthumb \" style=\"width:125px;float:left;overflow:hidden;\">  \n\t\t\t\t\t\t\t  \n\t\t\t\t\t\t\t  <a  href=\"https:\/\/redept.com.br\/blogosfera\/financeirizacao-da-natureza-o-processo-de-cooptacao-do-ar-na-regiao-nordeste\/\"  >\n\t\t\t\t\t\t\t\t\t  <div class=\"yuzo-img-wrap \" style=\"width: 125px;height:90px;\">\n\t\t\t\t\t\t\t\t\t\t\n\t\t\t\t\t\t\t\t\t\t<div class=\"yuzo-img\" style=\"background:url('https:\/\/redept.com.br\/blogosfera\/wp-content\/uploads\/2025\/08\/imagem-1-1024x683-1-150x150.jpg') 50% 50% no-repeat;width: 125px;height:90px;margin-bottom: 5px;background-size: cover; \"><\/div>\n\t\t\t\t\t\t\t\t\t  <\/div>\n\t\t\t\t\t\t\t\t\t  \n\t\t\t\t\t\t\t\t   <span class=\"yuzo__text--title\" style=\"font-size:13px;\">Financeiriza\u00e7\u00e3o da natureza: o processo de coopta\u00e7...<\/span>\n\t\t\t\t\t\t\t  \n\t\t\t\t\t\t\t  \n\t\t\t\t\t\t\t  <\/a>\n\n\t\t\t\t\t\t  <\/div>\n\t\t\t\t\t\t  <div class=\"relatedthumb \" style=\"width:125px;float:left;overflow:hidden;\">  \n\t\t\t\t\t\t\t  \n\t\t\t\t\t\t\t  <a  href=\"https:\/\/redept.com.br\/blogosfera\/motta-e-um-fraco-um-frouxo-perigoso-para-o-brasil\/\"  >\n\t\t\t\t\t\t\t\t\t  <div class=\"yuzo-img-wrap \" style=\"width: 125px;height:90px;\">\n\t\t\t\t\t\t\t\t\t\t\n\t\t\t\t\t\t\t\t\t\t<div class=\"yuzo-img\" style=\"background:url('https:\/\/redept.org\/blogosfera\/wp-content\/plugins\/yuzo-related-post\/assets\/images\/default.png') 50% 50% no-repeat;width: 125px;height:90px;margin-bottom: 5px;background-size: cover; \"><\/div>\n\t\t\t\t\t\t\t\t\t  <\/div>\n\t\t\t\t\t\t\t\t\t  \n\t\t\t\t\t\t\t\t   <span class=\"yuzo__text--title\" style=\"font-size:13px;\">Motta \u00e9 um fraco, um frouxo perigoso para o Brasil...<\/span>\n\t\t\t\t\t\t\t  \n\t\t\t\t\t\t\t  \n\t\t\t\t\t\t\t  <\/a>\n\n\t\t\t\t\t\t  <\/div>\n\t\t\t\t\t\t  <div class=\"relatedthumb \" style=\"width:125px;float:left;overflow:hidden;\">  \n\t\t\t\t\t\t\t  \n\t\t\t\t\t\t\t  <a  href=\"https:\/\/redept.com.br\/blogosfera\/audiencia-publica-discute-mulheres-no-poder-e-violencia-de-genero\/\"  >\n\t\t\t\t\t\t\t\t\t  <div class=\"yuzo-img-wrap \" style=\"width: 125px;height:90px;\">\n\t\t\t\t\t\t\t\t\t\t\n\t\t\t\t\t\t\t\t\t\t<div class=\"yuzo-img\" style=\"background:url('https:\/\/redept.com.br\/blogosfera\/wp-content\/uploads\/2025\/05\/WhatsApp-Image-2025-05-19-at-134023-150x150.jpeg') 50% 50% no-repeat;width: 125px;height:90px;margin-bottom: 5px;background-size: cover; \"><\/div>\n\t\t\t\t\t\t\t\t\t  <\/div>\n\t\t\t\t\t\t\t\t\t  \n\t\t\t\t\t\t\t\t   <span class=\"yuzo__text--title\" style=\"font-size:13px;\">Audi\u00eancia p\u00fablica discute mulheres no poder e viol...<\/span>\n\t\t\t\t\t\t\t  \n\t\t\t\t\t\t\t  \n\t\t\t\t\t\t\t  <\/a>\n\n\t\t\t\t\t\t  <\/div>\n<\/div> <script>\n\t\t\t\t\t\t  jQuery(document).ready(function( $ ){\n\t\t\t\t\t\t\t\/\/jQuery('.yuzo_related_post').equalizer({ overflow : 'relatedthumb' });\n\t\t\t\t\t\t\tjQuery('.yuzo_related_post .yuzo_wraps').equalizer({ columns : '> div' });\n\t\t\t\t\t\t   })\n\t\t\t\t\t\t  <\/script> <!-- End Yuzo :) -->","protected":false},"excerpt":{"rendered":"<p>Ao final de 2025, ap\u00f3s uma arrancada surpreendente, o quarto mandato parecia ao alcance da m\u00e3o. Um velho cacoete \u2013 a busca eterna de concilia\u00e7\u00e3o entre desiguais \u2013 pode p\u00f4r tudo a perder. An\u00e1lise de uma elei\u00e7\u00e3o decisiva, a cinco meses das urnas<\/p>\n<p>The post <a href=\"https:\/\/outraspalavras.net\/estadoemdisputa\/lula-sua-ultima-eleicao-seus-demonios\/\">Lula, sua \u00faltima elei\u00e7\u00e3o e seus dem\u00f4nios<\/a> appeared first on <a href=\"https:\/\/outraspalavras.net\/\">Outras Palavras<\/a>.<\/p>\n","protected":false},"author":2,"featured_media":85238,"comment_status":"open","ping_status":"closed","sticky":false,"template":"","format":"standard","meta":{"fifu_image_url":"","fifu_image_alt":"","footnotes":""},"categories":[347,5511,395,762,1760,1974,5509,588,52620,2008,52621,478,2953,52622,12446,5498,3641,37387,4036,25323],"tags":[],"class_list":["post-85237","post","type-post","status-publish","format-standard","has-post-thumbnail","hentry","category-america-latina","category-capa","category-centrao","category-claudia-sheinbaum","category-eleicoes-2026","category-erika-hilton","category-estado-em-disputa","category-fernando-haddad","category-fila-da-aposentadoria","category-fim-da-escala-6x1","category-governo-conciliador","category-guilherme-boulos","category-gustavo-petro","category-luta-conta-a-escala-6x1","category-politicas-sociais","category-soberania-digital","category-tarifaco","category-terrabras","category-terras-raras","category-vida-alem-do-trabalho"],"_links":{"self":[{"href":"https:\/\/redept.com.br\/blogosfera\/wp-json\/wp\/v2\/posts\/85237","targetHints":{"allow":["GET"]}}],"collection":[{"href":"https:\/\/redept.com.br\/blogosfera\/wp-json\/wp\/v2\/posts"}],"about":[{"href":"https:\/\/redept.com.br\/blogosfera\/wp-json\/wp\/v2\/types\/post"}],"author":[{"embeddable":true,"href":"https:\/\/redept.com.br\/blogosfera\/wp-json\/wp\/v2\/users\/2"}],"replies":[{"embeddable":true,"href":"https:\/\/redept.com.br\/blogosfera\/wp-json\/wp\/v2\/comments?post=85237"}],"version-history":[{"count":0,"href":"https:\/\/redept.com.br\/blogosfera\/wp-json\/wp\/v2\/posts\/85237\/revisions"}],"wp:featuredmedia":[{"embeddable":true,"href":"https:\/\/redept.com.br\/blogosfera\/wp-json\/wp\/v2\/media\/85238"}],"wp:attachment":[{"href":"https:\/\/redept.com.br\/blogosfera\/wp-json\/wp\/v2\/media?parent=85237"}],"wp:term":[{"taxonomy":"category","embeddable":true,"href":"https:\/\/redept.com.br\/blogosfera\/wp-json\/wp\/v2\/categories?post=85237"},{"taxonomy":"post_tag","embeddable":true,"href":"https:\/\/redept.com.br\/blogosfera\/wp-json\/wp\/v2\/tags?post=85237"}],"curies":[{"name":"wp","href":"https:\/\/api.w.org\/{rel}","templated":true}]}}