{"id":85241,"date":"2026-04-28T15:30:46","date_gmt":"2026-04-28T18:30:46","guid":{"rendered":"https:\/\/redept.com.br\/blogosfera\/putin-afirma-que-ocidente-esta-perdendo-lideranca-e-cedendo-terreno-ao-sul-global\/"},"modified":"2026-04-28T15:30:46","modified_gmt":"2026-04-28T18:30:46","slug":"putin-afirma-que-ocidente-esta-perdendo-lideranca-e-cedendo-terreno-ao-sul-global","status":"publish","type":"post","link":"https:\/\/redept.com.br\/blogosfera\/putin-afirma-que-ocidente-esta-perdendo-lideranca-e-cedendo-terreno-ao-sul-global\/","title":{"rendered":"Putin afirma que Ocidente est\u00e1 \u2018perdendo\u2019 lideran\u00e7a e \u2018cedendo terreno\u2019 ao Sul Global"},"content":{"rendered":"<p>Em declara\u00e7\u00e3o realizada nesta ter\u00e7a-feira (28\/04), o presidente da R\u00fassia, Vladimir Putin, enfatizou que os pa\u00edses ocidentais est\u00e3o perdendo sua lideran\u00e7a global<\/p>\n<p>Segundo o mandat\u00e1rio russo, os conflitos promovidos pelas na\u00e7\u00f5es do Ocidente estariam fazendo essas mesmas na\u00e7\u00f5es cederem terreno aos representantes do Sul Global, e que isso poderiam resultar, a m\u00e9dio ou longo prazo, em mudan\u00e7as na arquitetura geopol\u00edtica.<\/p>\n<p>\u201cAs normas e regras estabelecidas para ase neg\u00f3cios e rela\u00e7\u00f5es internacionais est\u00e3o gradualmente perdendo sua validade, em parte devido \u00e0s a\u00e7\u00f5es dos Estados ocidentais, que est\u00e3o perdendo sua lideran\u00e7a e cedendo terreno a novos centros de crescimento, em pa\u00edses do Sul Global\u201d, explicou Putin.<\/p>\n<p>O presidente russo acrescentou que, segundo sua vis\u00e3o, essa poss\u00edvel \u201cnova arquitetura global\u201d surgiria a partir de uma \u201cestrutura mais complexa e multipolar\u201d.<\/p>\n<p>\u201cEsse movimento nasce a partir de um cen\u00e1rio no qual cresce o n\u00famero de Estados que verdadeiramente entendem e valorizam a import\u00e2ncia da soberania nacional nas esferas pol\u00edtica, econ\u00f4mica, cultural e social\u201d, comentou.<\/p>\n<figure aria-describedby=\"caption-attachment-253316\"><img loading=\"lazy\" loading=\"lazy\" decoding=\"async\"src=\"https:\/\/redept.com.br\/blogosfera\/wp-content\/uploads\/2026\/04\/putin-1.jpg\" alt=\"\" width=\"800\" height=\"530\" srcset=\"https:\/\/redept.com.br\/blogosfera\/wp-content\/uploads\/2026\/04\/putin-1.jpg 800w, https:\/\/operamundi.uol.com.br\/wp-content\/uploads\/2026\/04\/putin-1-300x199.jpg 300w, https:\/\/operamundi.uol.com.br\/wp-content\/uploads\/2026\/04\/putin-1-768x509.jpg 768w, https:\/\/operamundi.uol.com.br\/wp-content\/uploads\/2026\/04\/putin-1-150x99.jpg 150w, https:\/\/operamundi.uol.com.br\/wp-content\/uploads\/2026\/04\/putin-1-750x497.jpg 750w\" sizes=\"auto, (max-width: 800px) 100vw, 800px\"><figcaption>Presidente russo disse ver com bons olhos surgimento de arquitetura geopol\u00edtica \u2018mais complexa e multipolar\u2019 <br \/>TASS<\/figcaption><\/figure>\n<h3>\u2018Esfor\u00e7os coordenados\u2019<\/h3>\n<p>Putin tamb\u00e9m afirmou que \u201cnenhum pa\u00eds pode se desenvolver isoladamente, \u00e0s custas de outros Estados ou em seu preju\u00edzo\u201d, e defendeu maior coopera\u00e7\u00e3o entre os pa\u00edses para enfrentar problemas econ\u00f4micos e sociais.<\/p>\n<p>\u201c\u00c9 claro que nenhum pa\u00eds pode se desenvolver sozinho, \u00e0s custas dos outros. Al\u00e9m disso, os desafios globais atuais exigem uma resposta conjunta e esfor\u00e7os coordenados\u201d, adicionou.<\/p>\n<p>O mandat\u00e1rio russo concluiu sua declara\u00e7\u00e3o dizendo que \u201cum modelo de desenvolvimento global s\u00f3 ser\u00e1 sustent\u00e1vel e equitativo se for baseado nos princ\u00edpios da igualdade e do respeito m\u00fatuo e levar em considera\u00e7\u00e3o os interesses de todos os pa\u00edses\u201d.<\/p>\n<p>Com informa\u00e7\u00f5es de <em>RT<\/em>.<\/p>\n<p>O post Putin afirma que Ocidente est\u00e1 \u2018perdendo\u2019 lideran\u00e7a e \u2018cedendo terreno\u2019 ao Sul Global apareceu primeiro em Opera Mundi.<\/p>\n<!-- Begin Yuzo --><div class='yuzo_related_post style-1'  data-version='5.12.89'><!-- without result --><div class='yuzo_clearfixed yuzo__title yuzo__title'><h3>Related Post<\/h3><\/div>\n\t\t\t\t\t\t  <div class=\"relatedthumb \" style=\"width:125px;float:left;overflow:hidden;\">  \n\t\t\t\t\t\t\t  \n\t\t\t\t\t\t\t  <a  href=\"https:\/\/redept.com.br\/blogosfera\/ucrania-realiza-novo-ataque-a-instalacoes-petroleiras-russas-putin-fala-em-risco-ecologico\/\"  >\n\t\t\t\t\t\t\t\t\t  <div class=\"yuzo-img-wrap \" style=\"width: 125px;height:90px;\">\n\t\t\t\t\t\t\t\t\t\t\n\t\t\t\t\t\t\t\t\t\t<div class=\"yuzo-img\" style=\"background:url('https:\/\/redept.org\/blogosfera\/wp-content\/plugins\/yuzo-related-post\/assets\/images\/default.png') 50% 50% no-repeat;width: 125px;height:90px;margin-bottom: 5px;background-size: cover; \"><\/div>\n\t\t\t\t\t\t\t\t\t  <\/div>\n\t\t\t\t\t\t\t\t\t  \n\t\t\t\t\t\t\t\t   <span class=\"yuzo__text--title\" style=\"font-size:13px;\">Ucr\u00e2nia realiza novo ataque a instala\u00e7\u00f5es petrolei...<\/span>\n\t\t\t\t\t\t\t  \n\t\t\t\t\t\t\t  \n\t\t\t\t\t\t\t  <\/a>\n\n\t\t\t\t\t\t  <\/div>\n\t\t\t\t\t\t  <div class=\"relatedthumb \" style=\"width:125px;float:left;overflow:hidden;\">  \n\t\t\t\t\t\t\t  \n\t\t\t\t\t\t\t  <a  href=\"https:\/\/redept.com.br\/blogosfera\/presidente-da-cop30-promete-ir-a-cupula-dos-povos-e-levar-declaracao-dos-movimentos-a-conferencia\/\"  >\n\t\t\t\t\t\t\t\t\t  <div class=\"yuzo-img-wrap \" style=\"width: 125px;height:90px;\">\n\t\t\t\t\t\t\t\t\t\t\n\t\t\t\t\t\t\t\t\t\t<div class=\"yuzo-img\" style=\"background:url('https:\/\/redept.com.br\/blogosfera\/wp-content\/uploads\/2025\/08\/Imagem-do-WhatsApp-de-2025-08-12-as-160013_0d8bf379-2048x1151-1-150x150.jpg') 50% 50% no-repeat;width: 125px;height:90px;margin-bottom: 5px;background-size: cover; \"><\/div>\n\t\t\t\t\t\t\t\t\t  <\/div>\n\t\t\t\t\t\t\t\t\t  \n\t\t\t\t\t\t\t\t   <span class=\"yuzo__text--title\" style=\"font-size:13px;\">Presidente da COP30 promete ir \u00e0 C\u00fapula dos Povos ...<\/span>\n\t\t\t\t\t\t\t  \n\t\t\t\t\t\t\t  \n\t\t\t\t\t\t\t  <\/a>\n\n\t\t\t\t\t\t  <\/div>\n\t\t\t\t\t\t  <div class=\"relatedthumb \" style=\"width:125px;float:left;overflow:hidden;\">  \n\t\t\t\t\t\t\t  \n\t\t\t\t\t\t\t  <a  href=\"https:\/\/redept.com.br\/blogosfera\/confira-o-calendario-de-feriados-de-2026\/\"  >\n\t\t\t\t\t\t\t\t\t  <div class=\"yuzo-img-wrap \" style=\"width: 125px;height:90px;\">\n\t\t\t\t\t\t\t\t\t\t\n\t\t\t\t\t\t\t\t\t\t<div class=\"yuzo-img\" style=\"background:url('https:\/\/redept.com.br\/blogosfera\/wp-content\/uploads\/2025\/12\/pexels-bertellifotografia-29509535-2048x1152-1-150x150.jpg') 50% 50% no-repeat;width: 125px;height:90px;margin-bottom: 5px;background-size: cover; \"><\/div>\n\t\t\t\t\t\t\t\t\t  <\/div>\n\t\t\t\t\t\t\t\t\t  \n\t\t\t\t\t\t\t\t   <span class=\"yuzo__text--title\" style=\"font-size:13px;\">Confira o calend\u00e1rio de feriados de 2026<\/span>\n\t\t\t\t\t\t\t  \n\t\t\t\t\t\t\t  \n\t\t\t\t\t\t\t  <\/a>\n\n\t\t\t\t\t\t  <\/div>\n\t\t\t\t\t\t  <div class=\"relatedthumb \" style=\"width:125px;float:left;overflow:hidden;\">  \n\t\t\t\t\t\t\t  \n\t\t\t\t\t\t\t  <a  href=\"https:\/\/redept.com.br\/blogosfera\/proposta-de-criacao-da-universidade-federal-indigena-vai-ao-plenario\/\"  >\n\t\t\t\t\t\t\t\t\t  <div class=\"yuzo-img-wrap \" style=\"width: 125px;height:90px;\">\n\t\t\t\t\t\t\t\t\t\t\n\t\t\t\t\t\t\t\t\t\t<div class=\"yuzo-img\" style=\"background:url('https:\/\/redept.org\/blogosfera\/wp-content\/plugins\/yuzo-related-post\/assets\/images\/default.png') 50% 50% no-repeat;width: 125px;height:90px;margin-bottom: 5px;background-size: cover; \"><\/div>\n\t\t\t\t\t\t\t\t\t  <\/div>\n\t\t\t\t\t\t\t\t\t  \n\t\t\t\t\t\t\t\t   <span class=\"yuzo__text--title\" style=\"font-size:13px;\">Proposta de cria\u00e7\u00e3o da Universidade Federal Ind\u00edge...<\/span>\n\t\t\t\t\t\t\t  \n\t\t\t\t\t\t\t  \n\t\t\t\t\t\t\t  <\/a>\n\n\t\t\t\t\t\t  <\/div>\n<\/div> <script>\n\t\t\t\t\t\t  jQuery(document).ready(function( $ ){\n\t\t\t\t\t\t\t\/\/jQuery('.yuzo_related_post').equalizer({ overflow : 'relatedthumb' });\n\t\t\t\t\t\t\tjQuery('.yuzo_related_post .yuzo_wraps').equalizer({ columns : '> div' });\n\t\t\t\t\t\t   })\n\t\t\t\t\t\t  <\/script> <!-- End Yuzo :) -->","protected":false},"excerpt":{"rendered":"<p>Em declara\u00e7\u00e3o realizada nesta ter\u00e7a-feira (28\/04), o presidente da R\u00fassia, Vladimir Putin, enfatizou que os pa\u00edses ocidentais est\u00e3o perdendo sua lideran\u00e7a global Segundo o mandat\u00e1rio russo, os conflitos promovidos pelas na\u00e7\u00f5es do Ocidente estariam fazendo essas mesmas na\u00e7\u00f5es cederem terreno aos representantes do Sul Global, e que isso poderiam resultar, a m\u00e9dio ou longo prazo, [\u2026]<\/p>\n<p>O post <a href=\"https:\/\/operamundi.uol.com.br\/politica-e-economia\/putin-afirma-que-ocidente-esta-perdendo-lideranca-e-cedendo-terreno-ao-sul-global\/\">Putin afirma que Ocidente est\u00e1 \u2018perdendo\u2019 lideran\u00e7a e \u2018cedendo terreno\u2019 ao Sul Global<\/a> apareceu primeiro em <a href=\"https:\/\/operamundi.uol.com.br\/\">Opera Mundi<\/a>.<\/p>\n","protected":false},"author":2,"featured_media":85242,"comment_status":"closed","ping_status":"closed","sticky":false,"template":"","format":"standard","meta":{"fifu_image_url":"","fifu_image_alt":"","footnotes":""},"categories":[693,1312,1141,5518,42,43,1048,1482],"tags":[],"class_list":["post-85241","post","type-post","status-publish","format-standard","has-post-thumbnail","hentry","category-cooperacao","category-geopolitica","category-ocidente","category-politica-e-economia","category-putin","category-russia","category-soberania","category-sul-global"],"_links":{"self":[{"href":"https:\/\/redept.com.br\/blogosfera\/wp-json\/wp\/v2\/posts\/85241","targetHints":{"allow":["GET"]}}],"collection":[{"href":"https:\/\/redept.com.br\/blogosfera\/wp-json\/wp\/v2\/posts"}],"about":[{"href":"https:\/\/redept.com.br\/blogosfera\/wp-json\/wp\/v2\/types\/post"}],"author":[{"embeddable":true,"href":"https:\/\/redept.com.br\/blogosfera\/wp-json\/wp\/v2\/users\/2"}],"replies":[{"embeddable":true,"href":"https:\/\/redept.com.br\/blogosfera\/wp-json\/wp\/v2\/comments?post=85241"}],"version-history":[{"count":0,"href":"https:\/\/redept.com.br\/blogosfera\/wp-json\/wp\/v2\/posts\/85241\/revisions"}],"wp:featuredmedia":[{"embeddable":true,"href":"https:\/\/redept.com.br\/blogosfera\/wp-json\/wp\/v2\/media\/85242"}],"wp:attachment":[{"href":"https:\/\/redept.com.br\/blogosfera\/wp-json\/wp\/v2\/media?parent=85241"}],"wp:term":[{"taxonomy":"category","embeddable":true,"href":"https:\/\/redept.com.br\/blogosfera\/wp-json\/wp\/v2\/categories?post=85241"},{"taxonomy":"post_tag","embeddable":true,"href":"https:\/\/redept.com.br\/blogosfera\/wp-json\/wp\/v2\/tags?post=85241"}],"curies":[{"name":"wp","href":"https:\/\/api.w.org\/{rel}","templated":true}]}}