{"id":85252,"date":"2026-04-28T18:45:26","date_gmt":"2026-04-28T21:45:26","guid":{"rendered":"https:\/\/redept.com.br\/blogosfera\/presidente-do-pstu-e-condenado-em-primeira-instancia-por-antissemitismo\/"},"modified":"2026-04-28T18:45:26","modified_gmt":"2026-04-28T21:45:26","slug":"presidente-do-pstu-e-condenado-em-primeira-instancia-por-antissemitismo","status":"publish","type":"post","link":"https:\/\/redept.com.br\/blogosfera\/presidente-do-pstu-e-condenado-em-primeira-instancia-por-antissemitismo\/","title":{"rendered":"Presidente do PSTU \u00e9 condenado em primeira inst\u00e2ncia por \u2018antissemitismo\u2019"},"content":{"rendered":"<p>Em decis\u00e3o proferida nesta ter\u00e7a-feira (28\/04), a 4\u00aa Vara Criminal Federal de S\u00e3o Paulo condenou o metal\u00fargico e presidente do Partido Socialista dos Trabalhadores Unificado (PSTU), Z\u00e9 Maria de Almeida, a pena de dois anos de pris\u00e3o, pelo suposto crime de \u201cracismo\u201d em fun\u00e7\u00e3o de uma declara\u00e7\u00e3o na qual ele defende a causa palestina, al\u00e9m de criticar o Estado de Israel e o massacre cometido por Tel Aviv contra os palestinos residentes na Faixa de Gaza.<\/p>\n<p>O processo contra o dirigente pol\u00edtico foi movido por duas entidades: a Confedera\u00e7\u00e3o Israelita do Brasil (Conib) e a Federa\u00e7\u00e3o Israelita do Estado de S\u00e3o Paulo (Fisesp).<\/p>\n<p>No texto da senten\u00e7a, o magistrado Massimo Palazzolo considerou que o l\u00edder metal\u00fargico \u201cpraticou, induziu e incitou a discrimina\u00e7\u00e3o e o preconceito de ra\u00e7a, \u00e9tnica e religi\u00e3o, ao proferir um discurso de \u00f3dio contra o povo judeu, atrav\u00e9s da plataforma do Instagram, por meio do perfil oficial do PSTU\u201d.<\/p>\n<p>Em conversa com a reportagem de <strong>Opera Mundi<\/strong>, Z\u00e9 Maria disse que a decis\u00e3o \u201cn\u00e3o tem nenhum fundamento, seja hist\u00f3rico, lingu\u00edstico, pol\u00edtico ou legal\u201d e que \u201cse limita \u00e0 surrada tentativa de equiparar coisas que n\u00e3o s\u00e3o equipar\u00e1veis: antissionismo com antissemitismo, ou sionismo com juda\u00edsmo\u201d.<\/p>\n<p>\u201cEsses argumentos foram transformados em p\u00f3 diante do juiz na audi\u00eancia de instru\u00e7\u00e3o, n\u00e3o apenas pelo meu depoimento, mas tamb\u00e9m pelo depoimento das testemunhas\u201d, acrescentou o presidente do PSTU.<\/p>\n<p>Entre as testemunhas que declararam a favor de Z\u00e9 Maria est\u00e1 o jornalista Breno Altman, fundador de <strong>Opera Mundi<\/strong>, e que tamb\u00e9m enfrenta processos semelhantes movidos pela Conib, no qual \u00e9 acusado de \u201cantissemitismo\u201d por declara\u00e7\u00f5es cr\u00edticas a Israel.<\/p>\n<p>\u201cA cr\u00edtica ao genoc\u00eddio do povo palestino e a defesa do fim desse Estado sionista, racista e colonialista de Israel \u00e9 uma obriga\u00e7\u00e3o de todos e todas que d\u00e3o valor aos direitos humanos neste planeta. E \u00e9 um direito resguardado na legisla\u00e7\u00e3o brasileira, de expressar minha opini\u00e3o. Isso n\u00e3o pode ser considerado crime sob nenhum ponto de vista\u201d, ressaltou o presidente do PSTU.<\/p>\n<h3>Argumentos similares ao projeto de Tabata Amaral<\/h3>\n<p>Z\u00e9 Maria tamb\u00e9m disse que chama a aten\u00e7\u00e3o o fato de que os argumentos expostos na senten\u00e7a que o condenou usarem defini\u00e7\u00f5es similares \u00e0s contidas no Projeto de Lei (PL) 1424\/26, apresentado semanas atr\u00e1s pela deputada federal Tabata Amaral (PSB-SP), que foi criticado por figuras ligadas \u00e0 causa palestina como uma tentativa de criminalizar cr\u00edticas ao Estado de Israel.<\/p>\n<p>\u201cO juiz precisou retorcer a legisla\u00e7\u00e3o atual para fazer parecer que sua decis\u00e3o tem alguma base na lei, que n\u00e3o tem, e o projeto de lei da Tabata Amaral sobre esse tema procura justamente transformar em lei esses argumentos do sionismo\u201d, observou o dirigente pol\u00edtico.<\/p>\n<figure aria-describedby=\"caption-attachment-253343\"><img fetchpriority=\"high\" decoding=\"async\"src=\"https:\/\/redept.com.br\/blogosfera\/wp-content\/uploads\/2026\/04\/ze-maria.jpg\" alt=\"\" width=\"800\" height=\"642\" srcset=\"https:\/\/redept.com.br\/blogosfera\/wp-content\/uploads\/2026\/04\/ze-maria.jpg 800w, https:\/\/operamundi.uol.com.br\/wp-content\/uploads\/2026\/04\/ze-maria-300x241.jpg 300w, https:\/\/operamundi.uol.com.br\/wp-content\/uploads\/2026\/04\/ze-maria-768x616.jpg 768w, https:\/\/operamundi.uol.com.br\/wp-content\/uploads\/2026\/04\/ze-maria-150x120.jpg 150w, https:\/\/operamundi.uol.com.br\/wp-content\/uploads\/2026\/04\/ze-maria-750x602.jpg 750w\" sizes=\"(max-width: 800px) 100vw, 800px\"><figcaption>Z\u00e9 Maria, presidente do PSTU, discursando em defesa da causa palestina <br \/>Arquivo PSTU<\/figcaption><\/figure>\n<p>Sobre esse tema, Z\u00e9 Maria ressaltou que seu caso demonstra que \u201c\u00e9 muito grave o retrocesso que pode advir caso esse projeto (PL 1424\/26) seja aprovado e sancionado, e \u00e9 preciso que todos os setores democr\u00e1ticos da sociedade se pronunciem contra ele e pressionem o Congresso Nacional pela sua rejei\u00e7\u00e3o\u201d.<\/p>\n<h3>Desdobramentos jur\u00eddicos<\/h3>\n<p>Sobre os desdobramentos do caso, o presidente do PSTU assegurou que vai recorrer da senten\u00e7a no 3\u00ba Tribunal Regional Federal (TRF3), que tem jurisdi\u00e7\u00e3o em S\u00e3o Paulo.<\/p>\n<p>\u201cDo ponto de vista jur\u00eddico, a depender da decis\u00e3o tomada na segunda inst\u00e2ncia, vamos ao a\u00ed, aos Tribunais em Bras\u00edlia (STJ e STF). Do ponto de vista pol\u00edtico vamos buscar, juntamente com todas e todos os demais atingidos por essa persegui\u00e7\u00e3o pol\u00edtica, fazer uma campanha de denuncia desse cen\u00e1rio, e vamos fazer isso junto com refor\u00e7ar a campanha em defesa do povo palestino e pelo fim do Estado sionista, racista e colonialista de Israel. N\u00e3o v\u00e3o nos calar! Palestina livre, do rio ao mar!\u201d, concluiu Z\u00e9 Maria.<\/p>\n<p>O post Presidente do PSTU \u00e9 condenado em primeira inst\u00e2ncia por \u2018antissemitismo\u2019 apareceu primeiro em Opera Mundi.<\/p>\n<!-- Begin Yuzo --><div class='yuzo_related_post style-1'  data-version='5.12.89'><!-- without result --><div class='yuzo_clearfixed yuzo__title yuzo__title'><h3>Related Post<\/h3><\/div>\n\t\t\t\t\t\t  <div class=\"relatedthumb \" style=\"width:125px;float:left;overflow:hidden;\">  \n\t\t\t\t\t\t\t  \n\t\t\t\t\t\t\t  <a  href=\"https:\/\/redept.com.br\/blogosfera\/lavagem-do-bonfim-mobiliza-caravanas-do-interior-da-bahia-para-reafirmar-fe-politica-e-ancestralidade-negra\/\"  >\n\t\t\t\t\t\t\t\t\t  <div class=\"yuzo-img-wrap \" style=\"width: 125px;height:90px;\">\n\t\t\t\t\t\t\t\t\t\t\n\t\t\t\t\t\t\t\t\t\t<div class=\"yuzo-img\" style=\"background:url('https:\/\/redept.org\/blogosfera\/wp-content\/plugins\/yuzo-related-post\/assets\/images\/default.png') 50% 50% no-repeat;width: 125px;height:90px;margin-bottom: 5px;background-size: cover; \"><\/div>\n\t\t\t\t\t\t\t\t\t  <\/div>\n\t\t\t\t\t\t\t\t\t  \n\t\t\t\t\t\t\t\t   <span class=\"yuzo__text--title\" style=\"font-size:13px;\">Lavagem do Bonfim mobiliza caravanas do interior d...<\/span>\n\t\t\t\t\t\t\t  \n\t\t\t\t\t\t\t  \n\t\t\t\t\t\t\t  <\/a>\n\n\t\t\t\t\t\t  <\/div>\n\t\t\t\t\t\t  <div class=\"relatedthumb \" style=\"width:125px;float:left;overflow:hidden;\">  \n\t\t\t\t\t\t\t  \n\t\t\t\t\t\t\t  <a  href=\"https:\/\/redept.com.br\/blogosfera\/governo-lula-recupera-recursos-para-educacao-cortados-na-votacao-do-orcamento\/\"  >\n\t\t\t\t\t\t\t\t\t  <div class=\"yuzo-img-wrap \" style=\"width: 125px;height:90px;\">\n\t\t\t\t\t\t\t\t\t\t\n\t\t\t\t\t\t\t\t\t\t<div class=\"yuzo-img\" style=\"background:url('https:\/\/redept.org\/blogosfera\/wp-content\/plugins\/yuzo-related-post\/assets\/images\/default.png') 50% 50% no-repeat;width: 125px;height:90px;margin-bottom: 5px;background-size: cover; \"><\/div>\n\t\t\t\t\t\t\t\t\t  <\/div>\n\t\t\t\t\t\t\t\t\t  \n\t\t\t\t\t\t\t\t   <span class=\"yuzo__text--title\" style=\"font-size:13px;\">Governo Lula recupera recursos para educa\u00e7\u00e3o corta...<\/span>\n\t\t\t\t\t\t\t  \n\t\t\t\t\t\t\t  \n\t\t\t\t\t\t\t  <\/a>\n\n\t\t\t\t\t\t  <\/div>\n\t\t\t\t\t\t  <div class=\"relatedthumb \" style=\"width:125px;float:left;overflow:hidden;\">  \n\t\t\t\t\t\t\t  \n\t\t\t\t\t\t\t  <a  href=\"https:\/\/redept.com.br\/blogosfera\/eleicoes-e-enfrentamento-a-violencia-nos-territorios-sao-desafios-apontados-por-movimentos-populares-para-2026\/\"  >\n\t\t\t\t\t\t\t\t\t  <div class=\"yuzo-img-wrap \" style=\"width: 125px;height:90px;\">\n\t\t\t\t\t\t\t\t\t\t\n\t\t\t\t\t\t\t\t\t\t<div class=\"yuzo-img\" style=\"background:url('https:\/\/redept.org\/blogosfera\/wp-content\/plugins\/yuzo-related-post\/assets\/images\/default.png') 50% 50% no-repeat;width: 125px;height:90px;margin-bottom: 5px;background-size: cover; \"><\/div>\n\t\t\t\t\t\t\t\t\t  <\/div>\n\t\t\t\t\t\t\t\t\t  \n\t\t\t\t\t\t\t\t   <span class=\"yuzo__text--title\" style=\"font-size:13px;\">Elei\u00e7\u00f5es e enfrentamento \u00e0 viol\u00eancia nos territ\u00f3ri...<\/span>\n\t\t\t\t\t\t\t  \n\t\t\t\t\t\t\t  \n\t\t\t\t\t\t\t  <\/a>\n\n\t\t\t\t\t\t  <\/div>\n\t\t\t\t\t\t  <div class=\"relatedthumb \" style=\"width:125px;float:left;overflow:hidden;\">  \n\t\t\t\t\t\t\t  \n\t\t\t\t\t\t\t  <a  href=\"https:\/\/redept.com.br\/blogosfera\/cpmi-do-inss-aprova-pedido-de-prisao-preventiva-de-21-investigados\/\"  >\n\t\t\t\t\t\t\t\t\t  <div class=\"yuzo-img-wrap \" style=\"width: 125px;height:90px;\">\n\t\t\t\t\t\t\t\t\t\t\n\t\t\t\t\t\t\t\t\t\t<div class=\"yuzo-img\" style=\"background:url('https:\/\/redept.org\/blogosfera\/wp-content\/plugins\/yuzo-related-post\/assets\/images\/default.png') 50% 50% no-repeat;width: 125px;height:90px;margin-bottom: 5px;background-size: cover; \"><\/div>\n\t\t\t\t\t\t\t\t\t  <\/div>\n\t\t\t\t\t\t\t\t\t  \n\t\t\t\t\t\t\t\t   <span class=\"yuzo__text--title\" style=\"font-size:13px;\">CPMI do INSS aprova pedido de pris\u00e3o preventiva de...<\/span>\n\t\t\t\t\t\t\t  \n\t\t\t\t\t\t\t  \n\t\t\t\t\t\t\t  <\/a>\n\n\t\t\t\t\t\t  <\/div>\n<\/div> <script>\n\t\t\t\t\t\t  jQuery(document).ready(function( $ ){\n\t\t\t\t\t\t\t\/\/jQuery('.yuzo_related_post').equalizer({ overflow : 'relatedthumb' });\n\t\t\t\t\t\t\tjQuery('.yuzo_related_post .yuzo_wraps').equalizer({ columns : '> div' });\n\t\t\t\t\t\t   })\n\t\t\t\t\t\t  <\/script> <!-- End Yuzo :) -->","protected":false},"excerpt":{"rendered":"<p>Em decis\u00e3o proferida nesta ter\u00e7a-feira (28\/04), a 4\u00aa Vara Criminal Federal de S\u00e3o Paulo condenou o metal\u00fargico e presidente do Partido Socialista dos Trabalhadores Unificado (PSTU), Z\u00e9 Maria de Almeida, a pena de dois anos de pris\u00e3o, pelo suposto crime de \u201cracismo\u201d em fun\u00e7\u00e3o de uma declara\u00e7\u00e3o na qual ele defende a causa palestina, al\u00e9m [\u2026]<\/p>\n<p>O post <a href=\"https:\/\/operamundi.uol.com.br\/brasil\/presidente-pstu-condenado-1a-instancia-por-antissemitismo\/\">Presidente do PSTU \u00e9 condenado em primeira inst\u00e2ncia por \u2018antissemitismo\u2019<\/a> apareceu primeiro em <a href=\"https:\/\/operamundi.uol.com.br\/\">Opera Mundi<\/a>.<\/p>\n","protected":false},"author":2,"featured_media":85253,"comment_status":"closed","ping_status":"closed","sticky":false,"template":"","format":"standard","meta":{"fifu_image_url":"","fifu_image_alt":"","footnotes":""},"categories":[5105,14427,45,6059,79,6046,19237,325,25,54,52629,10507,229,2441,919,52630],"tags":[],"class_list":["post-85252","post","type-post","status-publish","format-standard","has-post-thumbnail","hentry","category-antissemitismo","category-antissionismo","category-brasil","category-breno-altman","category-colonialismo","category-conib","category-fisesp","category-genocidio","category-israel","category-palestina","category-pl-1424-26","category-pstu","category-racismo","category-sionismo","category-tabata-amaral","category-ze-maria"],"_links":{"self":[{"href":"https:\/\/redept.com.br\/blogosfera\/wp-json\/wp\/v2\/posts\/85252","targetHints":{"allow":["GET"]}}],"collection":[{"href":"https:\/\/redept.com.br\/blogosfera\/wp-json\/wp\/v2\/posts"}],"about":[{"href":"https:\/\/redept.com.br\/blogosfera\/wp-json\/wp\/v2\/types\/post"}],"author":[{"embeddable":true,"href":"https:\/\/redept.com.br\/blogosfera\/wp-json\/wp\/v2\/users\/2"}],"replies":[{"embeddable":true,"href":"https:\/\/redept.com.br\/blogosfera\/wp-json\/wp\/v2\/comments?post=85252"}],"version-history":[{"count":0,"href":"https:\/\/redept.com.br\/blogosfera\/wp-json\/wp\/v2\/posts\/85252\/revisions"}],"wp:featuredmedia":[{"embeddable":true,"href":"https:\/\/redept.com.br\/blogosfera\/wp-json\/wp\/v2\/media\/85253"}],"wp:attachment":[{"href":"https:\/\/redept.com.br\/blogosfera\/wp-json\/wp\/v2\/media?parent=85252"}],"wp:term":[{"taxonomy":"category","embeddable":true,"href":"https:\/\/redept.com.br\/blogosfera\/wp-json\/wp\/v2\/categories?post=85252"},{"taxonomy":"post_tag","embeddable":true,"href":"https:\/\/redept.com.br\/blogosfera\/wp-json\/wp\/v2\/tags?post=85252"}],"curies":[{"name":"wp","href":"https:\/\/api.w.org\/{rel}","templated":true}]}}