{"id":85257,"date":"2026-04-29T06:00:00","date_gmt":"2026-04-29T09:00:00","guid":{"rendered":"https:\/\/redept.com.br\/blogosfera\/cadeirante-sem-assistencia-comida-estragada-e-falta-de-remedios-conpede-aponta-cenario-critico-em-penitenciaria-de-sp\/"},"modified":"2026-04-29T06:00:00","modified_gmt":"2026-04-29T09:00:00","slug":"cadeirante-sem-assistencia-comida-estragada-e-falta-de-remedios-conpede-aponta-cenario-critico-em-penitenciaria-de-sp","status":"publish","type":"post","link":"https:\/\/redept.com.br\/blogosfera\/cadeirante-sem-assistencia-comida-estragada-e-falta-de-remedios-conpede-aponta-cenario-critico-em-penitenciaria-de-sp\/","title":{"rendered":"Cadeirante sem assist\u00eancia, comida estragada e falta de rem\u00e9dios: Conpede aponta cen\u00e1rio cr\u00edtico em penitenci\u00e1ria de SP"},"content":{"rendered":"<p>Em resposta, governo de Tarc\u00edsio de Freitas desmente as acusa\u00e7\u00f5es, mas \u00e9 contraditado por familiares de presos<\/p>\n<p><a href=\"https:\/\/www.brasildefato.com.br\/2026\/04\/29\/cadeirante-sem-assistencia-comida-estragada-e-falta-de-remedios-conpede-aponta-cenario-critico-em-penitenciaria-de-sp\/\" rel=\"nofollow\">Fonte<\/a><\/p>\n<!-- Begin Yuzo --><div class='yuzo_related_post style-1'  data-version='5.12.89'><!-- without result --><div class='yuzo_clearfixed yuzo__title yuzo__title'><h3>Related Post<\/h3><\/div>\n\t\t\t\t\t\t  <div class=\"relatedthumb \" style=\"width:125px;float:left;overflow:hidden;\">  \n\t\t\t\t\t\t\t  \n\t\t\t\t\t\t\t  <a  href=\"https:\/\/redept.com.br\/blogosfera\/cadunico-governo-moderniza-o-sistema-saiba-tudo-sobre\/\"  >\n\t\t\t\t\t\t\t\t\t  <div class=\"yuzo-img-wrap \" style=\"width: 125px;height:90px;\">\n\t\t\t\t\t\t\t\t\t\t\n\t\t\t\t\t\t\t\t\t\t<div class=\"yuzo-img\" style=\"background:url('https:\/\/redept.org\/blogosfera\/wp-content\/plugins\/yuzo-related-post\/assets\/images\/default.png') 50% 50% no-repeat;width: 125px;height:90px;margin-bottom: 5px;background-size: cover; \"><\/div>\n\t\t\t\t\t\t\t\t\t  <\/div>\n\t\t\t\t\t\t\t\t\t  \n\t\t\t\t\t\t\t\t   <span class=\"yuzo__text--title\" style=\"font-size:13px;\">Cad\u00danico: governo moderniza o sistema. Saiba tudo ...<\/span>\n\t\t\t\t\t\t\t  \n\t\t\t\t\t\t\t  \n\t\t\t\t\t\t\t  <\/a>\n\n\t\t\t\t\t\t  <\/div>\n\t\t\t\t\t\t  <div class=\"relatedthumb \" style=\"width:125px;float:left;overflow:hidden;\">  \n\t\t\t\t\t\t\t  \n\t\t\t\t\t\t\t  <a  href=\"https:\/\/redept.com.br\/blogosfera\/aeroportos-de-sp-tem-voos-cancelados-nesta-sexta-10\/\"  >\n\t\t\t\t\t\t\t\t\t  <div class=\"yuzo-img-wrap \" style=\"width: 125px;height:90px;\">\n\t\t\t\t\t\t\t\t\t\t\n\t\t\t\t\t\t\t\t\t\t<div class=\"yuzo-img\" style=\"background:url('https:\/\/redept.com.br\/blogosfera\/wp-content\/uploads\/2026\/04\/Gemini_Generated_Image_u5xmnpu5xmnpu5xm-150x150.png') 50% 50% no-repeat;width: 125px;height:90px;margin-bottom: 5px;background-size: cover; \"><\/div>\n\t\t\t\t\t\t\t\t\t  <\/div>\n\t\t\t\t\t\t\t\t\t  \n\t\t\t\t\t\t\t\t   <span class=\"yuzo__text--title\" style=\"font-size:13px;\">Aeroportos de SP t\u00eam voos cancelados nesta sexta (...<\/span>\n\t\t\t\t\t\t\t  \n\t\t\t\t\t\t\t  \n\t\t\t\t\t\t\t  <\/a>\n\n\t\t\t\t\t\t  <\/div>\n\t\t\t\t\t\t  <div class=\"relatedthumb \" style=\"width:125px;float:left;overflow:hidden;\">  \n\t\t\t\t\t\t\t  \n\t\t\t\t\t\t\t  <a  href=\"https:\/\/redept.com.br\/blogosfera\/feira-da-vivi-promove-economia-solidaria-cultura-e-conscientizacao-sobre-feminicidios-no-rs\/\"  >\n\t\t\t\t\t\t\t\t\t  <div class=\"yuzo-img-wrap \" style=\"width: 125px;height:90px;\">\n\t\t\t\t\t\t\t\t\t\t\n\t\t\t\t\t\t\t\t\t\t<div class=\"yuzo-img\" style=\"background:url('https:\/\/redept.org\/blogosfera\/wp-content\/plugins\/yuzo-related-post\/assets\/images\/default.png') 50% 50% no-repeat;width: 125px;height:90px;margin-bottom: 5px;background-size: cover; \"><\/div>\n\t\t\t\t\t\t\t\t\t  <\/div>\n\t\t\t\t\t\t\t\t\t  \n\t\t\t\t\t\t\t\t   <span class=\"yuzo__text--title\" style=\"font-size:13px;\">Feira da Vivi promove economia solid\u00e1ria, cultura ...<\/span>\n\t\t\t\t\t\t\t  \n\t\t\t\t\t\t\t  \n\t\t\t\t\t\t\t  <\/a>\n\n\t\t\t\t\t\t  <\/div>\n\t\t\t\t\t\t  <div class=\"relatedthumb \" style=\"width:125px;float:left;overflow:hidden;\">  \n\t\t\t\t\t\t\t  \n\t\t\t\t\t\t\t  <a  href=\"https:\/\/redept.com.br\/blogosfera\/vietna-reelege-lider-do-partido-comunista-e-traca-metas-para-2026-com-politicas-de-inclusao-social\/\"  >\n\t\t\t\t\t\t\t\t\t  <div class=\"yuzo-img-wrap \" style=\"width: 125px;height:90px;\">\n\t\t\t\t\t\t\t\t\t\t\n\t\t\t\t\t\t\t\t\t\t<div class=\"yuzo-img\" style=\"background:url('https:\/\/redept.org\/blogosfera\/wp-content\/plugins\/yuzo-related-post\/assets\/images\/default.png') 50% 50% no-repeat;width: 125px;height:90px;margin-bottom: 5px;background-size: cover; \"><\/div>\n\t\t\t\t\t\t\t\t\t  <\/div>\n\t\t\t\t\t\t\t\t\t  \n\t\t\t\t\t\t\t\t   <span class=\"yuzo__text--title\" style=\"font-size:13px;\">Vietn\u00e3 reelege l\u00edder do Partido Comunista e tra\u00e7a ...<\/span>\n\t\t\t\t\t\t\t  \n\t\t\t\t\t\t\t  \n\t\t\t\t\t\t\t  <\/a>\n\n\t\t\t\t\t\t  <\/div>\n<\/div> <script>\n\t\t\t\t\t\t  jQuery(document).ready(function( $ ){\n\t\t\t\t\t\t\t\/\/jQuery('.yuzo_related_post').equalizer({ overflow : 'relatedthumb' });\n\t\t\t\t\t\t\tjQuery('.yuzo_related_post .yuzo_wraps').equalizer({ columns : '> div' });\n\t\t\t\t\t\t   })\n\t\t\t\t\t\t  <\/script> <!-- End Yuzo :) -->","protected":false},"excerpt":{"rendered":"<p>Em resposta, governo de Tarc\u00edsio de Freitas desmente as acusa\u00e7\u00f5es, mas \u00e9 contraditado por familiares de presos Fonte Related Post Prefeitura apresenta proposta para o novo Plano Di&#8230; Lula pode transformar amea\u00e7as de Trump em trunfo p&#8230; Ambulat\u00f3rio Trans Centro, em Porto Alegre, complet&#8230; Discuss\u00e3o no STF que prev\u00ea troca da CLT por pejoti&#8230;<\/p>\n","protected":false},"author":2,"featured_media":0,"comment_status":"open","ping_status":"closed","sticky":false,"template":"","format":"standard","meta":{"fifu_image_url":"","fifu_image_alt":"","footnotes":""},"categories":[52631,618,6773,52632,52633,52634,2432,52635,1890,307,52636,52637,23930,52638,33021,52639,28504,52640,52641,52642,52643,26643,52644,188,52645,52646,52647,29,52648,31450,3596,22112,254,52649,2110,52650,49607],"tags":[],"class_list":["post-85257","post","type-post","status-publish","format-standard","hentry","category-alimentos-estragados","category-audiencia-publica","category-brasil-de-fato","category-cadeirante","category-carcerario","category-comida-estragada","category-condepe","category-condicoes-precarias","category-denuncia","category-direitos-humanos","category-emergencias-medicas","category-falta-de-escolta","category-falta-de-remedios","category-fotos","category-imagens","category-infeccao","category-insalubridade","category-mortes-no-sistema-carcerario","category-negligencia-estatal","category-oab-sao-paulo","category-parelheiros","category-penitenciaria","category-penitenciaria-joaquim-fonseca-lopes","category-presos","category-presos-com-deficiencia","category-reformas-na-penitenciaria","category-relatorio-condepe","category-sao-paulo","category-sap","category-saude-prisional","category-sistema-penitenciario","category-superlotacao","category-tarcisio-de-freitas","category-tarcisio-de-freitos","category-tortura","category-tortura-por-negligencia","category-tuberculose"],"_links":{"self":[{"href":"https:\/\/redept.com.br\/blogosfera\/wp-json\/wp\/v2\/posts\/85257","targetHints":{"allow":["GET"]}}],"collection":[{"href":"https:\/\/redept.com.br\/blogosfera\/wp-json\/wp\/v2\/posts"}],"about":[{"href":"https:\/\/redept.com.br\/blogosfera\/wp-json\/wp\/v2\/types\/post"}],"author":[{"embeddable":true,"href":"https:\/\/redept.com.br\/blogosfera\/wp-json\/wp\/v2\/users\/2"}],"replies":[{"embeddable":true,"href":"https:\/\/redept.com.br\/blogosfera\/wp-json\/wp\/v2\/comments?post=85257"}],"version-history":[{"count":0,"href":"https:\/\/redept.com.br\/blogosfera\/wp-json\/wp\/v2\/posts\/85257\/revisions"}],"wp:attachment":[{"href":"https:\/\/redept.com.br\/blogosfera\/wp-json\/wp\/v2\/media?parent=85257"}],"wp:term":[{"taxonomy":"category","embeddable":true,"href":"https:\/\/redept.com.br\/blogosfera\/wp-json\/wp\/v2\/categories?post=85257"},{"taxonomy":"post_tag","embeddable":true,"href":"https:\/\/redept.com.br\/blogosfera\/wp-json\/wp\/v2\/tags?post=85257"}],"curies":[{"name":"wp","href":"https:\/\/api.w.org\/{rel}","templated":true}]}}