{"id":85259,"date":"2026-04-29T07:06:42","date_gmt":"2026-04-29T10:06:42","guid":{"rendered":"https:\/\/redept.com.br\/blogosfera\/comissao-da-pec-6x1-e-instalada-hoje-na-camara-reducao-da-jornada-sem-perda-salarial-ganha-forca-em-ano-eleitoral\/"},"modified":"2026-04-29T07:06:42","modified_gmt":"2026-04-29T10:06:42","slug":"comissao-da-pec-6x1-e-instalada-hoje-na-camara-reducao-da-jornada-sem-perda-salarial-ganha-forca-em-ano-eleitoral","status":"publish","type":"post","link":"https:\/\/redept.com.br\/blogosfera\/comissao-da-pec-6x1-e-instalada-hoje-na-camara-reducao-da-jornada-sem-perda-salarial-ganha-forca-em-ano-eleitoral\/","title":{"rendered":"Comiss\u00e3o da PEC 6\u00d71 \u00e9 instalada hoje na C\u00e2mara: redu\u00e7\u00e3o da jornada sem perda salarial ganha for\u00e7a em ano eleitoral"},"content":{"rendered":"<p>Instala\u00e7\u00e3o da comiss\u00e3o especial marca avan\u00e7o de proposta que pode ampliar direitos dos trabalhadores e influenciar o debate pol\u00edtico nacional<\/p>\n<p>O post Comiss\u00e3o da PEC 6\u00d71 \u00e9 instalada hoje na C\u00e2mara: redu\u00e7\u00e3o da jornada sem perda salarial ganha for\u00e7a em ano eleitoral apareceu primeiro em Urbs Magna.<\/p>\n<!-- Begin Yuzo --><div class='yuzo_related_post style-1'  data-version='5.12.89'><!-- without result --><div class='yuzo_clearfixed yuzo__title yuzo__title'><h3>Related Post<\/h3><\/div>\n\t\t\t\t\t\t  <div class=\"relatedthumb \" style=\"width:125px;float:left;overflow:hidden;\">  \n\t\t\t\t\t\t\t  \n\t\t\t\t\t\t\t  <a  href=\"https:\/\/redept.com.br\/blogosfera\/entregadores-de-aplicativos-fazem-protestos-em-pelo-menos-23-capitais-e-congresso-adia-votacao-de-pl-dos-apps\/\"  >\n\t\t\t\t\t\t\t\t\t  <div class=\"yuzo-img-wrap \" style=\"width: 125px;height:90px;\">\n\t\t\t\t\t\t\t\t\t\t\n\t\t\t\t\t\t\t\t\t\t<div class=\"yuzo-img\" style=\"background:url('https:\/\/redept.org\/blogosfera\/wp-content\/plugins\/yuzo-related-post\/assets\/images\/default.png') 50% 50% no-repeat;width: 125px;height:90px;margin-bottom: 5px;background-size: cover; \"><\/div>\n\t\t\t\t\t\t\t\t\t  <\/div>\n\t\t\t\t\t\t\t\t\t  \n\t\t\t\t\t\t\t\t   <span class=\"yuzo__text--title\" style=\"font-size:13px;\">Entregadores de aplicativos fazem protestos em pel...<\/span>\n\t\t\t\t\t\t\t  \n\t\t\t\t\t\t\t  \n\t\t\t\t\t\t\t  <\/a>\n\n\t\t\t\t\t\t  <\/div>\n\t\t\t\t\t\t  <div class=\"relatedthumb \" style=\"width:125px;float:left;overflow:hidden;\">  \n\t\t\t\t\t\t\t  \n\t\t\t\t\t\t\t  <a  href=\"https:\/\/redept.com.br\/blogosfera\/governo-propoe-subsidio-de-r-120-ao-diesel-apos-impasse-do-icms\/\"  >\n\t\t\t\t\t\t\t\t\t  <div class=\"yuzo-img-wrap \" style=\"width: 125px;height:90px;\">\n\t\t\t\t\t\t\t\t\t\t\n\t\t\t\t\t\t\t\t\t\t<div class=\"yuzo-img\" style=\"background:url('https:\/\/redept.org\/blogosfera\/wp-content\/plugins\/yuzo-related-post\/assets\/images\/default.png') 50% 50% no-repeat;width: 125px;height:90px;margin-bottom: 5px;background-size: cover; \"><\/div>\n\t\t\t\t\t\t\t\t\t  <\/div>\n\t\t\t\t\t\t\t\t\t  \n\t\t\t\t\t\t\t\t   <span class=\"yuzo__text--title\" style=\"font-size:13px;\">Governo prop\u00f5e subs\u00eddio de R$ 1,20 ao diesel ap\u00f3s ...<\/span>\n\t\t\t\t\t\t\t  \n\t\t\t\t\t\t\t  \n\t\t\t\t\t\t\t  <\/a>\n\n\t\t\t\t\t\t  <\/div>\n\t\t\t\t\t\t  <div class=\"relatedthumb \" style=\"width:125px;float:left;overflow:hidden;\">  \n\t\t\t\t\t\t\t  \n\t\t\t\t\t\t\t  <a  href=\"https:\/\/redept.com.br\/blogosfera\/ao-lado-de-lula-ministra-luciana-santos-participa-de-missao-oficial-na-china\/\"  >\n\t\t\t\t\t\t\t\t\t  <div class=\"yuzo-img-wrap \" style=\"width: 125px;height:90px;\">\n\t\t\t\t\t\t\t\t\t\t\n\t\t\t\t\t\t\t\t\t\t<div class=\"yuzo-img\" style=\"background:url('https:\/\/redept.com.br\/blogosfera\/wp-content\/uploads\/2025\/05\/Luciana-Santos-em-reuniao-com-o-Ministro-de-CT-da-China-Yin-Hejun-150x150.jpg') 50% 50% no-repeat;width: 125px;height:90px;margin-bottom: 5px;background-size: cover; \"><\/div>\n\t\t\t\t\t\t\t\t\t  <\/div>\n\t\t\t\t\t\t\t\t\t  \n\t\t\t\t\t\t\t\t   <span class=\"yuzo__text--title\" style=\"font-size:13px;\">Ao lado de Lula, ministra Luciana Santos participa...<\/span>\n\t\t\t\t\t\t\t  \n\t\t\t\t\t\t\t  \n\t\t\t\t\t\t\t  <\/a>\n\n\t\t\t\t\t\t  <\/div>\n\t\t\t\t\t\t  <div class=\"relatedthumb \" style=\"width:125px;float:left;overflow:hidden;\">  \n\t\t\t\t\t\t\t  \n\t\t\t\t\t\t\t  <a  href=\"https:\/\/redept.com.br\/blogosfera\/acariacao-cid-e-braga-netto-ficam-cara-a-cara-no-supremo\/\"  >\n\t\t\t\t\t\t\t\t\t  <div class=\"yuzo-img-wrap \" style=\"width: 125px;height:90px;\">\n\t\t\t\t\t\t\t\t\t\t\n\t\t\t\t\t\t\t\t\t\t<div class=\"yuzo-img\" style=\"background:url('https:\/\/redept.org\/blogosfera\/wp-content\/plugins\/yuzo-related-post\/assets\/images\/default.png') 50% 50% no-repeat;width: 125px;height:90px;margin-bottom: 5px;background-size: cover; \"><\/div>\n\t\t\t\t\t\t\t\t\t  <\/div>\n\t\t\t\t\t\t\t\t\t  \n\t\t\t\t\t\t\t\t   <span class=\"yuzo__text--title\" style=\"font-size:13px;\">Acaria\u00e7\u00e3o: Cid e Braga Netto ficam cara a cara no ...<\/span>\n\t\t\t\t\t\t\t  \n\t\t\t\t\t\t\t  \n\t\t\t\t\t\t\t  <\/a>\n\n\t\t\t\t\t\t  <\/div>\n<\/div> <script>\n\t\t\t\t\t\t  jQuery(document).ready(function( $ ){\n\t\t\t\t\t\t\t\/\/jQuery('.yuzo_related_post').equalizer({ overflow : 'relatedthumb' });\n\t\t\t\t\t\t\tjQuery('.yuzo_related_post .yuzo_wraps').equalizer({ columns : '> div' });\n\t\t\t\t\t\t   })\n\t\t\t\t\t\t  <\/script> <!-- End Yuzo :) -->","protected":false},"excerpt":{"rendered":"<p>Instala\u00e7\u00e3o da comiss\u00e3o especial marca avan\u00e7o de proposta que pode ampliar direitos dos trabalhadores e influenciar o debate pol\u00edtico nacional<\/p>\n<p>O post <a rel=\"nofollow\" href=\"https:\/\/urbsmagna.com\/comissao-pec-6x1-instalada-camara-reducao-jornada-trabalho-eleicoes-2026\/\">Comiss\u00e3o da PEC 6\u00d71 \u00e9 instalada hoje na C\u00e2mara: redu\u00e7\u00e3o da jornada sem perda salarial ganha for\u00e7a em ano eleitoral<\/a> apareceu primeiro em <a rel=\"nofollow\" href=\"https:\/\/urbsmagna.com\/\">Urbs Magna<\/a>.<\/p>\n","protected":false},"author":2,"featured_media":0,"comment_status":"open","ping_status":"closed","sticky":false,"template":"","format":"standard","meta":{"fifu_image_url":"","fifu_image_alt":"","footnotes":""},"categories":[6587,45,298,388,6952,1679,815,1760,2008,17,3325,52661,1886,25119,112,191,13457,1975,35717,132,5471,1970,480,52662],"tags":[],"class_list":["post-85259","post","type-post","status-publish","format-standard","hentry","category-alencar-santana","category-brasil","category-camara-dos-deputados","category-congresso-nacional","category-direito-trabalhista","category-direitos-trabalhistas","category-economia-brasileira","category-eleicoes-2026","category-fim-da-escala-6x1","category-governo-lula","category-hugo-motta","category-jornada-44-para-36-horas","category-justica-social","category-leo-prates","category-lula","category-noticias","category-partido-dos-trabalhadores-pt","category-pec-6x1","category-pesquisa-nexus","category-politica","category-politica-nacional","category-reducao-da-jornada-de-trabalho","category-trabalhadores","category-unicamp-cesit"],"_links":{"self":[{"href":"https:\/\/redept.com.br\/blogosfera\/wp-json\/wp\/v2\/posts\/85259","targetHints":{"allow":["GET"]}}],"collection":[{"href":"https:\/\/redept.com.br\/blogosfera\/wp-json\/wp\/v2\/posts"}],"about":[{"href":"https:\/\/redept.com.br\/blogosfera\/wp-json\/wp\/v2\/types\/post"}],"author":[{"embeddable":true,"href":"https:\/\/redept.com.br\/blogosfera\/wp-json\/wp\/v2\/users\/2"}],"replies":[{"embeddable":true,"href":"https:\/\/redept.com.br\/blogosfera\/wp-json\/wp\/v2\/comments?post=85259"}],"version-history":[{"count":0,"href":"https:\/\/redept.com.br\/blogosfera\/wp-json\/wp\/v2\/posts\/85259\/revisions"}],"wp:attachment":[{"href":"https:\/\/redept.com.br\/blogosfera\/wp-json\/wp\/v2\/media?parent=85259"}],"wp:term":[{"taxonomy":"category","embeddable":true,"href":"https:\/\/redept.com.br\/blogosfera\/wp-json\/wp\/v2\/categories?post=85259"},{"taxonomy":"post_tag","embeddable":true,"href":"https:\/\/redept.com.br\/blogosfera\/wp-json\/wp\/v2\/tags?post=85259"}],"curies":[{"name":"wp","href":"https:\/\/api.w.org\/{rel}","templated":true}]}}