{"id":85262,"date":"2026-04-29T08:00:00","date_gmt":"2026-04-29T11:00:00","guid":{"rendered":"https:\/\/redept.com.br\/blogosfera\/semana-dos-academicos-indigenas-reafirma-povos-tradicionais-na-unb-ha-uma-decada\/"},"modified":"2026-04-29T08:00:00","modified_gmt":"2026-04-29T11:00:00","slug":"semana-dos-academicos-indigenas-reafirma-povos-tradicionais-na-unb-ha-uma-decada","status":"publish","type":"post","link":"https:\/\/redept.com.br\/blogosfera\/semana-dos-academicos-indigenas-reafirma-povos-tradicionais-na-unb-ha-uma-decada\/","title":{"rendered":"Semana dos Acad\u00eamicos Ind\u00edgenas reafirma povos tradicionais na UnB h\u00e1 uma d\u00e9cada"},"content":{"rendered":"<p>Come\u00e7ou nesta ter\u00e7a-feira (28) e vai at\u00e9 o dia 30 de abril, a 10\u00aa Semana dos Acad\u00eamicos Ind\u00edgenas (SEMAI 2026) da\u00a0Universidade de Bras\u00edlia (UnB). O evento, organizado pela Associa\u00e7\u00e3o dos Acad\u00eamicos Ind\u00edgenas da UnB (AAIUnB), marca uma d\u00e9cada de encontros que articulam perman\u00eancia, luta e produ\u00e7\u00e3o de conhecimento a partir dos povos origin\u00e1rios. Nesta edi\u00e7\u00e3o, [\u2026]<\/p>\n<p><a href=\"https:\/\/www.brasildefato.com.br\/2026\/04\/29\/semana-dos-academicos-indigenas-reafirma-povos-tradicionais-na-unb-ha-uma-decada\/\" rel=\"nofollow\">Fonte<\/a><\/p>\n<!-- Begin Yuzo --><div class='yuzo_related_post style-1'  data-version='5.12.89'><!-- without result --><div class='yuzo_clearfixed yuzo__title yuzo__title'><h3>Related Post<\/h3><\/div>\n\t\t\t\t\t\t  <div class=\"relatedthumb \" style=\"width:125px;float:left;overflow:hidden;\">  \n\t\t\t\t\t\t\t  \n\t\t\t\t\t\t\t  <a  href=\"https:\/\/redept.com.br\/blogosfera\/whats-happening-in-niger-inside-the-struggle-for-independence-in-the-african-country\/\"  >\n\t\t\t\t\t\t\t\t\t  <div class=\"yuzo-img-wrap \" style=\"width: 125px;height:90px;\">\n\t\t\t\t\t\t\t\t\t\t\n\t\t\t\t\t\t\t\t\t\t<div class=\"yuzo-img\" style=\"background:url('https:\/\/redept.org\/blogosfera\/wp-content\/plugins\/yuzo-related-post\/assets\/images\/default.png') 50% 50% no-repeat;width: 125px;height:90px;margin-bottom: 5px;background-size: cover; \"><\/div>\n\t\t\t\t\t\t\t\t\t  <\/div>\n\t\t\t\t\t\t\t\t\t  \n\t\t\t\t\t\t\t\t   <span class=\"yuzo__text--title\" style=\"font-size:13px;\">What\u2019s happening in Niger: inside the strugg...<\/span>\n\t\t\t\t\t\t\t  \n\t\t\t\t\t\t\t  \n\t\t\t\t\t\t\t  <\/a>\n\n\t\t\t\t\t\t  <\/div>\n\t\t\t\t\t\t  <div class=\"relatedthumb \" style=\"width:125px;float:left;overflow:hidden;\">  \n\t\t\t\t\t\t\t  \n\t\t\t\t\t\t\t  <a  href=\"https:\/\/redept.com.br\/blogosfera\/estado-brasileiro-reconhece-negligencia-com-ossadas-da-vala-clandestina-de-perus\/\"  >\n\t\t\t\t\t\t\t\t\t  <div class=\"yuzo-img-wrap \" style=\"width: 125px;height:90px;\">\n\t\t\t\t\t\t\t\t\t\t\n\t\t\t\t\t\t\t\t\t\t<div class=\"yuzo-img\" style=\"background:url('https:\/\/redept.com.br\/blogosfera\/wp-content\/uploads\/2025\/03\/Captura-de-Tela-2025-03-24-as-18.08.58-150x150.png') 50% 50% no-repeat;width: 125px;height:90px;margin-bottom: 5px;background-size: cover; \"><\/div>\n\t\t\t\t\t\t\t\t\t  <\/div>\n\t\t\t\t\t\t\t\t\t  \n\t\t\t\t\t\t\t\t   <span class=\"yuzo__text--title\" style=\"font-size:13px;\">Estado brasileiro reconhece neglig\u00eancia com ossada...<\/span>\n\t\t\t\t\t\t\t  \n\t\t\t\t\t\t\t  \n\t\t\t\t\t\t\t  <\/a>\n\n\t\t\t\t\t\t  <\/div>\n\t\t\t\t\t\t  <div class=\"relatedthumb \" style=\"width:125px;float:left;overflow:hidden;\">  \n\t\t\t\t\t\t\t  \n\t\t\t\t\t\t\t  <a  href=\"https:\/\/redept.com.br\/blogosfera\/tradicional-romaria-da-terra-2025-no-rio-grande-do-sul-acontecera-no-vale-do-taquari\/\"  >\n\t\t\t\t\t\t\t\t\t  <div class=\"yuzo-img-wrap \" style=\"width: 125px;height:90px;\">\n\t\t\t\t\t\t\t\t\t\t\n\t\t\t\t\t\t\t\t\t\t<div class=\"yuzo-img\" style=\"background:url('https:\/\/redept.org\/blogosfera\/wp-content\/plugins\/yuzo-related-post\/assets\/images\/default.png') 50% 50% no-repeat;width: 125px;height:90px;margin-bottom: 5px;background-size: cover; \"><\/div>\n\t\t\t\t\t\t\t\t\t  <\/div>\n\t\t\t\t\t\t\t\t\t  \n\t\t\t\t\t\t\t\t   <span class=\"yuzo__text--title\" style=\"font-size:13px;\">Tradicional Romaria da Terra 2025, no Rio Grande d...<\/span>\n\t\t\t\t\t\t\t  \n\t\t\t\t\t\t\t  \n\t\t\t\t\t\t\t  <\/a>\n\n\t\t\t\t\t\t  <\/div>\n\t\t\t\t\t\t  <div class=\"relatedthumb \" style=\"width:125px;float:left;overflow:hidden;\">  \n\t\t\t\t\t\t\t  \n\t\t\t\t\t\t\t  <a  href=\"https:\/\/redept.com.br\/blogosfera\/manifestacao-no-aniversario-de-campina-grande-pb-denuncia-projeto-da-prefeitura-para-despejar-centenas-de-familias\/\"  >\n\t\t\t\t\t\t\t\t\t  <div class=\"yuzo-img-wrap \" style=\"width: 125px;height:90px;\">\n\t\t\t\t\t\t\t\t\t\t\n\t\t\t\t\t\t\t\t\t\t<div class=\"yuzo-img\" style=\"background:url('https:\/\/redept.com.br\/blogosfera\/wp-content\/uploads\/2025\/10\/v2_f3448f9f-5457-4fc6-b395-f7ca659e2b82-1-150x150.jpg') 50% 50% no-repeat;width: 125px;height:90px;margin-bottom: 5px;background-size: cover; \"><\/div>\n\t\t\t\t\t\t\t\t\t  <\/div>\n\t\t\t\t\t\t\t\t\t  \n\t\t\t\t\t\t\t\t   <span class=\"yuzo__text--title\" style=\"font-size:13px;\">Manifesta\u00e7\u00e3o no anivers\u00e1rio de Campina Grande (PB)...<\/span>\n\t\t\t\t\t\t\t  \n\t\t\t\t\t\t\t  \n\t\t\t\t\t\t\t  <\/a>\n\n\t\t\t\t\t\t  <\/div>\n<\/div> <script>\n\t\t\t\t\t\t  jQuery(document).ready(function( $ ){\n\t\t\t\t\t\t\t\/\/jQuery('.yuzo_related_post').equalizer({ overflow : 'relatedthumb' });\n\t\t\t\t\t\t\tjQuery('.yuzo_related_post .yuzo_wraps').equalizer({ columns : '> div' });\n\t\t\t\t\t\t   })\n\t\t\t\t\t\t  <\/script> <!-- End Yuzo :) -->","protected":false},"excerpt":{"rendered":"<p>Come\u00e7ou nesta ter\u00e7a-feira (28) e vai at\u00e9 o dia 30 de abril, a 10\u00aa Semana dos Acad\u00eamicos Ind\u00edgenas (SEMAI 2026) da\u00a0Universidade de Bras\u00edlia (UnB). O evento, organizado pela Associa\u00e7\u00e3o dos Acad\u00eamicos Ind\u00edgenas da UnB (AAIUnB), marca uma d\u00e9cada de encontros que articulam perman\u00eancia, luta e produ\u00e7\u00e3o de conhecimento a partir dos povos origin\u00e1rios. Nesta edi\u00e7\u00e3o, [&hellip;]<\/p>\n","protected":false},"author":2,"featured_media":0,"comment_status":"open","ping_status":"closed","sticky":false,"template":"","format":"standard","meta":{"fifu_image_url":"","fifu_image_alt":"","footnotes":""},"categories":[52694,9180,52695,5350,52696,52697,48487,52698,52699,95,7966,52700,52701,52702,52703,9133,52704,52705,52706,6601,52707,52708,52709,1358,41012,52710,52711,52712,52713,1209,1352],"tags":[],"class_list":["post-85262","post","type-post","status-publish","format-standard","hentry","category-10a-semai","category-acoes-afirmativas","category-antropologia-indigena","category-arte-indigena","category-associacao-dos-academicos-indigenas-da-unb","category-comunicacao-indigena","category-conhecimento-ancestral","category-desfile-dos-ancestrais-academicos","category-diversidade-de-genero-indigena","category-educacao","category-educacao-indigena","category-epistemologias-indigenas","category-grafismos-indigenas","category-linguas-maternas","category-maternidade-indigena","category-mulheres-indigenas","category-niara-nukini","category-noite-cultural-indigena","category-permanencia-academica-indigena","category-plantas-medicinais","category-politicas-de-permanencia","category-povo-kariri-xoco","category-povo-nukini","category-povos-indigenas","category-resistencia-indigena","category-saberes-indigenas","category-saude-mental-indigena","category-territorio-e-universidade","category-tore","category-unb","category-universidade-de-brasilia"],"_links":{"self":[{"href":"https:\/\/redept.com.br\/blogosfera\/wp-json\/wp\/v2\/posts\/85262","targetHints":{"allow":["GET"]}}],"collection":[{"href":"https:\/\/redept.com.br\/blogosfera\/wp-json\/wp\/v2\/posts"}],"about":[{"href":"https:\/\/redept.com.br\/blogosfera\/wp-json\/wp\/v2\/types\/post"}],"author":[{"embeddable":true,"href":"https:\/\/redept.com.br\/blogosfera\/wp-json\/wp\/v2\/users\/2"}],"replies":[{"embeddable":true,"href":"https:\/\/redept.com.br\/blogosfera\/wp-json\/wp\/v2\/comments?post=85262"}],"version-history":[{"count":0,"href":"https:\/\/redept.com.br\/blogosfera\/wp-json\/wp\/v2\/posts\/85262\/revisions"}],"wp:attachment":[{"href":"https:\/\/redept.com.br\/blogosfera\/wp-json\/wp\/v2\/media?parent=85262"}],"wp:term":[{"taxonomy":"category","embeddable":true,"href":"https:\/\/redept.com.br\/blogosfera\/wp-json\/wp\/v2\/categories?post=85262"},{"taxonomy":"post_tag","embeddable":true,"href":"https:\/\/redept.com.br\/blogosfera\/wp-json\/wp\/v2\/tags?post=85262"}],"curies":[{"name":"wp","href":"https:\/\/api.w.org\/{rel}","templated":true}]}}