{"id":85269,"date":"2026-04-29T09:25:59","date_gmt":"2026-04-29T12:25:59","guid":{"rendered":"https:\/\/redept.com.br\/blogosfera\/genial-quaest-tarcisio-de-freitas-lidera-intencoes-de-voto-contra-haddad-para-governo-de-sp-mais-de-50-ainda-podem-mudar-escolha\/"},"modified":"2026-04-29T09:25:59","modified_gmt":"2026-04-29T12:25:59","slug":"genial-quaest-tarcisio-de-freitas-lidera-intencoes-de-voto-contra-haddad-para-governo-de-sp-mais-de-50-ainda-podem-mudar-escolha","status":"publish","type":"post","link":"https:\/\/redept.com.br\/blogosfera\/genial-quaest-tarcisio-de-freitas-lidera-intencoes-de-voto-contra-haddad-para-governo-de-sp-mais-de-50-ainda-podem-mudar-escolha\/","title":{"rendered":"Genial\/Quaest: Tarc\u00edsio de Freitas lidera inten\u00e7\u00f5es de voto contra Haddad para governo de SP; mais de 50% ainda podem mudar escolha"},"content":{"rendered":"<p>A primeira pesquisa Genial\/Quaest para o governo de S\u00e3o Paulo, divulgada nesta quarta-feira (29), mostra o governador de S\u00e3o Paulo, Tarc\u00edsio de Freitas (Republicanos), \u00e0 frente na disputa pelo Pal\u00e1cio dos Bandeirantes, com 38% das inten\u00e7\u00f5es de voto no primeiro cen\u00e1rio testado. O ex-ministro da Fazenda Fernando Haddad (PT) aparece com 26%. No mesmo cen\u00e1rio, [\u2026]<\/p>\n<p><a href=\"https:\/\/www.brasildefato.com.br\/2026\/04\/29\/genialquaest-tarcisio-de-freitas-lidera-intencoes-de-voto-contra-haddad-para-governo-de-sp-mais-de-50-ainda-podem-mudar-escolha\/\" rel=\"nofollow\">Fonte<\/a><\/p>\n<!-- Begin Yuzo --><div class='yuzo_related_post style-1'  data-version='5.12.89'><!-- without result --><div class='yuzo_clearfixed yuzo__title yuzo__title'><h3>Related Post<\/h3><\/div>\n\t\t\t\t\t\t  <div class=\"relatedthumb \" style=\"width:125px;float:left;overflow:hidden;\">  \n\t\t\t\t\t\t\t  \n\t\t\t\t\t\t\t  <a  href=\"https:\/\/redept.com.br\/blogosfera\/the-secret-agent-makes-history-at-golden-globes-with-two-awards\/\"  >\n\t\t\t\t\t\t\t\t\t  <div class=\"yuzo-img-wrap \" style=\"width: 125px;height:90px;\">\n\t\t\t\t\t\t\t\t\t\t\n\t\t\t\t\t\t\t\t\t\t<div class=\"yuzo-img\" style=\"background:url('https:\/\/redept.org\/blogosfera\/wp-content\/plugins\/yuzo-related-post\/assets\/images\/default.png') 50% 50% no-repeat;width: 125px;height:90px;margin-bottom: 5px;background-size: cover; \"><\/div>\n\t\t\t\t\t\t\t\t\t  <\/div>\n\t\t\t\t\t\t\t\t\t  \n\t\t\t\t\t\t\t\t   <span class=\"yuzo__text--title\" style=\"font-size:13px;\">\u2018The Secret Agent\u2019 makes history at Golden Globes ...<\/span>\n\t\t\t\t\t\t\t  \n\t\t\t\t\t\t\t  \n\t\t\t\t\t\t\t  <\/a>\n\n\t\t\t\t\t\t  <\/div>\n\t\t\t\t\t\t  <div class=\"relatedthumb \" style=\"width:125px;float:left;overflow:hidden;\">  \n\t\t\t\t\t\t\t  \n\t\t\t\t\t\t\t  <a  href=\"https:\/\/redept.com.br\/blogosfera\/em-meio-a-crise-partido-de-milei-perde-eleicao-em-buenos-aires\/\"  >\n\t\t\t\t\t\t\t\t\t  <div class=\"yuzo-img-wrap \" style=\"width: 125px;height:90px;\">\n\t\t\t\t\t\t\t\t\t\t\n\t\t\t\t\t\t\t\t\t\t<div class=\"yuzo-img\" style=\"background:url('https:\/\/redept.org\/blogosfera\/wp-content\/plugins\/yuzo-related-post\/assets\/images\/default.png') 50% 50% no-repeat;width: 125px;height:90px;margin-bottom: 5px;background-size: cover; \"><\/div>\n\t\t\t\t\t\t\t\t\t  <\/div>\n\t\t\t\t\t\t\t\t\t  \n\t\t\t\t\t\t\t\t   <span class=\"yuzo__text--title\" style=\"font-size:13px;\">Em meio a crise, partido de Milei perde elei\u00e7\u00e3o em...<\/span>\n\t\t\t\t\t\t\t  \n\t\t\t\t\t\t\t  \n\t\t\t\t\t\t\t  <\/a>\n\n\t\t\t\t\t\t  <\/div>\n\t\t\t\t\t\t  <div class=\"relatedthumb \" style=\"width:125px;float:left;overflow:hidden;\">  \n\t\t\t\t\t\t\t  \n\t\t\t\t\t\t\t  <a  href=\"https:\/\/redept.com.br\/blogosfera\/ha-um-desejo-social-claro-de-trabalhar-menos-e-viver-mais-afirma-historiador\/\"  >\n\t\t\t\t\t\t\t\t\t  <div class=\"yuzo-img-wrap \" style=\"width: 125px;height:90px;\">\n\t\t\t\t\t\t\t\t\t\t\n\t\t\t\t\t\t\t\t\t\t<div class=\"yuzo-img\" style=\"background:url('https:\/\/redept.org\/blogosfera\/wp-content\/plugins\/yuzo-related-post\/assets\/images\/default.png') 50% 50% no-repeat;width: 125px;height:90px;margin-bottom: 5px;background-size: cover; \"><\/div>\n\t\t\t\t\t\t\t\t\t  <\/div>\n\t\t\t\t\t\t\t\t\t  \n\t\t\t\t\t\t\t\t   <span class=\"yuzo__text--title\" style=\"font-size:13px;\">\u2018H\u00e1 um desejo social claro de trabalhar menos e vi...<\/span>\n\t\t\t\t\t\t\t  \n\t\t\t\t\t\t\t  \n\t\t\t\t\t\t\t  <\/a>\n\n\t\t\t\t\t\t  <\/div>\n\t\t\t\t\t\t  <div class=\"relatedthumb \" style=\"width:125px;float:left;overflow:hidden;\">  \n\t\t\t\t\t\t\t  \n\t\t\t\t\t\t\t  <a  href=\"https:\/\/redept.com.br\/blogosfera\/lula-denuncia-vinganca-de-israel-que-matou-nove-criancas-palestinas-em-gaza\/\"  >\n\t\t\t\t\t\t\t\t\t  <div class=\"yuzo-img-wrap \" style=\"width: 125px;height:90px;\">\n\t\t\t\t\t\t\t\t\t\t\n\t\t\t\t\t\t\t\t\t\t<div class=\"yuzo-img\" style=\"background:url('https:\/\/redept.com.br\/blogosfera\/wp-content\/uploads\/2025\/05\/37c9a9c1-7723-41be-81a6-ec5c4e3abb10-1-150x150.jpg') 50% 50% no-repeat;width: 125px;height:90px;margin-bottom: 5px;background-size: cover; \"><\/div>\n\t\t\t\t\t\t\t\t\t  <\/div>\n\t\t\t\t\t\t\t\t\t  \n\t\t\t\t\t\t\t\t   <span class=\"yuzo__text--title\" style=\"font-size:13px;\">Lula denuncia vingan\u00e7a de Israel que matou nove cr...<\/span>\n\t\t\t\t\t\t\t  \n\t\t\t\t\t\t\t  \n\t\t\t\t\t\t\t  <\/a>\n\n\t\t\t\t\t\t  <\/div>\n<\/div> <script>\n\t\t\t\t\t\t  jQuery(document).ready(function( $ ){\n\t\t\t\t\t\t\t\/\/jQuery('.yuzo_related_post').equalizer({ overflow : 'relatedthumb' });\n\t\t\t\t\t\t\tjQuery('.yuzo_related_post .yuzo_wraps').equalizer({ columns : '> div' });\n\t\t\t\t\t\t   })\n\t\t\t\t\t\t  <\/script> <!-- End Yuzo :) -->","protected":false},"excerpt":{"rendered":"<p>A primeira pesquisa Genial\/Quaest para o governo de S\u00e3o Paulo, divulgada nesta quarta-feira (29), mostra o governador de S\u00e3o Paulo, Tarc\u00edsio de Freitas (Republicanos), \u00e0 frente na disputa pelo Pal\u00e1cio dos Bandeirantes, com 38% das inten\u00e7\u00f5es de voto no primeiro cen\u00e1rio testado. O ex-ministro da Fazenda Fernando Haddad (PT) aparece com 26%. No mesmo cen\u00e1rio, [&hellip;]<\/p>\n","protected":false},"author":2,"featured_media":0,"comment_status":"open","ping_status":"closed","sticky":false,"template":"","format":"standard","meta":{"fifu_image_url":"","fifu_image_alt":"","footnotes":""},"categories":[51462,52749,52750,11243,51620,52751,588,3049,2330,4856,20546,40350,52752,36961,52753,52754,491,52755,132,39850,11856,25709,1059,1292,1443,29,923,254,271,46110,14827],"tags":[],"class_list":["post-85269","post","type-post","status-publish","format-standard","hentry","category-banco-genial","category-cenario-aberto","category-decisao-de-voto","category-eleicao-2026","category-eleitores-indecisos","category-eleitores-paulistas","category-fernando-haddad","category-genial-quaest","category-governo-de-sao-paulo","category-intencoes-de-voto","category-kim-kataguiri","category-margem-de-erro","category-nivel-de-confianca","category-palacio-dos-bandeirantes","category-paulo-serra","category-perfil-demografico","category-pesquisa-eleitoral","category-pesquisa-genial","category-politica","category-pre-candidatos","category-primeiro-turno","category-psdb","category-pt","category-quaest","category-republicanos","category-sao-paulo","category-segundo-turno","category-tarcisio-de-freitas","category-tse","category-voto-em-branco","category-voto-nulo"],"_links":{"self":[{"href":"https:\/\/redept.com.br\/blogosfera\/wp-json\/wp\/v2\/posts\/85269","targetHints":{"allow":["GET"]}}],"collection":[{"href":"https:\/\/redept.com.br\/blogosfera\/wp-json\/wp\/v2\/posts"}],"about":[{"href":"https:\/\/redept.com.br\/blogosfera\/wp-json\/wp\/v2\/types\/post"}],"author":[{"embeddable":true,"href":"https:\/\/redept.com.br\/blogosfera\/wp-json\/wp\/v2\/users\/2"}],"replies":[{"embeddable":true,"href":"https:\/\/redept.com.br\/blogosfera\/wp-json\/wp\/v2\/comments?post=85269"}],"version-history":[{"count":0,"href":"https:\/\/redept.com.br\/blogosfera\/wp-json\/wp\/v2\/posts\/85269\/revisions"}],"wp:attachment":[{"href":"https:\/\/redept.com.br\/blogosfera\/wp-json\/wp\/v2\/media?parent=85269"}],"wp:term":[{"taxonomy":"category","embeddable":true,"href":"https:\/\/redept.com.br\/blogosfera\/wp-json\/wp\/v2\/categories?post=85269"},{"taxonomy":"post_tag","embeddable":true,"href":"https:\/\/redept.com.br\/blogosfera\/wp-json\/wp\/v2\/tags?post=85269"}],"curies":[{"name":"wp","href":"https:\/\/api.w.org\/{rel}","templated":true}]}}