{"id":85271,"date":"2026-04-29T10:04:26","date_gmt":"2026-04-29T13:04:26","guid":{"rendered":"https:\/\/redept.com.br\/blogosfera\/jorge-messias-e-sabatinado-para-o-stf-pela-comissao-de-constituicao-e-justica-do-senado-%f0%9f%94%b4ao-vivo\/"},"modified":"2026-04-29T10:04:26","modified_gmt":"2026-04-29T13:04:26","slug":"jorge-messias-e-sabatinado-para-o-stf-pela-comissao-de-constituicao-e-justica-do-senado-%f0%9f%94%b4ao-vivo","status":"publish","type":"post","link":"https:\/\/redept.com.br\/blogosfera\/jorge-messias-e-sabatinado-para-o-stf-pela-comissao-de-constituicao-e-justica-do-senado-%f0%9f%94%b4ao-vivo\/","title":{"rendered":"Jorge Messias \u00e9 sabatinado para o STF pela Comiss\u00e3o de Constitui\u00e7\u00e3o e Justi\u00e7a do Senado (\ud83d\udd34ao vivo)"},"content":{"rendered":"<p>Congresso decide o futuro do indicado de Lula para a vaga de Barroso; quais s\u00e3o os obst\u00e1culos superados e o conhe\u00e7a o raro hist\u00f3rico de rejei\u00e7\u00f5es para a Corte<\/p>\n<p>O post Jorge Messias \u00e9 sabatinado para o STF pela Comiss\u00e3o de Constitui\u00e7\u00e3o e Justi\u00e7a do Senado (\ud83d\udd34ao vivo) apareceu primeiro em Urbs Magna.<\/p>\n<!-- Begin Yuzo --><div class='yuzo_related_post style-1'  data-version='5.12.89'><!-- without result --><div class='yuzo_clearfixed yuzo__title yuzo__title'><h3>Related Post<\/h3><\/div>\n\t\t\t\t\t\t  <div class=\"relatedthumb \" style=\"width:125px;float:left;overflow:hidden;\">  \n\t\t\t\t\t\t\t  \n\t\t\t\t\t\t\t  <a  href=\"https:\/\/redept.com.br\/blogosfera\/favela-do-moinho-e-tema-de-exposicao-e-debate-sobre-luta-por-moradia-neste-sabado-no-al-janiah-em-sp\/\"  >\n\t\t\t\t\t\t\t\t\t  <div class=\"yuzo-img-wrap \" style=\"width: 125px;height:90px;\">\n\t\t\t\t\t\t\t\t\t\t\n\t\t\t\t\t\t\t\t\t\t<div class=\"yuzo-img\" style=\"background:url('https:\/\/redept.org\/blogosfera\/wp-content\/plugins\/yuzo-related-post\/assets\/images\/default.png') 50% 50% no-repeat;width: 125px;height:90px;margin-bottom: 5px;background-size: cover; \"><\/div>\n\t\t\t\t\t\t\t\t\t  <\/div>\n\t\t\t\t\t\t\t\t\t  \n\t\t\t\t\t\t\t\t   <span class=\"yuzo__text--title\" style=\"font-size:13px;\">Favela do Moinho \u00e9 tema de exposi\u00e7\u00e3o e debate sobr...<\/span>\n\t\t\t\t\t\t\t  \n\t\t\t\t\t\t\t  \n\t\t\t\t\t\t\t  <\/a>\n\n\t\t\t\t\t\t  <\/div>\n\t\t\t\t\t\t  <div class=\"relatedthumb \" style=\"width:125px;float:left;overflow:hidden;\">  \n\t\t\t\t\t\t\t  \n\t\t\t\t\t\t\t  <a  href=\"https:\/\/redept.com.br\/blogosfera\/audiencia-publica-discute-mulheres-no-poder-e-violencia-de-genero\/\"  >\n\t\t\t\t\t\t\t\t\t  <div class=\"yuzo-img-wrap \" style=\"width: 125px;height:90px;\">\n\t\t\t\t\t\t\t\t\t\t\n\t\t\t\t\t\t\t\t\t\t<div class=\"yuzo-img\" style=\"background:url('https:\/\/redept.com.br\/blogosfera\/wp-content\/uploads\/2025\/05\/WhatsApp-Image-2025-05-19-at-134023-150x150.jpeg') 50% 50% no-repeat;width: 125px;height:90px;margin-bottom: 5px;background-size: cover; \"><\/div>\n\t\t\t\t\t\t\t\t\t  <\/div>\n\t\t\t\t\t\t\t\t\t  \n\t\t\t\t\t\t\t\t   <span class=\"yuzo__text--title\" style=\"font-size:13px;\">Audi\u00eancia p\u00fablica discute mulheres no poder e viol...<\/span>\n\t\t\t\t\t\t\t  \n\t\t\t\t\t\t\t  \n\t\t\t\t\t\t\t  <\/a>\n\n\t\t\t\t\t\t  <\/div>\n\t\t\t\t\t\t  <div class=\"relatedthumb \" style=\"width:125px;float:left;overflow:hidden;\">  \n\t\t\t\t\t\t\t  \n\t\t\t\t\t\t\t  <a  href=\"https:\/\/redept.com.br\/blogosfera\/trump-perguntou-quanto-tempo-lula-ficou-preso-e-afirma-que-ele-foi-perseguido-diz-jornal\/\"  >\n\t\t\t\t\t\t\t\t\t  <div class=\"yuzo-img-wrap \" style=\"width: 125px;height:90px;\">\n\t\t\t\t\t\t\t\t\t\t\n\t\t\t\t\t\t\t\t\t\t<div class=\"yuzo-img\" style=\"background:url('https:\/\/redept.com.br\/blogosfera\/wp-content\/uploads\/2025\/10\/54880628803_9b72e158af_o-1-150x150.webp') 50% 50% no-repeat;width: 125px;height:90px;margin-bottom: 5px;background-size: cover; \"><\/div>\n\t\t\t\t\t\t\t\t\t  <\/div>\n\t\t\t\t\t\t\t\t\t  \n\t\t\t\t\t\t\t\t   <span class=\"yuzo__text--title\" style=\"font-size:13px;\">Trump perguntou quanto tempo Lula ficou preso e af...<\/span>\n\t\t\t\t\t\t\t  \n\t\t\t\t\t\t\t  \n\t\t\t\t\t\t\t  <\/a>\n\n\t\t\t\t\t\t  <\/div>\n\t\t\t\t\t\t  <div class=\"relatedthumb \" style=\"width:125px;float:left;overflow:hidden;\">  \n\t\t\t\t\t\t\t  \n\t\t\t\t\t\t\t  <a  href=\"https:\/\/redept.com.br\/blogosfera\/sete-nao-e-maior-do-que-14-afirma-randolfe-ao-questionar-votacao-na-cpmi-do-inss\/\"  >\n\t\t\t\t\t\t\t\t\t  <div class=\"yuzo-img-wrap \" style=\"width: 125px;height:90px;\">\n\t\t\t\t\t\t\t\t\t\t\n\t\t\t\t\t\t\t\t\t\t<div class=\"yuzo-img\" style=\"background:url('https:\/\/redept.org\/blogosfera\/wp-content\/plugins\/yuzo-related-post\/assets\/images\/default.png') 50% 50% no-repeat;width: 125px;height:90px;margin-bottom: 5px;background-size: cover; \"><\/div>\n\t\t\t\t\t\t\t\t\t  <\/div>\n\t\t\t\t\t\t\t\t\t  \n\t\t\t\t\t\t\t\t   <span class=\"yuzo__text--title\" style=\"font-size:13px;\">\u201cSete n\u00e3o \u00e9 maior do que 14\u201d, afirma Randolfe ao q...<\/span>\n\t\t\t\t\t\t\t  \n\t\t\t\t\t\t\t  \n\t\t\t\t\t\t\t  <\/a>\n\n\t\t\t\t\t\t  <\/div>\n<\/div> <script>\n\t\t\t\t\t\t  jQuery(document).ready(function( $ ){\n\t\t\t\t\t\t\t\/\/jQuery('.yuzo_related_post').equalizer({ overflow : 'relatedthumb' });\n\t\t\t\t\t\t\tjQuery('.yuzo_related_post .yuzo_wraps').equalizer({ columns : '> div' });\n\t\t\t\t\t\t   })\n\t\t\t\t\t\t  <\/script> <!-- End Yuzo :) -->","protected":false},"excerpt":{"rendered":"<p>Congresso decide o futuro do indicado de Lula para a vaga de Barroso; quais s\u00e3o os obst\u00e1culos superados e o conhe\u00e7a o raro hist\u00f3rico de rejei\u00e7\u00f5es para a Corte<\/p>\n<p>O post <a rel=\"nofollow\" href=\"https:\/\/urbsmagna.com\/sabatina-jorge-messias-stf-ccj-senado-aprovacao-2026\/\">Jorge Messias \u00e9 sabatinado para o STF pela Comiss\u00e3o de Constitui\u00e7\u00e3o e Justi\u00e7a do Senado (\ud83d\udd34ao vivo)<\/a> apareceu primeiro em <a rel=\"nofollow\" href=\"https:\/\/urbsmagna.com\/\">Urbs Magna<\/a>.<\/p>\n","protected":false},"author":2,"featured_media":0,"comment_status":"open","ping_status":"closed","sticky":false,"template":"","format":"standard","meta":{"fifu_image_url":"","fifu_image_alt":"","footnotes":""},"categories":[8945,45601,52756,21435,19247,17,52757,33217,52758,112,52759,52760,191,132,5471,52761,45608,4720,260,36278,12623],"tags":[],"class_list":["post-85271","post","type-post","status-publish","format-standard","hentry","category-advocacia-geral-da-uniao","category-agu-stf","category-aprovacao-stf","category-ccj-senado","category-democracia-brasil","category-governo-lula","category-historico-sabatinas-stf","category-jorge-messias-stf","category-justica-stf","category-lula","category-margem-apertada-stf","category-nomeacao-stf-lula","category-noticias","category-politica","category-politica-nacional","category-procuradoria-defesa-democracia","category-sabatina-jorge-messias","category-senado-federal","category-stf","category-stf-2026","category-supremo-tribunal-federal-stf"],"_links":{"self":[{"href":"https:\/\/redept.com.br\/blogosfera\/wp-json\/wp\/v2\/posts\/85271","targetHints":{"allow":["GET"]}}],"collection":[{"href":"https:\/\/redept.com.br\/blogosfera\/wp-json\/wp\/v2\/posts"}],"about":[{"href":"https:\/\/redept.com.br\/blogosfera\/wp-json\/wp\/v2\/types\/post"}],"author":[{"embeddable":true,"href":"https:\/\/redept.com.br\/blogosfera\/wp-json\/wp\/v2\/users\/2"}],"replies":[{"embeddable":true,"href":"https:\/\/redept.com.br\/blogosfera\/wp-json\/wp\/v2\/comments?post=85271"}],"version-history":[{"count":0,"href":"https:\/\/redept.com.br\/blogosfera\/wp-json\/wp\/v2\/posts\/85271\/revisions"}],"wp:attachment":[{"href":"https:\/\/redept.com.br\/blogosfera\/wp-json\/wp\/v2\/media?parent=85271"}],"wp:term":[{"taxonomy":"category","embeddable":true,"href":"https:\/\/redept.com.br\/blogosfera\/wp-json\/wp\/v2\/categories?post=85271"},{"taxonomy":"post_tag","embeddable":true,"href":"https:\/\/redept.com.br\/blogosfera\/wp-json\/wp\/v2\/tags?post=85271"}],"curies":[{"name":"wp","href":"https:\/\/api.w.org\/{rel}","templated":true}]}}