{"id":85276,"date":"2026-04-29T10:56:14","date_gmt":"2026-04-29T13:56:14","guid":{"rendered":"https:\/\/redept.com.br\/blogosfera\/um-gremio-estudantil-deve-ser-um-gremio-de-luta\/"},"modified":"2026-04-29T10:56:14","modified_gmt":"2026-04-29T13:56:14","slug":"um-gremio-estudantil-deve-ser-um-gremio-de-luta","status":"publish","type":"post","link":"https:\/\/redept.com.br\/blogosfera\/um-gremio-estudantil-deve-ser-um-gremio-de-luta\/","title":{"rendered":"Um Gr\u00eamio Estudantil deve ser um Gr\u00eamio de luta!"},"content":{"rendered":"<p><img fetchpriority=\"high\" width=\"1080\" height=\"1079\"src=\"https:\/\/redept.com.br\/blogosfera\/wp-content\/uploads\/2026\/04\/image1-1.jpg\" alt='Estudantes em frente ao campus do CEFET-MG seguram uma grande faixa branca onde se l\u00ea, em letras azuis, \"CONTRA OS CORTES\". Ao fundo, jovens seguram bandeiras da FENET e cartazes com dizeres como \"EDSON VIVE!!\" e \"NENHUM ESTUDANTE PARA TR\u00c1S\".' link_thumbnail=\"\" decoding=\"async\" srcset=\"https:\/\/redept.com.br\/blogosfera\/wp-content\/uploads\/2026\/04\/image1-1.jpg 1080w, https:\/\/averdade.org.br\/wp-content\/uploads\/2026\/04\/image1-1-350x350.jpg 350w, https:\/\/averdade.org.br\/wp-content\/uploads\/2026\/04\/image1-1-1024x1024.jpg 1024w, https:\/\/averdade.org.br\/wp-content\/uploads\/2026\/04\/image1-1-250x250.jpg 250w, https:\/\/averdade.org.br\/wp-content\/uploads\/2026\/04\/image1-1-768x767.jpg 768w, https:\/\/averdade.org.br\/wp-content\/uploads\/2026\/04\/image1-1-150x150.jpg 150w, https:\/\/averdade.org.br\/wp-content\/uploads\/2026\/04\/image1-1-300x300.jpg 300w, https:\/\/averdade.org.br\/wp-content\/uploads\/2026\/04\/image1-1-696x695.jpg 696w, https:\/\/averdade.org.br\/wp-content\/uploads\/2026\/04\/image1-1-1068x1067.jpg 1068w\" sizes=\"(max-width: 1080px) 100vw, 1080px\"><\/p>\n<p><strong><span><span>Gr\u00eamios Estudantis combativos s\u00e3o a base para o avan\u00e7o da luta secundarista e a resist\u00eancia contra o autoritarismo e a opress\u00e3o escolar.<\/span><\/span><\/strong><\/p>\n<p><strong>Vin\u00edcius Brainer e Daniel Tito<\/strong><\/p>\n<hr>\n<p><span>No sistema capitalista vigente, no qual os ricos e poderosos tomam todas as decis\u00f5es sobre a sociedade em que vivemos e, consequentemente, sobre os rumos do nosso futuro, \u00e9 comum nos depararmos com a ideia de que o povo n\u00e3o tem outra escolha que n\u00e3o seja aceitar essas injusti\u00e7as. No entanto, a Hist\u00f3ria nos mostra que o povo n\u00e3o aceita a opress\u00e3o de cabe\u00e7a baixa, mas a enfrenta por meio da luta popular. Em meio ao povo brasileiro, uma parcela da juventude se mostra incessantemente combativa: os estudantes secundaristas.<\/span><\/p>\n<p><span>Os estudantes secundaristas foram fundamentais em grandes jornadas de lutas e conquistas que marcam a Hist\u00f3ria do Brasil. Entre essas, destacam-se: a campanha \u201co petr\u00f3leo \u00e9 nosso\u201d, que defendia a soberania nacional na extra\u00e7\u00e3o do petr\u00f3leo e garantiu a cria\u00e7\u00e3o da Petrobras; a luta contra a Ditadura Empresarial-Militar fascista e pela redemocratiza\u00e7\u00e3o; a conquista da meia-entrada e a pr\u00f3pria escola p\u00fablica, universal e gratuita que conhecemos hoje. Em todas essas lutas, houve um elemento fundamental de politiza\u00e7\u00e3o, organiza\u00e7\u00e3o e empoderamento da juventude secundarista: os Gr\u00eamios Estudantis.<\/span><\/p>\n<p><span>Para al\u00e9m de sustentar as grandes lutas e grandes conquistas do Movimento Estudantil, os Gr\u00eamios s\u00e3o os instrumentos que garantem as melhorias particulares de cada escola e cada comunidade, como a conquista de uma merenda de qualidade, da reforma de uma quadra, da demiss\u00e3o de um professor abusador, a climatiza\u00e7\u00e3o das salas de aula, etc. Ademais, a pr\u00f3pria exist\u00eancia de uma organiza\u00e7\u00e3o estudantil em uma escola j\u00e1 cumpre um papel fundamental na constru\u00e7\u00e3o de uma escola mais democr\u00e1tica, inclusiva e acolhedora para a juventude, pois descentraliza a autoridade e as decis\u00f5es das figuras das diretorias, coordenadorias e supervis\u00f5es, que muitas vezes podem ser autorit\u00e1rias e opressoras. Um Gr\u00eamio consolidado e ativo estabelece o poder popular dentro da escola, d\u00e1 voz aos estudantes e garante que a juventude tenha o seu direito digno de decidir sobre os rumos da sua escola. Afinal, a escola sem o estudante \u00e9 apenas um pr\u00e9dio vazio. Por isso, para o Movimento Rebele-se, os Gr\u00eamios s\u00e3o a base que d\u00e1 sustenta\u00e7\u00e3o a um movimento estudantil combativo e influente.<\/span><\/p>\n<h4><strong><span>Alguns exemplos de Gr\u00eamios que o Rebele-se ajuda a construir<\/span><\/strong><\/h4>\n<p><span>Como exemplo de conquistas de direitos atrav\u00e9s das lutas, n\u00f3s temos o Gr\u00eamio Amaro Luiz de Carvalho, do C.E. Amaro Cavalcanti, no Rio de Janeiro, que conquistou a abertura de uma biblioteca na escola a partir de um abaixo-assinado com 300 assinaturas. Outro grande exemplo foi a luta tocada pelo Gr\u00eamio CEPAP, do Col\u00e9gio Pedroso, no estado do Par\u00e1, que em 2017 organizou diversos atos na Secretaria de Educa\u00e7\u00e3o do Estado, denunciando a diretora autorit\u00e1ria da escola que atrapalhava que o Gr\u00eamio fizesse suas atividades e continuasse funcionando. Depois desses diversos atos, que vale ressaltar que tinham muito apoio dos estudantes, na SEDUC e diversas agita\u00e7\u00f5es dentro da escola, o Gr\u00eamio conseguiu expulsar a diretora e seguiu funcionando e organizando atividades.<\/span><\/p>\n<p><span>Esses relatos representam um hist\u00f3rico de lutas e conquistas ainda maior, que se estendem desde a conquista da sala do gr\u00eamio at\u00e9 o passe-livre nas cidades.<\/span><\/p>\n<h4><strong><span>Contra as persegui\u00e7\u00f5es! Vamos \u00e0 luta!<\/span><\/strong><\/h4>\n<p><span>Mas fato \u00e9 que estamos vivenciando uma crescente onda de persegui\u00e7\u00e3o aos Gr\u00eamios Estudantis em todo o Brasil. N\u00e3o \u00e9 \u00e0 toa. Como vimos, os Gr\u00eamios que ousam lutar, vencem. E \u00e9 exatamente por esse motivo que diversas dire\u00e7\u00f5es escolares come\u00e7aram a tentar cada vez mais perseguir os Gr\u00eamios. Come\u00e7am n\u00e3o deixando o Gr\u00eamio passar em sala, depois n\u00e3o podem organizar atividades na escola, em pouco tempo as reuni\u00f5es do Gr\u00eamio s\u00e3o fiscalizadas por algum funcion\u00e1rio, e sem que sequer percebamos, o Gr\u00eamio \u00e9 obrigado a fazer servi\u00e7os para a dire\u00e7\u00e3o escolar.<\/span><\/p>\n<p><span>Livros sendo carregados de um lado para o outro; a fila da merenda que s\u00f3 \u00e9 organizada pelos gremistas; limpezas em ambientes da escola\u2026 Tudo isso s\u00e3o situa\u00e7\u00f5es em que diversos Gr\u00eamios se encontram hoje. Precisamos acabar com isso. \u00c9 absurdo que os Gr\u00eamios sejam utilizados como funcion\u00e1rios p\u00fablicos das institui\u00e7\u00f5es de ensino e deixem de cumprir com seu papel hist\u00f3rico de organizar os demais estudantes na busca pelos direitos atrav\u00e9s da coletividade.<\/span><\/p>\n<p><span>Para al\u00e9m de controlarem os gr\u00eamios que foram criados independentemente pelos estudantes, as secretarias de educa\u00e7\u00e3o de v\u00e1rios estados, como Rio de Janeiro, S\u00e3o Paulo e Par\u00e1, passaram a orientar diretamente a cria\u00e7\u00e3o de gr\u00eamios nas escolas. \u00c9 evidente que a inten\u00e7\u00e3o dos governos n\u00e3o \u00e9 apoiar a atua\u00e7\u00e3o de gr\u00eamios livres e que reflitam as demandas estudantis, mas pelo contr\u00e1rio! Um gr\u00eamio aparelhado pelos governos estaduais cumpre muito bem o papel de frear o movimento estudantil, por vezes at\u00e9 melhor do que uma diretoria interventora.<\/span><\/p>\n<p><span>Queremos Gr\u00eamios vivos, independentes das dire\u00e7\u00f5es escolares. E para tal, o Movimento Rebele-se tem uma tarefa importante em estar mais pr\u00f3ximo das diretorias dos Gr\u00eamios que j\u00e1 existem, formar centenas de novos Gr\u00eamios e, em cada escola, lutar pelo gr\u00eamio livre e combativo. Isso se faz debatendo sobre a import\u00e2ncia do gr\u00eamio para a juventude e garantindo, nas batalhas do dia a dia, que o movimento estudantil fure a repress\u00e3o das dire\u00e7\u00f5es escolares e governos estaduais. Al\u00e9m disso, tamb\u00e9m se faz necess\u00e1ria a mobiliza\u00e7\u00e3o em defesa e pela amplia\u00e7\u00e3o da Lei federal do Gr\u00eamio Livre (Lei n\u00ba 7.398) que garante a livre organiza\u00e7\u00e3o dos estudantes.<\/span><\/p>\n<p><span><span>Com determina\u00e7\u00e3o e coragem, faremos um novo tsunami de Gr\u00eamios fortes e rebeldes. S\u00f3 a organiza\u00e7\u00e3o e a luta dos estudantes garantir\u00e3o a nossa vit\u00f3ria!<\/span><\/span><\/p>\n<!-- Begin Yuzo --><div class='yuzo_related_post style-1'  data-version='5.12.89'><!-- without result --><div class='yuzo_clearfixed yuzo__title yuzo__title'><h3>Related Post<\/h3><\/div>\n\t\t\t\t\t\t  <div class=\"relatedthumb \" style=\"width:125px;float:left;overflow:hidden;\">  \n\t\t\t\t\t\t\t  \n\t\t\t\t\t\t\t  <a  href=\"https:\/\/redept.com.br\/blogosfera\/ira-afirma-que-eua-e-israel-pagarao-preco-alto-apos-novo-ataque-a-locais-estrategicos\/\"  >\n\t\t\t\t\t\t\t\t\t  <div class=\"yuzo-img-wrap \" style=\"width: 125px;height:90px;\">\n\t\t\t\t\t\t\t\t\t\t\n\t\t\t\t\t\t\t\t\t\t<div class=\"yuzo-img\" style=\"background:url('https:\/\/redept.com.br\/blogosfera\/wp-content\/uploads\/2026\/03\/abbas-2-150x150.jpg') 50% 50% no-repeat;width: 125px;height:90px;margin-bottom: 5px;background-size: cover; \"><\/div>\n\t\t\t\t\t\t\t\t\t  <\/div>\n\t\t\t\t\t\t\t\t\t  \n\t\t\t\t\t\t\t\t   <span class=\"yuzo__text--title\" style=\"font-size:13px;\">Ir\u00e3 afirma que EUA e Israel \u2018pagar\u00e3o pre\u00e7o alto\u2019 a...<\/span>\n\t\t\t\t\t\t\t  \n\t\t\t\t\t\t\t  \n\t\t\t\t\t\t\t  <\/a>\n\n\t\t\t\t\t\t  <\/div>\n\t\t\t\t\t\t  <div class=\"relatedthumb \" style=\"width:125px;float:left;overflow:hidden;\">  \n\t\t\t\t\t\t\t  \n\t\t\t\t\t\t\t  <a  href=\"https:\/\/redept.com.br\/blogosfera\/moraes-pede-que-filipe-martins-explique-perda-do-sinal-da-tornozeleira\/\"  >\n\t\t\t\t\t\t\t\t\t  <div class=\"yuzo-img-wrap \" style=\"width: 125px;height:90px;\">\n\t\t\t\t\t\t\t\t\t\t\n\t\t\t\t\t\t\t\t\t\t<div class=\"yuzo-img\" style=\"background:url('https:\/\/redept.com.br\/blogosfera\/wp-content\/uploads\/2025\/10\/mg_9479-150x150.webp') 50% 50% no-repeat;width: 125px;height:90px;margin-bottom: 5px;background-size: cover; \"><\/div>\n\t\t\t\t\t\t\t\t\t  <\/div>\n\t\t\t\t\t\t\t\t\t  \n\t\t\t\t\t\t\t\t   <span class=\"yuzo__text--title\" style=\"font-size:13px;\">Moraes pede que Filipe Martins explique perda do s...<\/span>\n\t\t\t\t\t\t\t  \n\t\t\t\t\t\t\t  \n\t\t\t\t\t\t\t  <\/a>\n\n\t\t\t\t\t\t  <\/div>\n\t\t\t\t\t\t  <div class=\"relatedthumb \" style=\"width:125px;float:left;overflow:hidden;\">  \n\t\t\t\t\t\t\t  \n\t\t\t\t\t\t\t  <a  href=\"https:\/\/redept.com.br\/blogosfera\/bairros-como-dar-voz-aos-territorios\/\"  >\n\t\t\t\t\t\t\t\t\t  <div class=\"yuzo-img-wrap \" style=\"width: 125px;height:90px;\">\n\t\t\t\t\t\t\t\t\t\t\n\t\t\t\t\t\t\t\t\t\t<div class=\"yuzo-img\" style=\"background:url('https:\/\/redept.com.br\/blogosfera\/wp-content\/uploads\/2026\/04\/redacao-injustica-social-150x150.jpg') 50% 50% no-repeat;width: 125px;height:90px;margin-bottom: 5px;background-size: cover; \"><\/div>\n\t\t\t\t\t\t\t\t\t  <\/div>\n\t\t\t\t\t\t\t\t\t  \n\t\t\t\t\t\t\t\t   <span class=\"yuzo__text--title\" style=\"font-size:13px;\">Bairros: Como dar voz aos territ\u00f3rios?<\/span>\n\t\t\t\t\t\t\t  \n\t\t\t\t\t\t\t  \n\t\t\t\t\t\t\t  <\/a>\n\n\t\t\t\t\t\t  <\/div>\n\t\t\t\t\t\t  <div class=\"relatedthumb \" style=\"width:125px;float:left;overflow:hidden;\">  \n\t\t\t\t\t\t\t  \n\t\t\t\t\t\t\t  <a  href=\"https:\/\/sul21.com.br\/noticias\/economia\/2025\/09\/haddad-atrelar-votacao-da-isencao-do-ir-a-da-anistia-e-loucura\/\"  >\n\t\t\t\t\t\t\t\t\t  <div class=\"yuzo-img-wrap \" style=\"width: 125px;height:90px;\">\n\t\t\t\t\t\t\t\t\t\t\n\t\t\t\t\t\t\t\t\t\t<div class=\"yuzo-img\" style=\"background:url('https:\/\/redept.org\/blogosfera\/wp-content\/plugins\/yuzo-related-post\/assets\/images\/default.png') 50% 50% no-repeat;width: 125px;height:90px;margin-bottom: 5px;background-size: cover; \"><\/div>\n\t\t\t\t\t\t\t\t\t  <\/div>\n\t\t\t\t\t\t\t\t\t  \n\t\t\t\t\t\t\t\t   <span class=\"yuzo__text--title\" style=\"font-size:13px;\">Haddad: atrelar vota\u00e7\u00e3o da isen\u00e7\u00e3o do IR \u00e0 da anis...<\/span>\n\t\t\t\t\t\t\t  \n\t\t\t\t\t\t\t  \n\t\t\t\t\t\t\t  <\/a>\n\n\t\t\t\t\t\t  <\/div>\n<\/div> <script>\n\t\t\t\t\t\t  jQuery(document).ready(function( $ ){\n\t\t\t\t\t\t\t\/\/jQuery('.yuzo_related_post').equalizer({ overflow : 'relatedthumb' });\n\t\t\t\t\t\t\tjQuery('.yuzo_related_post .yuzo_wraps').equalizer({ columns : '> div' });\n\t\t\t\t\t\t   })\n\t\t\t\t\t\t  <\/script> <!-- End Yuzo :) -->","protected":false},"excerpt":{"rendered":"<p><img decoding=\"async\" width=\"1080\" height=\"1079\" src=\"https:\/\/averdade.org.br\/wp-content\/uploads\/2026\/04\/image1-1.jpg\" alt='Estudantes em frente ao campus do CEFET-MG seguram uma grande faixa branca onde se l\u00ea, em letras azuis, \"CONTRA OS CORTES\". Ao fundo, jovens seguram bandeiras da FENET e cartazes com dizeres como \"EDSON VIVE!!\" e \"NENHUM ESTUDANTE PARA TR\u00c1S\".'>Gr\u00eamios Estudantis combativos s\u00e3o a base para o avan\u00e7o da luta secundarista e a resist\u00eancia contra o autoritarismo e a opress\u00e3o escolar. Vin\u00edcius Brainer e Daniel Tito No sistema capitalista vigente, no qual os ricos e poderosos tomam todas as decis\u00f5es sobre a sociedade em que vivemos e, consequentemente, sobre os rumos do nosso futuro, [\u2026]<\/p>\n","protected":false},"author":2,"featured_media":85277,"comment_status":"open","ping_status":"closed","sticky":false,"template":"","format":"standard","meta":{"fifu_image_url":"","fifu_image_alt":"","footnotes":""},"categories":[52769,4073,95,4368,40628,67,60,52770,362,1465,2852],"tags":[],"class_list":["post-85276","post","type-post","status-publish","format-standard","has-post-thumbnail","hentry","category-cefet-mg","category-cortes-na-educacao","category-educacao","category-educacao-publica","category-gremios-estudantis","category-juventude","category-luta-popular","category-luta-secundarista","category-movimento-estudantil","category-movimento-rebele-se","category-ubes"],"_links":{"self":[{"href":"https:\/\/redept.com.br\/blogosfera\/wp-json\/wp\/v2\/posts\/85276","targetHints":{"allow":["GET"]}}],"collection":[{"href":"https:\/\/redept.com.br\/blogosfera\/wp-json\/wp\/v2\/posts"}],"about":[{"href":"https:\/\/redept.com.br\/blogosfera\/wp-json\/wp\/v2\/types\/post"}],"author":[{"embeddable":true,"href":"https:\/\/redept.com.br\/blogosfera\/wp-json\/wp\/v2\/users\/2"}],"replies":[{"embeddable":true,"href":"https:\/\/redept.com.br\/blogosfera\/wp-json\/wp\/v2\/comments?post=85276"}],"version-history":[{"count":0,"href":"https:\/\/redept.com.br\/blogosfera\/wp-json\/wp\/v2\/posts\/85276\/revisions"}],"wp:featuredmedia":[{"embeddable":true,"href":"https:\/\/redept.com.br\/blogosfera\/wp-json\/wp\/v2\/media\/85277"}],"wp:attachment":[{"href":"https:\/\/redept.com.br\/blogosfera\/wp-json\/wp\/v2\/media?parent=85276"}],"wp:term":[{"taxonomy":"category","embeddable":true,"href":"https:\/\/redept.com.br\/blogosfera\/wp-json\/wp\/v2\/categories?post=85276"},{"taxonomy":"post_tag","embeddable":true,"href":"https:\/\/redept.com.br\/blogosfera\/wp-json\/wp\/v2\/tags?post=85276"}],"curies":[{"name":"wp","href":"https:\/\/api.w.org\/{rel}","templated":true}]}}