{"id":85278,"date":"2026-04-29T11:00:00","date_gmt":"2026-04-29T14:00:00","guid":{"rendered":"https:\/\/redept.com.br\/blogosfera\/a-destruicao-de-um-quilombo-em-porto-alegre\/"},"modified":"2026-04-29T11:00:00","modified_gmt":"2026-04-29T14:00:00","slug":"a-destruicao-de-um-quilombo-em-porto-alegre","status":"publish","type":"post","link":"https:\/\/redept.com.br\/blogosfera\/a-destruicao-de-um-quilombo-em-porto-alegre\/","title":{"rendered":"A destrui\u00e7\u00e3o de um Quilombo em Porto Alegre"},"content":{"rendered":"<p>T\u00e2nia Dutra, uma das lideran\u00e7as do quilombo K\u00e9di, situado no bairro Boa Vista, ao lado do Country Club de Porto Alegre, ao ver o suposto capanga em frente a sua casa, perguntou o que o homem fazia ali. \u201cEstou aqui para proteger voc\u00eas que ainda est\u00e3o com casa aqui\u201d, respondeu. \u201cVoc\u00eas precisam se cuidar. Se eu fosse voc\u00eas, colocava tr\u00eas cadeados na porta. As pessoas est\u00e3o matando por R$ 10, R$ 30, imagina por R$ 180 mil\u201d, concluiu, de forma amea\u00e7adora, segundo depoimento de Dutra. O fato aconteceu no \u00faltimo dia 18 de mar\u00e7o.\u00a0<\/p>\n<figure data-wp-context='{\"imageId\":\"69f20ee9290ea\"}' data-wp-interactive=\"core\/image\" data-wp-key=\"69f20ee9290ea\"><button type=\"button\" aria-haspopup=\"dialog\" aria-label=\"Ampliar\" data-wp-init=\"callbacks.initTriggerButton\" data-wp-on--click=\"actions.showLightbox\" data-wp-style--right=\"state.imageButtonRight\" data-wp-style--top=\"state.imageButtonTop\"><br \/>\n\t\t\t<svg xmlns=\"http:\/\/www.w3.org\/2000\/svg\" width=\"12\" height=\"12\" fill=\"none\" viewbox=\"0 0 12 12\">\n\t\t\t\t<path fill=\"#fff\" d=\"M2 0a2 2 0 0 0-2 2v2h1.5V2a.5.5 0 0 1 .5-.5h2V0H2Zm2 10.5H2a.5.5 0 0 1-.5-.5V8H0v2a2 2 0 0 0 2 2h2v-1.5ZM8 12v-1.5h2a.5.5 0 0 0 .5-.5V8H12v2a2 2 0 0 1-2 2H8Zm2-12a2 2 0 0 1 2 2v2h-1.5V2a.5.5 0 0 0-.5-.5H8V0h2Z\"><\/path>\n\t\t\t<\/svg><br \/>\n\t\t<\/button><figcaption>T\u00e2nia Dutra, uma das lideran\u00e7as do quilombo K\u00e9di, situado no bairro Boa Vista<\/figcaption><\/figure>\n<p>O homem se referia, segundo ela, aos <span>R$ 180 mil que a prefeitura de Porto Alegre est\u00e1 oferecendo como indeniza\u00e7\u00e3o em acordos individuais para as pessoas deixarem o local. Nesses acordos, o morador se compromete a retirar seus pertences e n\u00e3o voltar a ocupar sua casa. Ao assinar, tamb\u00e9m declara, \u201cde forma irrevog\u00e1vel e irretrat\u00e1vel, que n\u00e3o se reconhece enquanto quilombola\u201d<\/span>, refutando o processo de reconhecimento que corre no INCRA desde 2022 \u2013 ano que o territ\u00f3rio teve o autorreconhecimento certificado na Funda\u00e7\u00e3o Cultural Palmares e os estudos come\u00e7aram.<\/p>\n<figure data-wp-context='{\"imageId\":\"69f20ee929430\"}' data-wp-interactive=\"core\/image\" data-wp-key=\"69f20ee929430\"><button type=\"button\" aria-haspopup=\"dialog\" aria-label=\"Ampliar\" data-wp-init=\"callbacks.initTriggerButton\" data-wp-on--click=\"actions.showLightbox\" data-wp-style--right=\"state.imageButtonRight\" data-wp-style--top=\"state.imageButtonTop\"><br \/>\n\t\t\t<svg xmlns=\"http:\/\/www.w3.org\/2000\/svg\" width=\"12\" height=\"12\" fill=\"none\" viewbox=\"0 0 12 12\">\n\t\t\t\t<path fill=\"#fff\" d=\"M2 0a2 2 0 0 0-2 2v2h1.5V2a.5.5 0 0 1 .5-.5h2V0H2Zm2 10.5H2a.5.5 0 0 1-.5-.5V8H0v2a2 2 0 0 0 2 2h2v-1.5ZM8 12v-1.5h2a.5.5 0 0 0 .5-.5V8H12v2a2 2 0 0 1-2 2H8Zm2-12a2 2 0 0 1 2 2v2h-1.5V2a.5.5 0 0 0-.5-.5H8V0h2Z\"><\/path>\n\t\t\t<\/svg><br \/>\n\t\t<\/button><figcaption>Reprodu\u00e7\u00e3o de trecho do contrato<\/figcaption><\/figure>\n<p>Quilombolas ouvidos pela <strong>Ag\u00eancia P\u00fablica<\/strong> relatam ainda que os acordos estariam sendo fechados n\u00e3o pela prefeitura, mas <span>por uma empresa chamada Beltr\u00e3o Seguran\u00e7a, que estaria exigindo que os moradores fa\u00e7am a demoli\u00e7\u00e3o das pr\u00f3prias casas para liberar o pagamento das indeniza\u00e7\u00f5es via pix.\u00a0<\/span><\/p>\n<div>\n<div>\n<h2>Por que isso importa?<\/h2>\n<\/p><\/div>\n<div>\n<ul>\n<li>O quilombo K\u00e9di, em Porto Alegre, se tornou alvo de uma disputa que envolve a prefeitura da cidade e empresas privadas. Moradores dizem que est\u00e3o sendo obrigados a abdicar da pr\u00f3pria identidade quilombola, deixar o territ\u00f3rio ancestral e demolir suas pr\u00f3prias casas, em troca de indeniza\u00e7\u00f5es via pix.<\/li>\n<li>Ataques ao territ\u00f3rio representam \u201cracismo institucional\u201d por parte de \u00f3rg\u00e3os p\u00fablicos, dizem especialistas ouvidos pela reportagem.<\/li>\n<\/ul><\/div>\n<\/p><\/div>\n<p>A reportagem procurou a Beltr\u00e3o Seguran\u00e7a, mas n\u00e3o conseguiu retorno at\u00e9 a publica\u00e7\u00e3o. O endere\u00e7o da empresa, que aparece no Google Street View, mostra uma \u00e1rea residencial. Ligamos para o telefone celular informado no site da empresa, mas fomos informados que ele \u00e9 um n\u00famero pessoal que pertence a uma mulher sem nenhuma rela\u00e7\u00e3o com a empresa e que h\u00e1 tr\u00eas anos recebe liga\u00e7\u00f5es indevidas.\u00a0\u00a0<\/p>\n<p>A partir dos primeiros movimentos de demoli\u00e7\u00e3o de casas, no dia 7 de mar\u00e7o, a assessoria jur\u00eddica do quilombo acionou a Justi\u00e7a Federal. No dia 8, atrav\u00e9s de liminar, o juiz federal Giovani Bigolin refor\u00e7ou o que o Tribunal Regional Federal da 4\u00ba Regi\u00e3o (TRF-4) decidiu em outubro de 2025: a preserva\u00e7\u00e3o da posse coletiva e a proibi\u00e7\u00e3o de demoli\u00e7\u00f5es. A liminar permite a sa\u00edda do territ\u00f3rio de quem desejar, mas pro\u00edbe \u201cpr\u00e1ticas que interfiram nas condi\u00e7\u00f5es existentes no territ\u00f3rio e na integridade da posse coletiva\u201d.\u00a0<\/p>\n<p>Bigolin solicitou que a Pol\u00edcia Federal impedisse conflitos e tamb\u00e9m novas demoli\u00e7\u00f5es. Um pouco antes, no dia 6 de mar\u00e7o, a ju\u00edza do Tribunal de Justi\u00e7a do RS (TJ-RS), Vanessa Lilian da Luz, havia homologado 45 novos acordos entre moradores e a prefeitura de Porto Alegre. Contudo, a decis\u00e3o desconsidera o entendimento do TJ-RS, de dezembro de 2025, que afirma a compet\u00eancia da Justi\u00e7a Federal no caso K\u00e9di, por se tratar de um territ\u00f3rio com processo aberto no INCRA para seu reconhecimento como quilombola. Por isso, no dia 20 do mesmo m\u00eas, a Defensoria P\u00fablica do Estado do RS, pediu a nulidade e a suspens\u00e3o dos acordos homologados pela ju\u00edza e de novos acordos individuais propostos pela prefeitura a moradores do Quilombo K\u00e9di.<\/p>\n<p>Em\u00a09 de mar\u00e7o, a PF esteve no local, mas alegou em relat\u00f3rio n\u00e3o presenciar flagrantes de demoli\u00e7\u00f5es. Um dia depois, a Justi\u00e7a Federal refor\u00e7ou a liminar que impedia as demoli\u00e7\u00f5es no territ\u00f3rio quilombola, estabelecendo uma multa de 20 sal\u00e1rios m\u00ednimos para quem descumprisse a ordem. Mas, na madrugada do dia 11, algumas casas ainda foram demolidas, como mostra o v\u00eddeo, gravado por moradores, ao qual a <strong>Ag\u00eancia P\u00fablica<\/strong> teve acesso. Ningu\u00e9m foi multado ou preso neste ato.\u00a0<\/p>\n<p>No dia 17 de abril, a Justi\u00e7a Federal reconheceu o descumprimento de liminar por parte do munic\u00edpio de Porto Alegre, por induzir as demoli\u00e7\u00f5es das casas no contrato assinado pelos moradores. A prefeitura recebeu uma multa de 60 sal\u00e1rios m\u00ednimos e foi intimada a se abster de \u200b\u200bqualquer indu\u00e7\u00e3o de demoli\u00e7\u00f5es, sob risco de novas multas.\u00a0\u00a0\u00a0<\/p>\n<figure><video height=\"634\" width=\"1200\" controls src=\"https:\/\/redept.com.br\/blogosfera\/wp-content\/uploads\/2026\/04\/Video-A-destruicao-de-um-Quilombo-em-Porto-Alegre-2.mp4\" preload=\"none\"><\/video><figcaption><em>V\u00eddeo mostra demoli\u00e7\u00f5es acontecendo ap\u00f3s decis\u00e3o da Justi\u00e7a de impedir que resid\u00eancias fossem derrubadas, sob pena de multa. Cr\u00e9dito: Alass Derivas\/Ag\u00eancia P\u00fablica<\/em><\/figcaption><\/figure>\n<p>Entre os dias 7 a 11 de mar\u00e7o, <span>o quilombo K\u00e9di teve mais de 30 casas demolidas, segundo os moradores \u201cEstamos vivendo uma situa\u00e7\u00e3o terr\u00edvel. Muita gente saiu daqui por medo de serem removidas e ficarem sem nada. Ent\u00e3o aceitaram os acordos\u201d<\/span>, relata Dutra, que cresceu no territ\u00f3rio e ainda resiste por l\u00e1, mesmo sob as amea\u00e7as que diz receber da prefeitura e da Beltr\u00e3o Seguran\u00e7a. Segundo S\u00e9rgio Valentim, da Frente Quilombola-RS, \u201ca PF viu as pessoas demolindo [as casas], mas n\u00e3o quiseram prender ningu\u00e9m\u201d.<\/p>\n<p>Ap\u00f3s o pedido de anula\u00e7\u00e3o dos acordos feito pela Defensoria e a liminar da Justi\u00e7a Federal do dia 10 de mar\u00e7o, as demoli\u00e7\u00f5es por fim foram interrompidas, mas os moradores seguem apreensivos.\u00a0De cerca de 100 fam\u00edlias em 2022, hoje restam menos de 30 no territ\u00f3rio tradicional. \u201cN\u00e3o sabemos o que pode acontecer. Estamos revezando quem dorme, sempre em alerta\u201d, revela a moradora Cl\u00e1udia Vargas. Para ela, o que acontece no K\u00e9di \u00e9 uma situa\u00e7\u00e3o devastadora: \u201cTenho medo de \u00e0s 7 da manh\u00e3 levar meus quatro filhos na escola e acontecer o que acontece nos outros quilombos por a\u00ed, algum atentado\u201d, desabafa.\u00a0<\/p>\n<figure data-wp-context='{\"imageId\":\"69f20ee929abd\"}' data-wp-interactive=\"core\/image\" data-wp-key=\"69f20ee929abd\"><button type=\"button\" aria-haspopup=\"dialog\" aria-label=\"Ampliar\" data-wp-init=\"callbacks.initTriggerButton\" data-wp-on--click=\"actions.showLightbox\" data-wp-style--right=\"state.imageButtonRight\" data-wp-style--top=\"state.imageButtonTop\"><br \/>\n\t\t\t<svg xmlns=\"http:\/\/www.w3.org\/2000\/svg\" width=\"12\" height=\"12\" fill=\"none\" viewbox=\"0 0 12 12\">\n\t\t\t\t<path fill=\"#fff\" d=\"M2 0a2 2 0 0 0-2 2v2h1.5V2a.5.5 0 0 1 .5-.5h2V0H2Zm2 10.5H2a.5.5 0 0 1-.5-.5V8H0v2a2 2 0 0 0 2 2h2v-1.5ZM8 12v-1.5h2a.5.5 0 0 0 .5-.5V8H12v2a2 2 0 0 1-2 2H8Zm2-12a2 2 0 0 1 2 2v2h-1.5V2a.5.5 0 0 0-.5-.5H8V0h2Z\"><\/path>\n\t\t\t<\/svg><br \/>\n\t\t<\/button><figcaption>Foto a\u00e9rea mostra a situa\u00e7\u00e3o do quilombo ap\u00f3s as demoli\u00e7\u00f5es<\/figcaption><\/figure>\n<h2><strong>Territ\u00f3rio em disputa<\/strong><\/h2>\n<p>O Quilombo K\u00e9di fica localizado no bairro Boa Vista, zona elitizada de Porto Alegre. O territ\u00f3rio est\u00e1 espremido entre o Country Club da cidade e a obra ao lado do quilombo, onde as incorporadoras Country Empreendimentos e CFL est\u00e3o construindo o Alameda Jardins Country Tower Boulevard, vendido como um \u201cgrande marco no design corporativo\u201d e um grande neg\u00f3cio para fundos de investimento.\u00a0<\/p>\n<p>O terreno de 15 mil m\u00b2, na esquina da Avenida Nilo Pe\u00e7anha com Avenida Marechal Andrea, foi cedido pela prefeitura de Porto Alegre para a Country Empreendimentos, em agosto de 2022, por R$ 8,3 milh\u00f5es, atrav\u00e9s de um Termo de Convers\u00e3o de \u00c1rea P\u00fablica. De acordo com o documento, este dinheiro serviria para custear o reassentamento dos moradores onde hoje \u00e9 o K\u00e9di.\u00a0<\/p>\n<p>No termo, a Country se compromete com o reassentamento atrav\u00e9s do planejamento e constru\u00e7\u00e3o junto ao Departamento Municipal de Habita\u00e7\u00e3o (DEMHAB) de um Conjunto Habitacional de Interesse Social (CHIS) para 52 fam\u00edlias; pelo pagamento para as fam\u00edlias restantes de b\u00f4nus-moradia para compra assistida; ou, por \u00faltimo, por indeniza\u00e7\u00e3o no valor correspondente ao b\u00f4nus moradia vigente.<\/p>\n<p>A incorporadora CFL, empresa respons\u00e1vel pela constru\u00e7\u00e3o do empreendimento, tamb\u00e9m assinou um termo de compromisso com a prefeitura, onde se compromete a contribuir com o processo de remo\u00e7\u00e3o como forma de compensar os impactos da obra. No local, a prefeitura pretende abrir uma via, sequ\u00eancia da Rua Frei Caneca, entre o empreendimento da Country Empreendimentos e CFL e o Country Club de Porto Alegre.\u00a0<\/p>\n<p>Fundada em 1996, <span>a Country Empreendimentos tem entre os seus s\u00f3cios Carlos Zaffari, Airton Zaffari e Ivo Jos\u00e9 Zaffari, que tamb\u00e9m s\u00e3o diretores do Grupo Zaffari<\/span>, maior rede de supermercados do estado, dos shoppings Bourbon, dos atacad\u00f5es Cestto e de in\u00fameros outros empreendimentos comerciais e imobili\u00e1rios paralelos.\u00a0<\/p>\n<p>Nos \u00faltimos anos, o Grupo Zaffari esteve envolvido em acordos com o poder p\u00fablico para troca de terrenos a fim da constru\u00e7\u00e3o de seus empreendimentos, desmatamento de diversas \u00e1reas de Mata Atl\u00e2ntica nativa, como a Floresta do Itu-Sabar\u00e1, projetos fara\u00f4nicos em \u00e1reas n\u00e3o previstas pelo Plano Diretor, como pr\u00e9dio de 41 andares no Centro Hist\u00f3rico e torres de 130 metros de altura no bairro Praia de Belas.<\/p>\n<p>Questionados pela <strong>P\u00fablica<\/strong>, eles responderam, atrav\u00e9s da Pr\u00e1tica Comunica\u00e7\u00e3o, assessoria de imprensa que responde pelo Zaffari e pela Country que, embora os mesmos executivos sejam diretores e CEOs das duas empresas, \u201co Grupo Zaffari n\u00e3o possui v\u00ednculo societ\u00e1rio com a Country Empreendimentos Imobili\u00e1rios\u201d.<\/p>\n<p>Segundo o porta-voz da CFL, 120 acordos teriam sido firmados com os moradores at\u00e9 mar\u00e7o. Desse conjunto, 106 fam\u00edlias j\u00e1 teriam recebido as indeniza\u00e7\u00f5es, estando pendente de homologa\u00e7\u00e3o judicial de apenas 14. Considerando o valor de R$ 180 mil por cada indeniza\u00e7\u00e3o, seriam aproximadamente R$ 20 milh\u00f5es investidos nas remo\u00e7\u00f5es at\u00e9 agora, mais que o dobro dos R$ 8,3 milh\u00f5es previstos inicialmente.\u00a0<\/p>\n<p>A assessoria jur\u00eddica dos quilombolas, contudo, afirma que \u201cdas 106 pessoas que eles dizem que deixaram o territ\u00f3rio, somente quatro comprovaram nos autos da Justi\u00e7a Comum seu reassentamento, como prev\u00ea o Estatuto das Cidades e os pr\u00f3prios termos assinados pelas empresas\u201d.\u00a0\u00a0<\/p>\n<p>\u201cExistem den\u00fancias na Justi\u00e7a de pessoas que nem moravam no quilombo e receberam, outras que dividiram a casa para receber mais de um pagamento, inclusive de pessoas mortas que receberam indeniza\u00e7\u00e3o. \u00c9 um procedimento sem nenhum controle da Justi\u00e7a ou do DEMHAB. O restante est\u00e1 pegando o dinheiro, sumindo, ocupando outras \u00e1reas verdes. Duas fam\u00edlias foram, inclusive, para o Quilombo Silva. O que impede que queiram vender l\u00e1 tamb\u00e9m em breve?\u201d, diz Onir Ara\u00fajo, assessor jur\u00eddico da comunidade e integrante da Frente Quilombola-RS.<\/p>\n<p>\u201cNo Termo de Convers\u00e3o, se fala em reassentamento para o direito \u00e0 moradia digna das fam\u00edlias, mas o que estamos testemunhando \u00e9 um <em>modus operandi<\/em> cl\u00e1ssico de grilagem\u201d, completa.\u00a0<\/p>\n<p>A Country Empreendimentos informou que, \u201ccomo propriet\u00e1ria original do terreno, participa da documenta\u00e7\u00e3o legal de aprova\u00e7\u00e3o. O Termo de Convers\u00e3o de \u00c1rea P\u00fablica, assinado entre a Prefeitura de Porto Alegre e a Country, faz parte das obriga\u00e7\u00f5es legais de aprova\u00e7\u00e3o, ou seja, s\u00e3o contrapartidas obrigat\u00f3rias inerentes ao projeto legal, sendo o valor geral de R$ 8,3 milh\u00f5es resultante desta obriga\u00e7\u00e3o.\u201d\u00a0<\/p>\n<figure data-wp-context='{\"imageId\":\"69f20ee929f95\"}' data-wp-interactive=\"core\/image\" data-wp-key=\"69f20ee929f95\"><button type=\"button\" aria-haspopup=\"dialog\" aria-label=\"Ampliar\" data-wp-init=\"callbacks.initTriggerButton\" data-wp-on--click=\"actions.showLightbox\" data-wp-style--right=\"state.imageButtonRight\" data-wp-style--top=\"state.imageButtonTop\"><br \/>\n\t\t\t<svg xmlns=\"http:\/\/www.w3.org\/2000\/svg\" width=\"12\" height=\"12\" fill=\"none\" viewbox=\"0 0 12 12\">\n\t\t\t\t<path fill=\"#fff\" d=\"M2 0a2 2 0 0 0-2 2v2h1.5V2a.5.5 0 0 1 .5-.5h2V0H2Zm2 10.5H2a.5.5 0 0 1-.5-.5V8H0v2a2 2 0 0 0 2 2h2v-1.5ZM8 12v-1.5h2a.5.5 0 0 0 .5-.5V8H12v2a2 2 0 0 1-2 2H8Zm2-12a2 2 0 0 1 2 2v2h-1.5V2a.5.5 0 0 0-.5-.5H8V0h2Z\"><\/path>\n\t\t\t<\/svg><br \/>\n\t\t<\/button><figcaption><em>Quilombo K\u00e9di, bem ao centro, com as casas destru\u00eddas, entre o Country Club de Porto Alegre, \u00e0 direita, e o empreendimento em constru\u00e7\u00e3o da Country Empreendimentos e CFL Incorporadora, \u00e0 esquerda<\/em><\/figcaption><\/figure>\n<h2><strong>Tradi\u00e7\u00e3o amea\u00e7ada\u00a0<\/strong><\/h2>\n<p>\u201cNo K\u00e9di vivem pessoas descendentes dos remanescentes da Col\u00f4nia Africana que existiu em Porto Alegre, entre 1884 e 1930, territ\u00f3rio de pessoas de diferentes na\u00e7\u00f5es que trouxeram ao Brasil suas l\u00ednguas, culturas e religi\u00f5es de matriz africana\u201d, explica Ara\u00fajo. \u201cO quilombo urbano K\u00e9di \u00e9 pr\u00f3ximo ao quilombo Fam\u00edlia Silva, o primeiro territ\u00f3rio urbano titulado no pa\u00eds, em 2009, que deflagrou o direito \u00e0 autodeclara\u00e7\u00e3o de territ\u00f3rios negros urbanos tradicionais e ancestrais em todo Brasil. S\u00e3o dois territ\u00f3rios que resistem \u00e0 voracidade da especula\u00e7\u00e3o imobili\u00e1ria e da gentrifica\u00e7\u00e3o da elite racista ga\u00facha\u201d, acrescenta.<\/p>\n<figure data-wp-context='{\"imageId\":\"69f20ee92a2a7\"}' data-wp-interactive=\"core\/image\" data-wp-key=\"69f20ee92a2a7\"><button type=\"button\" aria-haspopup=\"dialog\" aria-label=\"Ampliar\" data-wp-init=\"callbacks.initTriggerButton\" data-wp-on--click=\"actions.showLightbox\" data-wp-style--right=\"state.imageButtonRight\" data-wp-style--top=\"state.imageButtonTop\"><br \/>\n\t\t\t<svg xmlns=\"http:\/\/www.w3.org\/2000\/svg\" width=\"12\" height=\"12\" fill=\"none\" viewbox=\"0 0 12 12\">\n\t\t\t\t<path fill=\"#fff\" d=\"M2 0a2 2 0 0 0-2 2v2h1.5V2a.5.5 0 0 1 .5-.5h2V0H2Zm2 10.5H2a.5.5 0 0 1-.5-.5V8H0v2a2 2 0 0 0 2 2h2v-1.5ZM8 12v-1.5h2a.5.5 0 0 0 .5-.5V8H12v2a2 2 0 0 1-2 2H8Zm2-12a2 2 0 0 1 2 2v2h-1.5V2a.5.5 0 0 0-.5-.5H8V0h2Z\"><\/path>\n\t\t\t<\/svg><br \/>\n\t\t<\/button><figcaption>Esta foto de 1982, resgatada pelo N\u00facleo de Estudos Geografia e Ambiente da UFRGS, mostra como a comunidade ocupava tamb\u00e9m hoje o terreno da Country Empreendimentos (linha vermelha). Na parte verde, hoje est\u00e3o as moradias restantes do Quilombo<\/figcaption><\/figure>\n<p>Para a professora do Departamento de Geografia da UFRGS, Cl\u00e1udia Luiza Pires, o quilombo K\u00e9di \u00e9 formado \u00e9 formado por pessoas que historicamente contribu\u00edram com a constru\u00e7\u00e3o, com a forma\u00e7\u00e3o hist\u00f3rica e geogr\u00e1fica de Porto Alegre. A tentativa de negociar suas identidades \u00e9 \u201cuma das viol\u00eancias mais perversas da opress\u00e3o colonialista sobre o territ\u00f3rio\u201d, diz.\u00a0<\/p>\n<p>\u201cRepresenta o racismo institucional do poder p\u00fablico porque atravessa uma comunidade quilombola que j\u00e1 foi marcada historicamente pelas opress\u00f5es e que hoje vem lutando pela sua repara\u00e7\u00e3o hist\u00f3rica e tamb\u00e9m geogr\u00e1fica, porque \u00e9 sobre hist\u00f3ria, mas tamb\u00e9m \u00e9 sobre terra. Essas remo\u00e7\u00f5es s\u00e3o a perpetua\u00e7\u00e3o da Lei de Terras, que l\u00e1 em 1850 j\u00e1 marcava o que vemos hoje, a condi\u00e7\u00e3o de exclus\u00e3o e expuls\u00e3o do acesso da popula\u00e7\u00e3o negra, dos povos origin\u00e1rios \u00e0 terra e ao seu territ\u00f3rio\u201d, avalia.\u00a0<\/p>\n<figure data-wp-context='{\"imageId\":\"69f20ee92a5a6\"}' data-wp-interactive=\"core\/image\" data-wp-key=\"69f20ee92a5a6\"><button type=\"button\" aria-haspopup=\"dialog\" aria-label=\"Ampliar\" data-wp-init=\"callbacks.initTriggerButton\" data-wp-on--click=\"actions.showLightbox\" data-wp-style--right=\"state.imageButtonRight\" data-wp-style--top=\"state.imageButtonTop\"><br \/>\n\t\t\t<svg xmlns=\"http:\/\/www.w3.org\/2000\/svg\" width=\"12\" height=\"12\" fill=\"none\" viewbox=\"0 0 12 12\">\n\t\t\t\t<path fill=\"#fff\" d=\"M2 0a2 2 0 0 0-2 2v2h1.5V2a.5.5 0 0 1 .5-.5h2V0H2Zm2 10.5H2a.5.5 0 0 1-.5-.5V8H0v2a2 2 0 0 0 2 2h2v-1.5ZM8 12v-1.5h2a.5.5 0 0 0 .5-.5V8H12v2a2 2 0 0 1-2 2H8Zm2-12a2 2 0 0 1 2 2v2h-1.5V2a.5.5 0 0 0-.5-.5H8V0h2Z\"><\/path>\n\t\t\t<\/svg><br \/>\n\t\t<\/button><figcaption>Fotos da pol\u00edcia no quilombo, no dia 9 de mar\u00e7o, enviada por moradores<\/figcaption><\/figure>\n<p>Segundo relatos da assessoria jur\u00eddica do quilombo, no \u00fanico momento em que a comunidade foi coletivamente informada sobre o processo de remo\u00e7\u00e3o, em reuni\u00e3o na Escola Estadual Bahia, em novembro de 2022, a maioria dos moradores manifestou rejei\u00e7\u00e3o \u00e0 proposta de reassentamento, com o desejo de permanecer. \u201cA partir da\u00ed, iniciou-se o ass\u00e9dio, sendo a Beltr\u00e3o um ponto central na operacionaliza\u00e7\u00e3o dos \u2018Acordos Individuais\u2019 em detrimento do Fato Quilombola\u201d, diz Ara\u00fajo.\u00a0<\/p>\n<p>A demoli\u00e7\u00e3o dos im\u00f3veis t\u00eam sido exig\u00eancia para receber o pagamento da indeniza\u00e7\u00e3o, segundo os moradores. \u201cO pix s\u00f3 \u00e9 feito ap\u00f3s Beltr\u00e3o e seus homens confirmarem a derrubada da casa\u201d, diz S\u00e9rgio Valentim, da Frente Quilombola RS.<\/p>\n<figure data-wp-context='{\"imageId\":\"69f20ee92a8a3\"}' data-wp-interactive=\"core\/image\" data-wp-key=\"69f20ee92a8a3\"><button type=\"button\" aria-haspopup=\"dialog\" aria-label=\"Ampliar\" data-wp-init=\"callbacks.initTriggerButton\" data-wp-on--click=\"actions.showLightbox\" data-wp-style--right=\"state.imageButtonRight\" data-wp-style--top=\"state.imageButtonTop\"><br \/>\n\t\t\t<svg xmlns=\"http:\/\/www.w3.org\/2000\/svg\" width=\"12\" height=\"12\" fill=\"none\" viewbox=\"0 0 12 12\">\n\t\t\t\t<path fill=\"#fff\" d=\"M2 0a2 2 0 0 0-2 2v2h1.5V2a.5.5 0 0 1 .5-.5h2V0H2Zm2 10.5H2a.5.5 0 0 1-.5-.5V8H0v2a2 2 0 0 0 2 2h2v-1.5ZM8 12v-1.5h2a.5.5 0 0 0 .5-.5V8H12v2a2 2 0 0 1-2 2H8Zm2-12a2 2 0 0 1 2 2v2h-1.5V2a.5.5 0 0 0-.5-.5H8V0h2Z\"><\/path>\n\t\t\t<\/svg><br \/>\n\t\t<\/button><figcaption>Beltr\u00e3o, ao centro, em novembro de 2023, quando a comunidade denunciou as primeiras demoli\u00e7\u00f5es<\/figcaption><\/figure>\n<p>Lu\u00edz Fernando Soares Beltr\u00e3o, ex-tenente do 11\u00b0 Batalh\u00e3o da Pol\u00edcia Militar do RS, hoje \u00e9 chefe da Silva Beltr\u00e3o Servicos de Zeladoria LTDA, empresa que, segundo a Frente Quilombola-RS, estaria fazendo a seguran\u00e7a da obra da CFL e da Country Empreendimentos no terreno vizinho ao quilombo. A Country disse que \u201cn\u00e3o possui nenhum contrato com empresas de seguran\u00e7a que atuam no local\u201d. De acordo com as den\u00fancias das quilombolas, al\u00e9m de trabalharem garantindo as demoli\u00e7\u00f5es, nos \u00faltimos anos, Beltr\u00e3o e seus funcion\u00e1rios estariam passando pelas casas espalhando not\u00edcias falsas, amea\u00e7ando e pressionando moradores.\u00a0<\/p>\n<p>A CFL n\u00e3o respondeu diretamente sobre o v\u00ednculo com a Beltr\u00e3o Seguran\u00e7a. Questionada sobre a atua\u00e7\u00e3o da Beltr\u00e3o nas remo\u00e7\u00f5es, o head de marketing da incorporadora, Caco Biernfeld, alegou, sem citar a empresa de seguran\u00e7a, que o desejo de algumas pessoas sa\u00edrem do territ\u00f3rio, expresso inclusive em manifesta\u00e7\u00f5es, \u201crefuta as ila\u00e7\u00f5es quanto a press\u00e3o ou coa\u00e7\u00e3o de moradores locais\u201d.<\/p>\n<p>Os moradores t\u00eam denunciado a atua\u00e7\u00e3o da Beltr\u00e3o nas redes sociais. \u201cTodos os dias somos oprimidos pelos capangas que vem dessa Beltr\u00e3o. Milicianos que s\u00e3o mandados para nos intimidar, que ficam por a\u00ed dizendo que, se n\u00e3o aceitarmos os R$ 180 mil, n\u00f3s vamos sair sem nada, que a prefeitura vai nos tirar igual\u201d, relata a moradora Claudia Vargas. \u201cO pr\u00f3prio Beltr\u00e3o se re\u00fane com as pessoas e operacionaliza as assinaturas do acordo. Depois fica da obra da CFL fiscalizando as demoli\u00e7\u00f5es\u201d, den\u00fancia Valentim.\u00a0<\/p>\n<h2><strong>Empresas pressionam moradores<\/strong><\/h2>\n<p>Estas e outras den\u00fancias foram feitas pelas quilombolas \u00e0 Pol\u00edcia Civil do RS conforme Boletim de Ocorr\u00eancia, ao qual a reportagem teve acesso.\u00a0\u00a0<\/p>\n<p>Os relatos tamb\u00e9m constam no processo da Justi\u00e7a Federal sobre a desapropria\u00e7\u00e3o do quilombo, no qual Beltr\u00e3o, CFL, Country e prefeitura de Porto Alegre s\u00e3o r\u00e9us. Em outubro de 2025, a sede da Beltr\u00e3o foi procurada por oficial de Justi\u00e7a e n\u00e3o foi encontrada: a casa, no bairro Tr\u00eas Figueiras, est\u00e1 \u00e0 venda.\u00a0<\/p>\n<div data-effect=\"slide\">\n<div>\n<ul>\n<li>\n<figure><figcaption>Sede da Beltr\u00e3o no bairro Tr\u00eas Figueiras<\/figcaption><\/figure>\n<\/li>\n<li>\n<figure><figcaption>Sede da Beltr\u00e3o no bairro Tr\u00eas Figueiras<\/figcaption><\/figure>\n<\/li>\n<\/ul>\n<div><\/div>\n<\/div>\n<\/div>\n<p>Na manh\u00e3 do dia 27 de mar\u00e7o, segundo os moradores ouvidos pela <strong>P\u00fablica<\/strong>, Beltr\u00e3o teria voltado pessoalmente ao quilombo K\u00e9di, ao lado de um policial militar uniformizado. \u201cQuando ele passou, perguntamos o que ele estava fazendo aqui. Caminhando com o PM, ele apontou para nossa cozinha e perguntou se a gente tinha invadido aqui\u201d, relata uma moradora que n\u00e3o quis se identificar.\u00a0<\/p>\n<div>\n<figure data-wp-context='{\"imageId\":\"69f20ee92afe3\"}' data-wp-interactive=\"core\/image\" data-wp-key=\"69f20ee92afe3\"><button type=\"button\" aria-haspopup=\"dialog\" aria-label=\"Ampliar\" data-wp-init=\"callbacks.initTriggerButton\" data-wp-on--click=\"actions.showLightbox\" data-wp-style--right=\"state.imageButtonRight\" data-wp-style--top=\"state.imageButtonTop\"><br \/>\n\t\t\t<svg xmlns=\"http:\/\/www.w3.org\/2000\/svg\" width=\"12\" height=\"12\" fill=\"none\" viewbox=\"0 0 12 12\">\n\t\t\t\t<path fill=\"#fff\" d=\"M2 0a2 2 0 0 0-2 2v2h1.5V2a.5.5 0 0 1 .5-.5h2V0H2Zm2 10.5H2a.5.5 0 0 1-.5-.5V8H0v2a2 2 0 0 0 2 2h2v-1.5ZM8 12v-1.5h2a.5.5 0 0 0 .5-.5V8H12v2a2 2 0 0 1-2 2H8Zm2-12a2 2 0 0 1 2 2v2h-1.5V2a.5.5 0 0 0-.5-.5H8V0h2Z\"><\/path>\n\t\t\t<\/svg><br \/>\n\t\t<\/button><figcaption>Beltr\u00e3o em visita ao quilombo<\/figcaption><\/figure>\n<\/div>\n<p>Em maio de 2024, a Country permutou, em troca de \u00edndices construtivos, 73% do terreno para a CFL Incorporadora, por um valor muito acima dos pouco mais de R$ 8 milh\u00f5es que acordou com a prefeitura pela \u00e1rea, em 2022.<\/p>\n<p>De acordo com o head de marketing da CFL, a empresa considera o processo de regulariza\u00e7\u00e3o fundi\u00e1ria em rela\u00e7\u00e3o a quest\u00e3o quilombola, que corre no INCRA e na Justi\u00e7a Federal, mas declara que ao remover as fam\u00edlias a incorporadora estaria contribuindo com a justi\u00e7a estadual, visto que em 2013, o Minist\u00e9rio P\u00fablico do Rio Grande do Sul ajuizou a A\u00e7\u00e3o Civil P\u00fablica na qual o munic\u00edpio de Porto Alegre foi condenado a cadastrar e, ap\u00f3s, reassentar as fam\u00edlias da K\u00e9di. \u201cA obriga\u00e7\u00e3o assumida pela CFL tem o prop\u00f3sito de dar cumprimento \u00e0s decis\u00f5es judiciais j\u00e1 transitadas em julgado\u201d, diz o executivo.<\/p>\n<p>Para a assessoria jur\u00eddica do quilombo, \u201cestes argumentos caem por terra visto a liminar obtida em A\u00e7\u00e3o Rescis\u00f3ria que protege a posse coletiva e centen\u00e1ria\u201d, explica o advogado Onir Ara\u00fajo. \u201cAl\u00e9m disso, o direito \u00e0 posse coletiva foi reafirmado e reiterado em decis\u00f5es recentes da justi\u00e7a federal\u201d.\u00a0<\/p>\n<figure data-wp-context='{\"imageId\":\"69f20ee92b33d\"}' data-wp-interactive=\"core\/image\" data-wp-key=\"69f20ee92b33d\"><button type=\"button\" aria-haspopup=\"dialog\" aria-label=\"Ampliar\" data-wp-init=\"callbacks.initTriggerButton\" data-wp-on--click=\"actions.showLightbox\" data-wp-style--right=\"state.imageButtonRight\" data-wp-style--top=\"state.imageButtonTop\"><br \/>\n\t\t\t<svg xmlns=\"http:\/\/www.w3.org\/2000\/svg\" width=\"12\" height=\"12\" fill=\"none\" viewbox=\"0 0 12 12\">\n\t\t\t\t<path fill=\"#fff\" d=\"M2 0a2 2 0 0 0-2 2v2h1.5V2a.5.5 0 0 1 .5-.5h2V0H2Zm2 10.5H2a.5.5 0 0 1-.5-.5V8H0v2a2 2 0 0 0 2 2h2v-1.5ZM8 12v-1.5h2a.5.5 0 0 0 .5-.5V8H12v2a2 2 0 0 1-2 2H8Zm2-12a2 2 0 0 1 2 2v2h-1.5V2a.5.5 0 0 0-.5-.5H8V0h2Z\"><\/path>\n\t\t\t<\/svg><br \/>\n\t\t<\/button><figcaption>Foto a\u00e9rea mostra a situa\u00e7\u00e3o do quilombo ap\u00f3s as demoli\u00e7\u00f5es<\/figcaption><\/figure>\n<p>O DEMHAB foi questionado sobre o processo de remo\u00e7\u00e3o e sobre o porqu\u00ea da indeniza\u00e7\u00e3o oferecida neste caso extrapolar os R$ 113 mil legalmente previsto para o b\u00f4nus-moradia. O departamento da prefeitura n\u00e3o retornou at\u00e9 o encerramento desta reportagem.<\/p>\n<p>Para Onir Ara\u00fajo, a remo\u00e7\u00e3o da comunidade \u00e9 um crime de \u201cLesa Humanidade\u201d. \u201cA destrui\u00e7\u00e3o do Quilombo K\u00e9di \u00e9 extinguir a hist\u00f3ria de um povo, \u00e9 o apagamento de uma presen\u00e7a civilizat\u00f3ria dos remanescentes da col\u00f4nia Africana na regi\u00e3o, o que ainda pode abrir precedentes para o ataque em outros quilombos no pa\u00eds. O que se faz em Gaza na Palestina com bombas, matan\u00e7a de mulheres e crian\u00e7as, aqui o Estado brasileiro, com seus mandantes do setor privado, faz com a caneta, com a viol\u00eancia institucional, com o apagamento da presen\u00e7a\u201d, defende.\u00a0<\/p>\n<figure>\n<figure data-wp-context='{\"imageId\":\"69f20ee92b689\"}' data-wp-interactive=\"core\/image\" data-wp-key=\"69f20ee92b689\"><button type=\"button\" aria-haspopup=\"dialog\" aria-label=\"Ampliar\" data-wp-init=\"callbacks.initTriggerButton\" data-wp-on--click=\"actions.showLightbox\" data-wp-style--right=\"state.imageButtonRight\" data-wp-style--top=\"state.imageButtonTop\"><br \/>\n\t\t\t<svg xmlns=\"http:\/\/www.w3.org\/2000\/svg\" width=\"12\" height=\"12\" fill=\"none\" viewbox=\"0 0 12 12\">\n\t\t\t\t<path fill=\"#fff\" d=\"M2 0a2 2 0 0 0-2 2v2h1.5V2a.5.5 0 0 1 .5-.5h2V0H2Zm2 10.5H2a.5.5 0 0 1-.5-.5V8H0v2a2 2 0 0 0 2 2h2v-1.5ZM8 12v-1.5h2a.5.5 0 0 0 .5-.5V8H12v2a2 2 0 0 1-2 2H8Zm2-12a2 2 0 0 1 2 2v2h-1.5V2a.5.5 0 0 0-.5-.5H8V0h2Z\"><\/path>\n\t\t\t<\/svg><br \/>\n\t\t<\/button><figcaption>Cl\u00e1udia Vargas mostra seus orix\u00e1s, nas casinhas em frente \u00e0 sua casa. Comenta emocionada sobre o seu terreiro de Matriz Africana, onde se iniciou, que era na comunidade, mas foi demolido<\/figcaption><\/figure>\n<figure data-wp-context='{\"imageId\":\"69f20ee92b93c\"}' data-wp-interactive=\"core\/image\" data-wp-key=\"69f20ee92b93c\"><button type=\"button\" aria-haspopup=\"dialog\" aria-label=\"Ampliar\" data-wp-init=\"callbacks.initTriggerButton\" data-wp-on--click=\"actions.showLightbox\" data-wp-style--right=\"state.imageButtonRight\" data-wp-style--top=\"state.imageButtonTop\"><br \/>\n\t\t\t<svg xmlns=\"http:\/\/www.w3.org\/2000\/svg\" width=\"12\" height=\"12\" fill=\"none\" viewbox=\"0 0 12 12\">\n\t\t\t\t<path fill=\"#fff\" d=\"M2 0a2 2 0 0 0-2 2v2h1.5V2a.5.5 0 0 1 .5-.5h2V0H2Zm2 10.5H2a.5.5 0 0 1-.5-.5V8H0v2a2 2 0 0 0 2 2h2v-1.5ZM8 12v-1.5h2a.5.5 0 0 0 .5-.5V8H12v2a2 2 0 0 1-2 2H8Zm2-12a2 2 0 0 1 2 2v2h-1.5V2a.5.5 0 0 0-.5-.5H8V0h2Z\"><\/path>\n\t\t\t<\/svg><br \/>\n\t\t<\/button><figcaption>T\u00e2nia Dutra tenta tocar sua rotina, com sua fam\u00edlia, mesmo sob amea\u00e7as<\/figcaption><\/figure>\n<\/figure>\n<p>T\u00e2nia Dutra, que cresceu no territ\u00f3rio, em que seus pais tamb\u00e9m se criaram e onde seu av\u00f4 viveu, trabalhou e cultivou, diz n\u00e3o ter medo: \u201cEstou muito sentida com esta situa\u00e7\u00e3o, louca que logo isso acabe. Tenho nove netas que estavam se criando aqui, vi meu av\u00f4 viver aqui. Mas mesmo assim eu vou ficar. Este territ\u00f3rio \u00e9 meu e n\u00e3o vou sair\u201d.<\/p>\n<!-- Begin Yuzo --><div class='yuzo_related_post style-1'  data-version='5.12.89'><!-- without result --><div class='yuzo_clearfixed yuzo__title yuzo__title'><h3>Related Post<\/h3><\/div>\n\t\t\t\t\t\t  <div class=\"relatedthumb \" style=\"width:125px;float:left;overflow:hidden;\">  \n\t\t\t\t\t\t\t  \n\t\t\t\t\t\t\t  <a  href=\"https:\/\/redept.com.br\/blogosfera\/com-o-arregao-de-bolsonaro-no-stf-bolsonaristas-que-sobraram-no-congresso-partem-para-a-algazarra\/\"  >\n\t\t\t\t\t\t\t\t\t  <div class=\"yuzo-img-wrap \" style=\"width: 125px;height:90px;\">\n\t\t\t\t\t\t\t\t\t\t\n\t\t\t\t\t\t\t\t\t\t<div class=\"yuzo-img\" style=\"background:url('https:\/\/redept.org\/blogosfera\/wp-content\/plugins\/yuzo-related-post\/assets\/images\/default.png') 50% 50% no-repeat;width: 125px;height:90px;margin-bottom: 5px;background-size: cover; \"><\/div>\n\t\t\t\t\t\t\t\t\t  <\/div>\n\t\t\t\t\t\t\t\t\t  \n\t\t\t\t\t\t\t\t   <span class=\"yuzo__text--title\" style=\"font-size:13px;\">Com o arreg\u00e3o de Bolsonaro no STF, bolsonaristas q...<\/span>\n\t\t\t\t\t\t\t  \n\t\t\t\t\t\t\t  \n\t\t\t\t\t\t\t  <\/a>\n\n\t\t\t\t\t\t  <\/div>\n\t\t\t\t\t\t  <div class=\"relatedthumb \" style=\"width:125px;float:left;overflow:hidden;\">  \n\t\t\t\t\t\t\t  \n\t\t\t\t\t\t\t  <a  href=\"https:\/\/redept.com.br\/blogosfera\/justica-da-franca-realiza-busca-na-sede-do-x-e-convoca-elon-musk-para-depor\/\"  >\n\t\t\t\t\t\t\t\t\t  <div class=\"yuzo-img-wrap \" style=\"width: 125px;height:90px;\">\n\t\t\t\t\t\t\t\t\t\t\n\t\t\t\t\t\t\t\t\t\t<div class=\"yuzo-img\" style=\"background:url('https:\/\/redept.com.br\/blogosfera\/wp-content\/uploads\/2026\/02\/fd86e0f6-4ad5-4195-9609-abfac808ca46-captura-de-tela-2025-01-20-as-224930-150x150.webp') 50% 50% no-repeat;width: 125px;height:90px;margin-bottom: 5px;background-size: cover; \"><\/div>\n\t\t\t\t\t\t\t\t\t  <\/div>\n\t\t\t\t\t\t\t\t\t  \n\t\t\t\t\t\t\t\t   <span class=\"yuzo__text--title\" style=\"font-size:13px;\">Justi\u00e7a da Fran\u00e7a realiza busca na sede do X e con...<\/span>\n\t\t\t\t\t\t\t  \n\t\t\t\t\t\t\t  \n\t\t\t\t\t\t\t  <\/a>\n\n\t\t\t\t\t\t  <\/div>\n\t\t\t\t\t\t  <div class=\"relatedthumb \" style=\"width:125px;float:left;overflow:hidden;\">  \n\t\t\t\t\t\t\t  \n\t\t\t\t\t\t\t  <a  href=\"https:\/\/redept.com.br\/blogosfera\/juiz-de-fora-aprova-reducao-de-jornada-dos-servidores-para-30-horas\/\"  >\n\t\t\t\t\t\t\t\t\t  <div class=\"yuzo-img-wrap \" style=\"width: 125px;height:90px;\">\n\t\t\t\t\t\t\t\t\t\t\n\t\t\t\t\t\t\t\t\t\t<div class=\"yuzo-img\" style=\"background:url('https:\/\/redept.com.br\/blogosfera\/wp-content\/uploads\/2025\/04\/Design-sem-nome-5-150x150.jpg') 50% 50% no-repeat;width: 125px;height:90px;margin-bottom: 5px;background-size: cover; \"><\/div>\n\t\t\t\t\t\t\t\t\t  <\/div>\n\t\t\t\t\t\t\t\t\t  \n\t\t\t\t\t\t\t\t   <span class=\"yuzo__text--title\" style=\"font-size:13px;\">Juiz de Fora aprova redu\u00e7\u00e3o de jornada dos servido...<\/span>\n\t\t\t\t\t\t\t  \n\t\t\t\t\t\t\t  \n\t\t\t\t\t\t\t  <\/a>\n\n\t\t\t\t\t\t  <\/div>\n\t\t\t\t\t\t  <div class=\"relatedthumb \" style=\"width:125px;float:left;overflow:hidden;\">  \n\t\t\t\t\t\t\t  \n\t\t\t\t\t\t\t  <a  href=\"https:\/\/redept.com.br\/blogosfera\/relator-da-ccj-nega-recurso-de-glauber-contra-cassacao-de-mandato\/\"  >\n\t\t\t\t\t\t\t\t\t  <div class=\"yuzo-img-wrap \" style=\"width: 125px;height:90px;\">\n\t\t\t\t\t\t\t\t\t\t\n\t\t\t\t\t\t\t\t\t\t<div class=\"yuzo-img\" style=\"background:url('https:\/\/redept.org\/blogosfera\/wp-content\/plugins\/yuzo-related-post\/assets\/images\/default.png') 50% 50% no-repeat;width: 125px;height:90px;margin-bottom: 5px;background-size: cover; \"><\/div>\n\t\t\t\t\t\t\t\t\t  <\/div>\n\t\t\t\t\t\t\t\t\t  \n\t\t\t\t\t\t\t\t   <span class=\"yuzo__text--title\" style=\"font-size:13px;\">Relator da CCJ nega recurso de Glauber contra cass...<\/span>\n\t\t\t\t\t\t\t  \n\t\t\t\t\t\t\t  \n\t\t\t\t\t\t\t  <\/a>\n\n\t\t\t\t\t\t  <\/div>\n<\/div> <script>\n\t\t\t\t\t\t  jQuery(document).ready(function( $ ){\n\t\t\t\t\t\t\t\/\/jQuery('.yuzo_related_post').equalizer({ overflow : 'relatedthumb' });\n\t\t\t\t\t\t\tjQuery('.yuzo_related_post .yuzo_wraps').equalizer({ columns : '> div' });\n\t\t\t\t\t\t   })\n\t\t\t\t\t\t  <\/script> <!-- End Yuzo :) -->","protected":false},"excerpt":{"rendered":"<p>Descumprindo ordens judiciais, casas de um territ\u00f3rio ancestral est\u00e3o sendo demolidas<\/p>\n","protected":false},"author":2,"featured_media":0,"comment_status":"open","ping_status":"closed","sticky":false,"template":"","format":"standard","meta":{"fifu_image_url":"","fifu_image_alt":"","footnotes":""},"categories":[307,288,5557,34,229,77],"tags":[],"class_list":["post-85278","post","type-post","status-publish","format-standard","hentry","category-direitos-humanos","category-justica","category-portugues","category-quilombolas","category-racismo","category-violencia"],"_links":{"self":[{"href":"https:\/\/redept.com.br\/blogosfera\/wp-json\/wp\/v2\/posts\/85278","targetHints":{"allow":["GET"]}}],"collection":[{"href":"https:\/\/redept.com.br\/blogosfera\/wp-json\/wp\/v2\/posts"}],"about":[{"href":"https:\/\/redept.com.br\/blogosfera\/wp-json\/wp\/v2\/types\/post"}],"author":[{"embeddable":true,"href":"https:\/\/redept.com.br\/blogosfera\/wp-json\/wp\/v2\/users\/2"}],"replies":[{"embeddable":true,"href":"https:\/\/redept.com.br\/blogosfera\/wp-json\/wp\/v2\/comments?post=85278"}],"version-history":[{"count":0,"href":"https:\/\/redept.com.br\/blogosfera\/wp-json\/wp\/v2\/posts\/85278\/revisions"}],"wp:attachment":[{"href":"https:\/\/redept.com.br\/blogosfera\/wp-json\/wp\/v2\/media?parent=85278"}],"wp:term":[{"taxonomy":"category","embeddable":true,"href":"https:\/\/redept.com.br\/blogosfera\/wp-json\/wp\/v2\/categories?post=85278"},{"taxonomy":"post_tag","embeddable":true,"href":"https:\/\/redept.com.br\/blogosfera\/wp-json\/wp\/v2\/tags?post=85278"}],"curies":[{"name":"wp","href":"https:\/\/api.w.org\/{rel}","templated":true}]}}