{"id":85280,"date":"2026-04-29T11:25:12","date_gmt":"2026-04-29T14:25:12","guid":{"rendered":"https:\/\/redept.com.br\/blogosfera\/as-maes-que-abracaram-todos-os-povos\/"},"modified":"2026-04-29T11:25:12","modified_gmt":"2026-04-29T14:25:12","slug":"as-maes-que-abracaram-todos-os-povos","status":"publish","type":"post","link":"https:\/\/redept.com.br\/blogosfera\/as-maes-que-abracaram-todos-os-povos\/","title":{"rendered":"As M\u00e3es que abra\u00e7aram todos os povos"},"content":{"rendered":"<figure><img fetchpriority=\"high\" fetchpriority=\"high\" decoding=\"async\" width=\"1024\" height=\"686\"src=\"https:\/\/redept.com.br\/blogosfera\/wp-content\/uploads\/2026\/04\/Maes-de-Maio-3.jpeg\" alt=\"\" srcset=\"https:\/\/mst.org.br\/wp-content\/uploads\/2026\/04\/Maes-de-Maio-3-1024x686.jpeg 1024w, https:\/\/mst.org.br\/wp-content\/uploads\/2026\/04\/Maes-de-Maio-3-300x201.jpeg 300w, https:\/\/mst.org.br\/wp-content\/uploads\/2026\/04\/Maes-de-Maio-3-768x514.jpeg 768w, https:\/\/redept.com.br\/blogosfera\/wp-content\/uploads\/2026\/04\/Maes-de-Maio-3.jpeg 1199w\" sizes=\"(max-width: 1024px) 100vw, 1024px\"><figcaption><em>Foto: Reprodu\u00e7\u00e3o<\/em><\/figcaption><\/figure>\n<p><em>Por Florencia Abreg\u00fa<br \/>Da P\u00e1gina do MST<\/em><\/p>\n<p>As M\u00e3es da Pra\u00e7a de Maio come\u00e7aram a se encontrar em delegacias, hospitais, tribunais, igrejas, corredores de f\u00f3runs e pr\u00e9dios governamentais para buscar seus filhos e filhas desaparecidos; nesses encontros, procuravam algum dado que as levasse a descobrir o paradeiro deles. Diante da falta de resposta e da indiferen\u00e7a do governo militar, reuniram-se pela primeira vez em 30 de abril de 1977, na Pra\u00e7a de Maio, em Buenos Aires, Argentina. No primeiro encontro, caminharam em c\u00edrculo ao redor da pra\u00e7a, j\u00e1 que a ditadura proibia manifesta\u00e7\u00f5es, e, para se identificarem, passaram a usar um len\u00e7o branco na cabe\u00e7a, que, com o passar dos anos, se tornaria um s\u00edmbolo de luta em n\u00edvel mundial. Assim como as rondas, que h\u00e1 49 anos acontecem todas as quintas-feiras, de forma ininterrupta.\u00a0<\/p>\n<h2>O Golpe de Estado de 1976<\/h2>\n<p>Em 24 de mar\u00e7o de 1976, as For\u00e7as Armadas argentinas derrubaram o governo constitucional de Mar\u00eda Estela de Per\u00f3n, conhecida como \u201cIsabelita\u201d, que havia assumido a presid\u00eancia ap\u00f3s a morte de Juan Domingo Per\u00f3n. A Argentina atravessava um per\u00edodo de regimes militares e decad\u00eancia econ\u00f4mica; desde o final de 1975, a tens\u00e3o aumentava continuamente. No entanto, os jornais, por meio dos meios de comunica\u00e7\u00e3o, come\u00e7aram a construir uma narrativa que sustentava que a presen\u00e7a das for\u00e7as nas ruas era necess\u00e1ria para restabelecer a ordem.<\/p>\n<figure><img decoding=\"async\" width=\"474\" height=\"638\"src=\"https:\/\/redept.com.br\/blogosfera\/wp-content\/uploads\/2026\/04\/Maes-de-Maio-2.jpeg\" alt=\"\" srcset=\"https:\/\/redept.com.br\/blogosfera\/wp-content\/uploads\/2026\/04\/Maes-de-Maio-2.jpeg 474w, https:\/\/mst.org.br\/wp-content\/uploads\/2026\/04\/Maes-de-Maio-2-223x300.jpeg 223w\" sizes=\"(max-width: 474px) 100vw, 474px\"><figcaption>Foto: Reprodu\u00e7\u00e3o<\/figcaption><\/figure>\n<p>As tr\u00eas For\u00e7as \u2014 Marinha, Aeron\u00e1utica e Ex\u00e9rcito \u2014 tomaram a Casa Rosada e, por meio do Comunicado n\u00ba 1, anunciaram o Golpe de Estado. A Junta Militar nomeou Rafael Videla como presidente de facto e denominou seu governo \u201cProcesso de Reorganiza\u00e7\u00e3o Nacional\u201d, em conson\u00e2ncia com o Plano Condor, no qual os servi\u00e7os militares de Paraguai, Chile, Uruguai e Brasil selaram um pacto em alian\u00e7a com os Estados Unidos para eliminar todos aqueles e aquelas que pensassem de forma diferente na regi\u00e3o. Esse per\u00edodo n\u00e3o implicou apenas a interrup\u00e7\u00e3o da ordem democr\u00e1tica, mas tamb\u00e9m a consolida\u00e7\u00e3o de um modelo econ\u00f4mico e pol\u00edtico baseado na repress\u00e3o, no disciplinamento social e na reestrutura\u00e7\u00e3o do Estado.<\/p>\n<p>O golpe instaurou na Argentina um novo modelo econ\u00f4mico baseado na valoriza\u00e7\u00e3o financeira do capital, na desindustrializa\u00e7\u00e3o e na primariza\u00e7\u00e3o da economia, acompanhado por uma abertura indiscriminada das importa\u00e7\u00f5es. A ditadura desencadeou um genoc\u00eddio por meio do terrorismo de Estado, cujo objetivo foi desarticular o alto n\u00edvel de organiza\u00e7\u00e3o, participa\u00e7\u00e3o pol\u00edtica e consci\u00eancia social que amplos setores do povo argentino haviam alcan\u00e7ado nas d\u00e9cadas anteriores.<\/p>\n<figure>\n<figure><img decoding=\"async\" width=\"600\" height=\"450\" data-id=\"294709\"src=\"https:\/\/redept.com.br\/blogosfera\/wp-content\/uploads\/2026\/04\/Maes-de-Maio-4.jpeg\" alt=\"\" srcset=\"https:\/\/redept.com.br\/blogosfera\/wp-content\/uploads\/2026\/04\/Maes-de-Maio-4.jpeg 600w, https:\/\/mst.org.br\/wp-content\/uploads\/2026\/04\/Maes-de-Maio-4-300x225.jpeg 300w\" sizes=\"(max-width: 600px) 100vw, 600px\"><\/figure>\n<figure><img decoding=\"async\" width=\"800\" height=\"550\" data-id=\"294706\"src=\"https:\/\/redept.com.br\/blogosfera\/wp-content\/uploads\/2026\/04\/Maes-de-Maio-1.jpeg\" alt=\"\" srcset=\"https:\/\/redept.com.br\/blogosfera\/wp-content\/uploads\/2026\/04\/Maes-de-Maio-1.jpeg 800w, https:\/\/mst.org.br\/wp-content\/uploads\/2026\/04\/Maes-de-Maio-1-300x206.jpeg 300w, https:\/\/mst.org.br\/wp-content\/uploads\/2026\/04\/Maes-de-Maio-1-768x528.jpeg 768w\" sizes=\"(max-width: 800px) 100vw, 800px\"><\/figure><figcaption><em>Fotos: Reprodu\u00e7\u00e3o<\/em><\/figcaption><\/figure>\n<p>Na realidade, nenhuma ditadura se sustentava sem apoio civil: setores da Igreja, incluindo sacerdotes; os meios de comunica\u00e7\u00e3o, que foram funcionais ao regime; empres\u00e1rios que aceitaram cargos pol\u00edticos; e uma sociedade submetida pelo medo, sem capacidade de enfrentar as For\u00e7as. O terror foi sistem\u00e1tico e completamente ilegal; todos estavam comprometidos, dos mais altos aos mais baixos escal\u00f5es, violando os direitos humanos. Na Argentina, funcionaram mais de 800 centros de deten\u00e7\u00e3o onde, de forma sistem\u00e1tica, sequestravam, torturavam e roubavam beb\u00eas para faz\u00ea-los desaparecer.<\/p>\n<p>Em 1976, com o golpe, houve uma ruptura institucional: o Congresso foi fechado, os partidos pol\u00edticos suspensos e os sindicatos intervindos. Os centros estudantis e todo tipo de organiza\u00e7\u00e3o social foram proibidos. A imprensa, a ci\u00eancia e a arte foram censuradas. Constru\u00edram a figura do inimigo interno, chamando-os de \u201csubversivos e terroristas\u201d para justificar a a\u00e7\u00e3o criminosa contra organiza\u00e7\u00f5es sociais, pol\u00edticas, estudantis, sindicais, culturais, religiosas e toda forma de luta e resist\u00eancia do povo.<\/p>\n<h2>A luta e o legado<\/h2>\n<figure><img loading=\"lazy\" decoding=\"async\" width=\"736\" height=\"552\"src=\"https:\/\/redept.com.br\/blogosfera\/wp-content\/uploads\/2026\/04\/Maes-de-Maio-5.jpeg\" alt=\"\" srcset=\"https:\/\/redept.com.br\/blogosfera\/wp-content\/uploads\/2026\/04\/Maes-de-Maio-5.jpeg 736w, https:\/\/mst.org.br\/wp-content\/uploads\/2026\/04\/Maes-de-Maio-5-300x225.jpeg 300w\" sizes=\"(max-width: 736px) 100vw, 736px\"><figcaption><em>Foto: Reprodu\u00e7\u00e3o<\/em><\/figcaption><\/figure>\n<p>A ditadura estruturou um plano sistem\u00e1tico de apropria\u00e7\u00e3o de beb\u00eas e crian\u00e7as, com centros de deten\u00e7\u00e3o ilegal como a ESMA, Campo de Mayo, Pozo de Banfield, La Perla e a Delegacia 5\u00aa de La Plata, entre outros, onde funcionavam maternidades clandestinas. Cerca de 500 filhos e filhas de pessoas desaparecidas, que nasceram em cativeiro ou foram sequestrados junto com seus pais e\/ou m\u00e3es, foram apropriados entre 1975 e 1980. Algumas crian\u00e7as foram entregues a fam\u00edlias ligadas \u00e0s For\u00e7as Armadas ou de seguran\u00e7a; outras foram abandonadas como desconhecidas em institui\u00e7\u00f5es. Em todos os casos, tiveram sua identidade anulada e foram privadas de viver com suas fam\u00edlias, do conhecimento da verdade, de seus direitos e de sua liberdade.<\/p>\n<p>Hebe de Bonafini foi presidenta da Associa\u00e7\u00e3o M\u00e3es da Pra\u00e7a de Maio e uma das principais refer\u00eancias do movimento. A ditadura sequestrou e fez desaparecer, em 8 de fevereiro de 1977, seu filho mais velho, Jorge Omar, em La Plata, e, em 6 de dezembro do mesmo ano, aconteceu o mesmo com seu outro filho, Ra\u00fal Alfredo, em Berazategui. Em seu discurso durante a cerim\u00f4nia de entrega do Pr\u00eamio UNESCO de 1999, afirmou:<\/p>\n<blockquote>\n<p><em>Por isso queremos educar, preparar os jovens para que fa\u00e7am pol\u00edtica, para que se comprometam. A pol\u00edtica n\u00e3o \u00e9 corrup\u00e7\u00e3o; s\u00e3o os homens que a corrompem, s\u00e3o os homens corruptos que nos enganam. Temos que formar uma gera\u00e7\u00e3o de jovens que ame a pol\u00edtica como a melhor a\u00e7\u00e3o do ser humano, como aquela que nos libertar\u00e1, como aquela que nos d\u00e1 melhores sa\u00eddas, como aquela que nos torna pessoas melhores.\u201d<\/em><\/p>\n<\/blockquote>\n<p>Nesse sentido, deixou claro o papel das M\u00e3es. \u201cO que fazemos, M\u00e3es, \u00e9 para isso a marcha de cada quinta-feira, \u00e9 para isso a a\u00e7\u00e3o de cada dia. N\u00e3o importa quanto nos ameacem, n\u00e3o importa quantos queiram nos matar. Se a vida n\u00e3o vale para coloc\u00e1-la a servi\u00e7o do que estamos fazendo, para que queremos a vida? A vida s\u00f3 vale quando \u00e9 entregue a uma causa.\u201d<\/p>\n<p>As Av\u00f3s e M\u00e3es da Pra\u00e7a de Maio resolveram 140 casos e ainda buscam cerca de 300 homens e mulheres com identidade alterada. Criaram diversos mecanismos de busca, estruturados junto ao Equipe Argentino de Antropologia Forense, formado em 1984 para investigar e impedir a exuma\u00e7\u00e3o de restos mortais sem identifica\u00e7\u00e3o. Essa organiza\u00e7\u00e3o surgiu como uma entidade n\u00e3o governamental, pois os familiares desconfiavam dos peritos oficiais nomeados durante a ditadura.<\/p>\n<figure><img loading=\"lazy\" decoding=\"async\" width=\"498\" height=\"338\"src=\"https:\/\/redept.com.br\/blogosfera\/wp-content\/uploads\/2026\/04\/Maes-de-Maio-6.jpeg\" alt=\"\" srcset=\"https:\/\/redept.com.br\/blogosfera\/wp-content\/uploads\/2026\/04\/Maes-de-Maio-6.jpeg 498w, https:\/\/mst.org.br\/wp-content\/uploads\/2026\/04\/Maes-de-Maio-6-300x204.jpeg 300w\" sizes=\"(max-width: 498px) 100vw, 498px\"><figcaption><em>Foto: Reprodu\u00e7\u00e3o<\/em><\/figcaption><\/figure>\n<p>Al\u00e9m disso, em 1987 foi criado por lei o Banco Nacional de Dados Gen\u00e9ticos (BNDG), com o objetivo de esclarecer a identidade de poss\u00edveis filhos e netos apropriados. Estabeleceu-se que o Banco conservaria \u201cuma amostra de sangue de cada familiar de crian\u00e7as desaparecidas ou presumivelmente nascidas em cativeiro\u201d. A possibilidade de identificar essas crian\u00e7as por meio do sangue de seus familiares est\u00e1 vinculada \u00e0 \u201cmetodologia para o c\u00e1lculo da probabilidade de avosidade\u201d, desenvolvida por geneticistas a partir da adapta\u00e7\u00e3o de testes de paternidade, como explica V\u00edctor Penchaszadeh no livro <em>Gen\u00e9tica e Direitos Humanos<\/em>.<\/p>\n<p>As M\u00e3es da Pra\u00e7a de Maio seguem sendo um s\u00edmbolo de mem\u00f3ria, verdade e justi\u00e7a, e uma refer\u00eancia central na defesa dos direitos humanos na Argentina e no mundo. A 50 anos do Golpe, continua-se exigindo a abertura urgente e a entrega dos arquivos de todas as \u00e1reas do Estado entre 1974 e 1983, para avan\u00e7ar nas investiga\u00e7\u00f5es dos respons\u00e1veis pelos crimes contra a humanidade cometidos contra os 30 mil desaparecidos, e exigir julgamento e puni\u00e7\u00e3o para todos os militares genocidas, membros das for\u00e7as de seguran\u00e7a, respons\u00e1veis civis e c\u00famplices ainda sem condena\u00e7\u00e3o. Pris\u00e3o comum, perp\u00e9tua e efetiva para todos os genocidas.<\/p>\n<p><strong>Fontes<\/strong><strong><br \/><\/strong><a href=\"https:\/\/www.abuelas.org.ar\/las-abuelas\">https:\/\/www.abuelas.org.ar\/las-abuelas<br \/><\/a><a href=\"https:\/\/madres.org\/\">https:\/\/madres.org\/<br \/><\/a>chequeado.com<br \/>Podcast: Temos Mem\u00f3ria, Universidade Nacional de Avellaneda<\/p>\n<p><em>*Editado por Fernanda Alc\u00e2ntara<\/em><\/p>\n<p>O post <a href=\"https:\/\/mst.org.br\/2026\/04\/29\/as-maes-que-abracaram-todos-os-povos\/\">As M\u00e3es que abra\u00e7aram todos os povos<\/a> apareceu primeiro em <a href=\"https:\/\/mst.org.br\/\">MST<\/a>.<\/p>\n<!-- Begin Yuzo --><div class='yuzo_related_post style-1'  data-version='5.12.89'><!-- without result --><div class='yuzo_clearfixed yuzo__title yuzo__title'><h3>Related Post<\/h3><\/div>\n\t\t\t\t\t\t  <div class=\"relatedthumb \" style=\"width:125px;float:left;overflow:hidden;\">  \n\t\t\t\t\t\t\t  \n\t\t\t\t\t\t\t  <a  href=\"https:\/\/redept.com.br\/blogosfera\/por-que-a-comida-no-brasil-fica-cada-vez-mais-cara-se-a-safra-esta-cada-vez-maior\/\"  >\n\t\t\t\t\t\t\t\t\t  <div class=\"yuzo-img-wrap \" style=\"width: 125px;height:90px;\">\n\t\t\t\t\t\t\t\t\t\t\n\t\t\t\t\t\t\t\t\t\t<div class=\"yuzo-img\" style=\"background:url('https:\/\/redept.com.br\/blogosfera\/wp-content\/uploads\/2025\/05\/producao-150x150.png') 50% 50% no-repeat;width: 125px;height:90px;margin-bottom: 5px;background-size: cover; \"><\/div>\n\t\t\t\t\t\t\t\t\t  <\/div>\n\t\t\t\t\t\t\t\t\t  \n\t\t\t\t\t\t\t\t   <span class=\"yuzo__text--title\" style=\"font-size:13px;\">Por que a comida no Brasil fica cada vez mais cara...<\/span>\n\t\t\t\t\t\t\t  \n\t\t\t\t\t\t\t  \n\t\t\t\t\t\t\t  <\/a>\n\n\t\t\t\t\t\t  <\/div>\n\t\t\t\t\t\t  <div class=\"relatedthumb \" style=\"width:125px;float:left;overflow:hidden;\">  \n\t\t\t\t\t\t\t  \n\t\t\t\t\t\t\t  <a  href=\"https:\/\/redept.com.br\/blogosfera\/parlamentares-aprovam-aumento-do-fundo-eleitoral-para-r-49-bilhoes\/\"  >\n\t\t\t\t\t\t\t\t\t  <div class=\"yuzo-img-wrap \" style=\"width: 125px;height:90px;\">\n\t\t\t\t\t\t\t\t\t\t\n\t\t\t\t\t\t\t\t\t\t<div class=\"yuzo-img\" style=\"background:url('https:\/\/redept.org\/blogosfera\/wp-content\/plugins\/yuzo-related-post\/assets\/images\/default.png') 50% 50% no-repeat;width: 125px;height:90px;margin-bottom: 5px;background-size: cover; \"><\/div>\n\t\t\t\t\t\t\t\t\t  <\/div>\n\t\t\t\t\t\t\t\t\t  \n\t\t\t\t\t\t\t\t   <span class=\"yuzo__text--title\" style=\"font-size:13px;\">Parlamentares aprovam aumento do Fundo Eleitoral p...<\/span>\n\t\t\t\t\t\t\t  \n\t\t\t\t\t\t\t  \n\t\t\t\t\t\t\t  <\/a>\n\n\t\t\t\t\t\t  <\/div>\n\t\t\t\t\t\t  <div class=\"relatedthumb \" style=\"width:125px;float:left;overflow:hidden;\">  \n\t\t\t\t\t\t\t  \n\t\t\t\t\t\t\t  <a  href=\"https:\/\/sul21.com.br\/noticias\/cultura\/2025\/09\/cinemateca-paulo-amorim-tem-relancamento-de-paris-texas-e-estreia-de-bicho-monstro\/\"  >\n\t\t\t\t\t\t\t\t\t  <div class=\"yuzo-img-wrap \" style=\"width: 125px;height:90px;\">\n\t\t\t\t\t\t\t\t\t\t\n\t\t\t\t\t\t\t\t\t\t<div class=\"yuzo-img\" style=\"background:url('https:\/\/redept.org\/blogosfera\/wp-content\/plugins\/yuzo-related-post\/assets\/images\/default.png') 50% 50% no-repeat;width: 125px;height:90px;margin-bottom: 5px;background-size: cover; \"><\/div>\n\t\t\t\t\t\t\t\t\t  <\/div>\n\t\t\t\t\t\t\t\t\t  \n\t\t\t\t\t\t\t\t   <span class=\"yuzo__text--title\" style=\"font-size:13px;\">Cinemateca Paulo Amorim tem relan\u00e7amento de \u2018Paris...<\/span>\n\t\t\t\t\t\t\t  \n\t\t\t\t\t\t\t  \n\t\t\t\t\t\t\t  <\/a>\n\n\t\t\t\t\t\t  <\/div>\n\t\t\t\t\t\t  <div class=\"relatedthumb \" style=\"width:125px;float:left;overflow:hidden;\">  \n\t\t\t\t\t\t\t  \n\t\t\t\t\t\t\t  <a  href=\"https:\/\/redept.com.br\/blogosfera\/moraes-da-15-dias-para-malafaia-explicar-por-que-generais-sao-cambada-de-frouxos\/\"  >\n\t\t\t\t\t\t\t\t\t  <div class=\"yuzo-img-wrap \" style=\"width: 125px;height:90px;\">\n\t\t\t\t\t\t\t\t\t\t\n\t\t\t\t\t\t\t\t\t\t<div class=\"yuzo-img\" style=\"background:url('https:\/\/redept.org\/blogosfera\/wp-content\/plugins\/yuzo-related-post\/assets\/images\/default.png') 50% 50% no-repeat;width: 125px;height:90px;margin-bottom: 5px;background-size: cover; \"><\/div>\n\t\t\t\t\t\t\t\t\t  <\/div>\n\t\t\t\t\t\t\t\t\t  \n\t\t\t\t\t\t\t\t   <span class=\"yuzo__text--title\" style=\"font-size:13px;\">Moraes d\u00e1 15 dias para Malafaia explicar por que g...<\/span>\n\t\t\t\t\t\t\t  \n\t\t\t\t\t\t\t  \n\t\t\t\t\t\t\t  <\/a>\n\n\t\t\t\t\t\t  <\/div>\n<\/div> <script>\n\t\t\t\t\t\t  jQuery(document).ready(function( $ ){\n\t\t\t\t\t\t\t\/\/jQuery('.yuzo_related_post').equalizer({ overflow : 'relatedthumb' });\n\t\t\t\t\t\t\tjQuery('.yuzo_related_post .yuzo_wraps').equalizer({ columns : '> div' });\n\t\t\t\t\t\t   })\n\t\t\t\t\t\t  <\/script> <!-- End Yuzo :) -->","protected":false},"excerpt":{"rendered":"<p>Foto: Reprodu\u00e7\u00e3o Por Florencia Abreg\u00faDa P\u00e1gina do MST As M\u00e3es da Pra\u00e7a de Maio come\u00e7aram a se encontrar em delegacias, hospitais, tribunais, igrejas, corredores de f\u00f3runs e pr\u00e9dios governamentais para buscar seus filhos e filhas desaparecidos; nesses encontros, procuravam algum dado que as levasse a descobrir o paradeiro deles. Diante da falta de resposta e [&hellip;]<\/p>\n","protected":false},"author":2,"featured_media":0,"comment_status":"open","ping_status":"closed","sticky":false,"template":"","format":"standard","meta":{"fifu_image_url":"","fifu_image_alt":"","footnotes":""},"categories":[272,244,1284,572,22958,191],"tags":[],"class_list":["post-85280","post","type-post","status-publish","format-standard","hentry","category-argentina","category-artigos","category-ditadura","category-internacionalismo","category-maes-de-maio","category-noticias"],"_links":{"self":[{"href":"https:\/\/redept.com.br\/blogosfera\/wp-json\/wp\/v2\/posts\/85280","targetHints":{"allow":["GET"]}}],"collection":[{"href":"https:\/\/redept.com.br\/blogosfera\/wp-json\/wp\/v2\/posts"}],"about":[{"href":"https:\/\/redept.com.br\/blogosfera\/wp-json\/wp\/v2\/types\/post"}],"author":[{"embeddable":true,"href":"https:\/\/redept.com.br\/blogosfera\/wp-json\/wp\/v2\/users\/2"}],"replies":[{"embeddable":true,"href":"https:\/\/redept.com.br\/blogosfera\/wp-json\/wp\/v2\/comments?post=85280"}],"version-history":[{"count":0,"href":"https:\/\/redept.com.br\/blogosfera\/wp-json\/wp\/v2\/posts\/85280\/revisions"}],"wp:attachment":[{"href":"https:\/\/redept.com.br\/blogosfera\/wp-json\/wp\/v2\/media?parent=85280"}],"wp:term":[{"taxonomy":"category","embeddable":true,"href":"https:\/\/redept.com.br\/blogosfera\/wp-json\/wp\/v2\/categories?post=85280"},{"taxonomy":"post_tag","embeddable":true,"href":"https:\/\/redept.com.br\/blogosfera\/wp-json\/wp\/v2\/tags?post=85280"}],"curies":[{"name":"wp","href":"https:\/\/api.w.org\/{rel}","templated":true}]}}