{"id":85287,"date":"2026-04-29T11:30:35","date_gmt":"2026-04-29T14:30:35","guid":{"rendered":"https:\/\/redept.com.br\/blogosfera\/las-madres-que-abrazaron-a-todos-los-pueblos\/"},"modified":"2026-04-29T11:30:35","modified_gmt":"2026-04-29T14:30:35","slug":"las-madres-que-abrazaron-a-todos-los-pueblos","status":"publish","type":"post","link":"https:\/\/redept.com.br\/blogosfera\/las-madres-que-abrazaron-a-todos-los-pueblos\/","title":{"rendered":"Las Madres que abrazaron a todos los pueblos"},"content":{"rendered":"<figure><img fetchpriority=\"high\" fetchpriority=\"high\" decoding=\"async\" width=\"1024\" height=\"686\"src=\"https:\/\/redept.com.br\/blogosfera\/wp-content\/uploads\/2026\/04\/Maes-de-Maio-3-1.jpeg\" alt=\"\" srcset=\"https:\/\/mst.org.br\/wp-content\/uploads\/2026\/04\/Maes-de-Maio-3-1024x686.jpeg 1024w, https:\/\/mst.org.br\/wp-content\/uploads\/2026\/04\/Maes-de-Maio-3-300x201.jpeg 300w, https:\/\/mst.org.br\/wp-content\/uploads\/2026\/04\/Maes-de-Maio-3-768x514.jpeg 768w, https:\/\/redept.com.br\/blogosfera\/wp-content\/uploads\/2026\/04\/Maes-de-Maio-3-1.jpeg 1199w\" sizes=\"(max-width: 1024px) 100vw, 1024px\"><figcaption><em>Foto: Reproducci\u00f3n<\/em><\/figcaption><\/figure>\n<p><em>Por Florencia Abreg\u00fa<br \/>Del a P\u00e1gina del MST<\/em><\/p>\n<p>Las Madres de Plaza de Mayo comenzaron a encontrarse en comisar\u00edas, hospitales, tribunales, iglesias, pasillos de juzgados y edificios gubernamentales para buscar a sus hijos e hijas desaparecidas; en esos encuentros buscaban alg\u00fan dato que las llevara a dar con el paradero de ellos. Ante la falta de respuesta y la indiferencia del gobierno militar, las madres se reunieron por primera vez el 30 de abril de 1977 en la Plaza de Mayo de Buenos Aires, Argentina. En el primer encuentro caminaron en ronda alrededor de la Plaza, puesto que la dictadura prohib\u00eda la movilizaci\u00f3n, y ellas, para identificarse, comenzaron a colocarse un pa\u00f1uelo blanco en la cabeza, que luego, con el correr de los a\u00f1os, se convertir\u00eda en un s\u00edmbolo de lucha a nivel mundial, al igual que las rondas, llevan 49 a\u00f1os reuni\u00e9ndose cada jueves de todas las semanas de manera ininterrumpida.\u00a0<\/p>\n<h2>El Golpe de Estado de 1976<\/h2>\n<p>El 24 de marzo de 1976, las Fuerzas Armadas argentinas derrocaron el gobierno constitucional de Mar\u00eda Estela de Per\u00f3n, alias \u201cIsabelita\u201d, quien asumi\u00f3 la presidencia despu\u00e9s de la muerte de Juan Domingo Per\u00f3n. Argentina arrastraba un per\u00edodo de reg\u00edmenes militares y decadencia econ\u00f3mica; desde fines de 1975 la tensi\u00f3n crec\u00eda y crec\u00eda. Sin embargo, los diarios, a trav\u00e9s de los medios de comunicaci\u00f3n, comenzaron a tejer una narrativa que aseguraba que las fuerzas en las calles eran necesarias para poner orden.<\/p>\n<figure><img decoding=\"async\" width=\"474\" height=\"638\"src=\"https:\/\/redept.com.br\/blogosfera\/wp-content\/uploads\/2026\/04\/Maes-de-Maio-2-1.jpeg\" alt=\"\" srcset=\"https:\/\/redept.com.br\/blogosfera\/wp-content\/uploads\/2026\/04\/Maes-de-Maio-2-1.jpeg 474w, https:\/\/mst.org.br\/wp-content\/uploads\/2026\/04\/Maes-de-Maio-2-223x300.jpeg 223w\" sizes=\"(max-width: 474px) 100vw, 474px\"><figcaption><em>Foto: Reproducci\u00f3n<\/em><\/figcaption><\/figure>\n<p>Las tres Fuerzas militares, Armada, A\u00e9rea y Ej\u00e9rcito Nacional, tomaron la Casa Rosada y, a trav\u00e9s del Comunicado N.\u00b0 1, informaron el Golpe de Estado. La Junta Militar design\u00f3 a Rafael Videla como presidente de facto y llam\u00f3 a su gobierno \u201cProceso de Reorganizaci\u00f3n Nacional\u201d, en l\u00ednea con el Plan C\u00f3ndor, donde los servicios militares de Paraguay, Chile, Uruguay y Brasil sellaron un pacto en alianza con los Estados Unidos para exterminar a todo aquel o aquella que pensara distinto en la regi\u00f3n. Este per\u00edodo no s\u00f3lo implic\u00f3 la interrupci\u00f3n del orden democr\u00e1tico, sino tambi\u00e9n la consolidaci\u00f3n de un modelo econ\u00f3mico y pol\u00edtico basado en la represi\u00f3n, el disciplinamiento social y la reestructuraci\u00f3n del Estado.<\/p>\n<p>El golpe de Estado de 1976 instaur\u00f3 en la Argentina un nuevo modelo econ\u00f3mico basado en la valorizaci\u00f3n financiera del capital, la desindustrializaci\u00f3n y la primarizaci\u00f3n de la econom\u00eda, acompa\u00f1ado por una apertura indiscriminada de las importaciones. La dictadura desat\u00f3 un genocidio recurriendo al terrorismo de Estado, cuyo objetivo fue desarticular el alto nivel de organizaci\u00f3n, participaci\u00f3n pol\u00edtica y conciencia social que amplios sectores del pueblo argentino hab\u00edan alcanzado en las d\u00e9cadas previas.\u00a0<\/p>\n<figure>\n<figure><img decoding=\"async\" width=\"600\" height=\"450\" data-id=\"294709\"src=\"https:\/\/redept.com.br\/blogosfera\/wp-content\/uploads\/2026\/04\/Maes-de-Maio-4-1.jpeg\" alt=\"\" srcset=\"https:\/\/redept.com.br\/blogosfera\/wp-content\/uploads\/2026\/04\/Maes-de-Maio-4-1.jpeg 600w, https:\/\/mst.org.br\/wp-content\/uploads\/2026\/04\/Maes-de-Maio-4-300x225.jpeg 300w\" sizes=\"(max-width: 600px) 100vw, 600px\"><\/figure>\n<figure><img decoding=\"async\" width=\"800\" height=\"550\" data-id=\"294706\"src=\"https:\/\/redept.com.br\/blogosfera\/wp-content\/uploads\/2026\/04\/Maes-de-Maio-1-1.jpeg\" alt=\"\" srcset=\"https:\/\/redept.com.br\/blogosfera\/wp-content\/uploads\/2026\/04\/Maes-de-Maio-1-1.jpeg 800w, https:\/\/mst.org.br\/wp-content\/uploads\/2026\/04\/Maes-de-Maio-1-300x206.jpeg 300w, https:\/\/mst.org.br\/wp-content\/uploads\/2026\/04\/Maes-de-Maio-1-768x528.jpeg 768w\" sizes=\"(max-width: 800px) 100vw, 800px\"><\/figure><figcaption><em>Foto: Reproducci\u00f3n<\/em><\/figcaption><\/figure>\n<p>La realidad es que ninguna dictadura se sosten\u00eda sin el apoyo civil, iglesias que inclu\u00edan sacerdotes, los medios de comunicaci\u00f3n que fueron funcionales a la dictadura, empresarios que aceptaron cargos pol\u00edticos, civiles y una sociedad sometida a trav\u00e9s del miedo, sin capacidad de enfrentar a las Fuerzas. El terror fue sistem\u00e1tico y totalmente ilegal; todos estaban comprometidos, desde los m\u00e1s altos rangos hasta los m\u00e1s bajos, quienes violaron los derechos humanos. En Argentina funcionaron m\u00e1s de 800 centros de detenci\u00f3n que, de manera sistem\u00e1tica, secuestraban, torturaban y robaban beb\u00e9s para desaparecerlos.<\/p>\n<p>En 1976, con el Golpe hubo un quiebre institucional, se cerr\u00f3 el Congreso, se suspendieron los partidos pol\u00edticos y se intervinieron los sindicatos. Se prohibieron los centros de estudiantes y todo tipo de organizaci\u00f3n social. Se censur\u00f3 a la prensa, la ciencia y el arte. Construyeron el enemigo interno, los llamaron \u201csubversivos y terroristas\u201d para justificar el accionar criminal contra las organizaciones sociales, pol\u00edticas, estudiantiles, sindicales, culturales, religiosas y toda forma de lucha y resistencia de nuestro pueblo.\u00a0<\/p>\n<h2>La lucha y el legado<\/h2>\n<figure><img loading=\"lazy\" decoding=\"async\" width=\"736\" height=\"552\"src=\"https:\/\/redept.com.br\/blogosfera\/wp-content\/uploads\/2026\/04\/Maes-de-Maio-5-1.jpeg\" alt=\"\" srcset=\"https:\/\/redept.com.br\/blogosfera\/wp-content\/uploads\/2026\/04\/Maes-de-Maio-5-1.jpeg 736w, https:\/\/mst.org.br\/wp-content\/uploads\/2026\/04\/Maes-de-Maio-5-300x225.jpeg 300w\" sizes=\"(max-width: 736px) 100vw, 736px\"><figcaption><em>Foto: Reproducci\u00f3n<\/em><\/figcaption><\/figure>\n<p>La dictadura estructur\u00f3 un plan sistem\u00e1tico de apropiaci\u00f3n de beb\u00e9s y ni\u00f1os, con centros de detenci\u00f3n ilegal como la ESMA, Campo de Mayo, el Pozo de Banfield, La Perla y la Comisar\u00eda 5ta de La Plata, entre otros, donde funcionaron maternidades clandestinas. Alrededor de 500 hijos e hijas de personas desaparecidas, que nacieron en cautiverio o fueron secuestrados junto a sus madres y\/o padres, fueron apropiados entre 1975 y 1980. Algunos ni\u00f1os y ni\u00f1as fueron entregados a familias cercanas a las Fuerzas Armadas o de seguridad; otros, abandonados en institutos como NN. En todos los casos les anularon su identidad y les privaron de vivir con sus familias, en conocimiento de la verdad, de sus derechos y de su libertad.<\/p>\n<p>Hebe de Bonafini, fue la presidenta de la Asociaci\u00f3n Madres de Plaza de Mayo y una de las principales referentes del movimiento, a quien la dictadura le secuestr\u00f3 y desapareci\u00f3, el 8 de febrero de 1977, a su hijo mayor, Jorge Omar, en La Plata y, el 6 de diciembre, ocurri\u00f3 lo mismo con su otro hijo var\u00f3n, Ra\u00fal Alfredo, en Berazategui. En su discurso durante la ceremonia de entrega del Premio UNESCO de 1999, expres\u00f3: <\/p>\n<blockquote>\n<p><em>Por eso queremos educar, preparar a los j\u00f3venes para que hagan pol\u00edtica, para que se comprometan. La pol\u00edtica no es corrupci\u00f3n, son los hombres los que la corrompen, son los hombres corruptos que nos enga\u00f1an. Tenemos que hacer una generaci\u00f3n de j\u00f3venes que amen la pol\u00edtica como la mejor acci\u00f3n del hombre, como la que nos liberar\u00e1, como la que nos da mejor salida, como la que nos hace personas mejores.\u201d<\/em><\/p>\n<\/blockquote>\n<p>En ese sentido, dej\u00f3 claro en esa conferencia el rol de las Madres de Plaza de Mayo y expres\u00f3: \u201clo que hacemos las Madres, para eso la marcha de cada jueves, para eso la acci\u00f3n de cada d\u00eda. No importa cu\u00e1nto nos amenacen, no importa cu\u00e1ntos nos quieran matar. Si la vida no vale para ponerla al servicio de lo que estamos haciendo, \u00bfpara qu\u00e9 queremos la vida? La vida s\u00f3lo vale cuando uno la entrega a una causa\u201d.<\/p>\n<p>Las Abuelas y Madres de Plaza de Mayo han resuelto 140 casos y todav\u00eda buscan a 300 hombres y mujeres con su identidad cambiada. Han creado diversos mecanismos de b\u00fasqueda, estructurados junto al Equipo Argentino de Antropolog\u00eda Forense, que se form\u00f3 en el a\u00f1o 1984 para investigar y exigir que no se exhumen los esqueletos sin identificar. Esta organizaci\u00f3n surgi\u00f3 como una organizaci\u00f3n no gubernamental, porque los familiares desconfiaban de los peritos oficiales que hab\u00edan sido designados durante la dictadura.<\/p>\n<figure><img loading=\"lazy\" decoding=\"async\" width=\"498\" height=\"338\"src=\"https:\/\/redept.com.br\/blogosfera\/wp-content\/uploads\/2026\/04\/Maes-de-Maio-6-1.jpeg\" alt=\"\" srcset=\"https:\/\/redept.com.br\/blogosfera\/wp-content\/uploads\/2026\/04\/Maes-de-Maio-6-1.jpeg 498w, https:\/\/mst.org.br\/wp-content\/uploads\/2026\/04\/Maes-de-Maio-6-300x204.jpeg 300w\" sizes=\"(max-width: 498px) 100vw, 498px\"><figcaption><em>Foto: Reproducci\u00f3n<\/em><\/figcaption><\/figure>\n<p>Adem\u00e1s, en 1987 se cre\u00f3 por ley el Banco Nacional de Datos Gen\u00e9ticos (BNDG), con el fin de esclarecer la identidad de los presuntos hijos y nietos apropiados. As\u00ed, se dispuso que el Banco conservara \u201cuna muestra de la sangre extra\u00edda a cada familiar de ni\u00f1os desaparecidos o presuntamente nacidos en cautiverio\u201d. La posibilidad de descubrir la identidad de los ni\u00f1os a partir de la sangre de sus parientes se vincula con la \u201cmetodolog\u00eda para el c\u00e1lculo de la probabilidad de abuelidad\u201d, desarrollada por distintos genetistas tras adaptar, para el caso, los an\u00e1lisis utilizados en las pruebas de paternidad, como lo explica V\u00edctor Penchaszadeh en el libro <em>Gen\u00e9tica y Derechos Humanos.<\/em><\/p>\n<p>Las Madres de Plaza de Mayo contin\u00faan siendo un s\u00edmbolo de memoria, verdad y justicia, y una referencia central en la defensa de los derechos humanos en Argentina y en el mundo. A 50 a\u00f1os del Golpe en Argentina, se sigue reclamando la apertura urgente y la entrega de los archivos de todas las \u00e1reas del Estado desde 1974 a 1983, para avanzar en las investigaciones de los responsables de los cr\u00edmenes de lesa humanidad cometidos contra los y las 30.000 desaparecidos, y exigir juicio y castigo a todos los militares genocidas, miembros de las fuerzas de seguridad, responsables civiles y c\u00f3mplices que a\u00fan quedan pendientes de condena. C\u00e1rcel com\u00fan, perpetua y efectiva para todos los genocidas.<\/p>\n<h2>Fuentes<\/h2>\n<p>https:\/\/www.abuelas.org.ar\/las-abuelas<br \/>https:\/\/madres.org\/<br \/>chequeado.com<br \/>Tenemos Memoria, Universidad Nacional de Avellaneda<\/p>\n<\/p>\n<p>O post <a href=\"https:\/\/mst.org.br\/2026\/04\/29\/las-madres-que-abrazaron-a-todos-los-pueblos\/\">Las Madres que abrazaron a todos los pueblos<\/a> apareceu primeiro em <a href=\"https:\/\/mst.org.br\/\">MST<\/a>.<\/p>\n<!-- Begin Yuzo --><div class='yuzo_related_post style-1'  data-version='5.12.89'><!-- without result --><div class='yuzo_clearfixed yuzo__title yuzo__title'><h3>Related Post<\/h3><\/div>\n\t\t\t\t\t\t  <div class=\"relatedthumb \" style=\"width:125px;float:left;overflow:hidden;\">  \n\t\t\t\t\t\t\t  \n\t\t\t\t\t\t\t  <a  href=\"https:\/\/redept.com.br\/blogosfera\/lula-recebe-alta-hospitalar-apos-cirurgia-de-catarata-sem-intercorrencias\/\"  >\n\t\t\t\t\t\t\t\t\t  <div class=\"yuzo-img-wrap \" style=\"width: 125px;height:90px;\">\n\t\t\t\t\t\t\t\t\t\t\n\t\t\t\t\t\t\t\t\t\t<div class=\"yuzo-img\" style=\"background:url('https:\/\/redept.com.br\/blogosfera\/wp-content\/uploads\/2026\/01\/lula-brics-julho_Foto-Ricardo-Stuckert-_-PR-150x150.jpg') 50% 50% no-repeat;width: 125px;height:90px;margin-bottom: 5px;background-size: cover; \"><\/div>\n\t\t\t\t\t\t\t\t\t  <\/div>\n\t\t\t\t\t\t\t\t\t  \n\t\t\t\t\t\t\t\t   <span class=\"yuzo__text--title\" style=\"font-size:13px;\">Lula recebe alta hospitalar ap\u00f3s cirurgia de catar...<\/span>\n\t\t\t\t\t\t\t  \n\t\t\t\t\t\t\t  \n\t\t\t\t\t\t\t  <\/a>\n\n\t\t\t\t\t\t  <\/div>\n\t\t\t\t\t\t  <div class=\"relatedthumb \" style=\"width:125px;float:left;overflow:hidden;\">  \n\t\t\t\t\t\t\t  \n\t\t\t\t\t\t\t  <a  href=\"https:\/\/redept.com.br\/blogosfera\/copom-dissimula-cita-incerteza-nos-eua-e-eleva-selic-a-1125-ao-ano\/\"  >\n\t\t\t\t\t\t\t\t\t  <div class=\"yuzo-img-wrap \" style=\"width: 125px;height:90px;\">\n\t\t\t\t\t\t\t\t\t\t\n\t\t\t\t\t\t\t\t\t\t<div class=\"yuzo-img\" style=\"background:url('https:\/\/redept.com.br\/blogosfera\/wp-content\/uploads\/2024\/11\/copom-150x150.jpg') 50% 50% no-repeat;width: 125px;height:90px;margin-bottom: 5px;background-size: cover; \"><\/div>\n\t\t\t\t\t\t\t\t\t  <\/div>\n\t\t\t\t\t\t\t\t\t  \n\t\t\t\t\t\t\t\t   <span class=\"yuzo__text--title\" style=\"font-size:13px;\">Copom dissimula, cita \u201cincerteza\u201d nos EUA e eleva ...<\/span>\n\t\t\t\t\t\t\t  \n\t\t\t\t\t\t\t  \n\t\t\t\t\t\t\t  <\/a>\n\n\t\t\t\t\t\t  <\/div>\n\t\t\t\t\t\t  <div class=\"relatedthumb \" style=\"width:125px;float:left;overflow:hidden;\">  \n\t\t\t\t\t\t\t  \n\t\t\t\t\t\t\t  <a  href=\"https:\/\/redept.com.br\/blogosfera\/qual-a-receita-do-prefeito-do-recife-joao-campos-para-a-comunicacao-do-governo-lula\/\"  >\n\t\t\t\t\t\t\t\t\t  <div class=\"yuzo-img-wrap \" style=\"width: 125px;height:90px;\">\n\t\t\t\t\t\t\t\t\t\t\n\t\t\t\t\t\t\t\t\t\t<div class=\"yuzo-img\" style=\"background:url('https:\/\/redept.org\/blogosfera\/wp-content\/plugins\/yuzo-related-post\/assets\/images\/default.png') 50% 50% no-repeat;width: 125px;height:90px;margin-bottom: 5px;background-size: cover; \"><\/div>\n\t\t\t\t\t\t\t\t\t  <\/div>\n\t\t\t\t\t\t\t\t\t  \n\t\t\t\t\t\t\t\t   <span class=\"yuzo__text--title\" style=\"font-size:13px;\">Qual a receita do prefeito do Recife, Jo\u00e3o Campos,...<\/span>\n\t\t\t\t\t\t\t  \n\t\t\t\t\t\t\t  \n\t\t\t\t\t\t\t  <\/a>\n\n\t\t\t\t\t\t  <\/div>\n\t\t\t\t\t\t  <div class=\"relatedthumb \" style=\"width:125px;float:left;overflow:hidden;\">  \n\t\t\t\t\t\t\t  \n\t\t\t\t\t\t\t  <a  href=\"https:\/\/redept.com.br\/blogosfera\/cid-diz-que-entregou-dinheiro-em-sacola-a-pedido-de-braga-netto\/\"  >\n\t\t\t\t\t\t\t\t\t  <div class=\"yuzo-img-wrap \" style=\"width: 125px;height:90px;\">\n\t\t\t\t\t\t\t\t\t\t\n\t\t\t\t\t\t\t\t\t\t<div class=\"yuzo-img\" style=\"background:url('https:\/\/redept.org\/blogosfera\/wp-content\/plugins\/yuzo-related-post\/assets\/images\/default.png') 50% 50% no-repeat;width: 125px;height:90px;margin-bottom: 5px;background-size: cover; \"><\/div>\n\t\t\t\t\t\t\t\t\t  <\/div>\n\t\t\t\t\t\t\t\t\t  \n\t\t\t\t\t\t\t\t   <span class=\"yuzo__text--title\" style=\"font-size:13px;\">Cid diz que entregou dinheiro em sacola a pedido d...<\/span>\n\t\t\t\t\t\t\t  \n\t\t\t\t\t\t\t  \n\t\t\t\t\t\t\t  <\/a>\n\n\t\t\t\t\t\t  <\/div>\n<\/div> <script>\n\t\t\t\t\t\t  jQuery(document).ready(function( $ ){\n\t\t\t\t\t\t\t\/\/jQuery('.yuzo_related_post').equalizer({ overflow : 'relatedthumb' });\n\t\t\t\t\t\t\tjQuery('.yuzo_related_post .yuzo_wraps').equalizer({ columns : '> div' });\n\t\t\t\t\t\t   })\n\t\t\t\t\t\t  <\/script> <!-- End Yuzo :) -->","protected":false},"excerpt":{"rendered":"<p>Foto: Reproducci\u00f3n Por Florencia Abreg\u00faDel a P\u00e1gina del MST Las Madres de Plaza de Mayo comenzaron a encontrarse en comisar\u00edas, hospitales, tribunales, iglesias, pasillos de juzgados y edificios gubernamentales para buscar a sus hijos e hijas desaparecidas; en esos encuentros buscaban alg\u00fan dato que las llevara a dar con el paradero de ellos. Ante la [&hellip;]<\/p>\n","protected":false},"author":2,"featured_media":0,"comment_status":"open","ping_status":"closed","sticky":false,"template":"","format":"standard","meta":{"fifu_image_url":"","fifu_image_alt":"","footnotes":""},"categories":[22958,191],"tags":[],"class_list":["post-85287","post","type-post","status-publish","format-standard","hentry","category-maes-de-maio","category-noticias"],"_links":{"self":[{"href":"https:\/\/redept.com.br\/blogosfera\/wp-json\/wp\/v2\/posts\/85287","targetHints":{"allow":["GET"]}}],"collection":[{"href":"https:\/\/redept.com.br\/blogosfera\/wp-json\/wp\/v2\/posts"}],"about":[{"href":"https:\/\/redept.com.br\/blogosfera\/wp-json\/wp\/v2\/types\/post"}],"author":[{"embeddable":true,"href":"https:\/\/redept.com.br\/blogosfera\/wp-json\/wp\/v2\/users\/2"}],"replies":[{"embeddable":true,"href":"https:\/\/redept.com.br\/blogosfera\/wp-json\/wp\/v2\/comments?post=85287"}],"version-history":[{"count":0,"href":"https:\/\/redept.com.br\/blogosfera\/wp-json\/wp\/v2\/posts\/85287\/revisions"}],"wp:attachment":[{"href":"https:\/\/redept.com.br\/blogosfera\/wp-json\/wp\/v2\/media?parent=85287"}],"wp:term":[{"taxonomy":"category","embeddable":true,"href":"https:\/\/redept.com.br\/blogosfera\/wp-json\/wp\/v2\/categories?post=85287"},{"taxonomy":"post_tag","embeddable":true,"href":"https:\/\/redept.com.br\/blogosfera\/wp-json\/wp\/v2\/tags?post=85287"}],"curies":[{"name":"wp","href":"https:\/\/api.w.org\/{rel}","templated":true}]}}