{"id":85299,"date":"2026-04-29T11:43:49","date_gmt":"2026-04-29T14:43:49","guid":{"rendered":"https:\/\/redept.com.br\/blogosfera\/professor-diz-que-houve-avancos-no-3o-governo-lula-valorizacao-do-trabalhador-e-reducao-do-desemprego\/"},"modified":"2026-04-29T11:43:49","modified_gmt":"2026-04-29T14:43:49","slug":"professor-diz-que-houve-avancos-no-3o-governo-lula-valorizacao-do-trabalhador-e-reducao-do-desemprego","status":"publish","type":"post","link":"https:\/\/redept.com.br\/blogosfera\/professor-diz-que-houve-avancos-no-3o-governo-lula-valorizacao-do-trabalhador-e-reducao-do-desemprego\/","title":{"rendered":"Professor diz que houve avan\u00e7os no 3\u00ba governo Lula, valoriza\u00e7\u00e3o do trabalhador e redu\u00e7\u00e3o do desemprego"},"content":{"rendered":"<p>Estamos chegando em mais um Dia Internacional do Trabalhador e Trabalhadora, 1\u00ba de Maio, e com ele todas as discuss\u00f5es cl\u00e1ssicas da data voltam ao debate, com manifesta\u00e7\u00f5es, protestos, avan\u00e7os, retrocessos e tantas outras quest\u00f5es. C\u00e1ssio da Silva Calvete, professor de economia da Universidade Federal do Rio Grande do Sul (Ufrgs), doutor em economia social [\u2026]<\/p>\n<p><a href=\"https:\/\/www.brasildefato.com.br\/2026\/04\/29\/professor-diz-que-houve-avancos-no-3o-governo-lula-valorizacao-do-trabalhador-e-reducao-do-desemprego\/\" rel=\"nofollow\">Fonte<\/a><\/p>\n<!-- Begin Yuzo --><div class='yuzo_related_post style-1'  data-version='5.12.89'><!-- without result --><div class='yuzo_clearfixed yuzo__title yuzo__title'><h3>Related Post<\/h3><\/div>\n\t\t\t\t\t\t  <div class=\"relatedthumb \" style=\"width:125px;float:left;overflow:hidden;\">  \n\t\t\t\t\t\t\t  \n\t\t\t\t\t\t\t  <a  href=\"https:\/\/redept.com.br\/blogosfera\/fim-do-foro-e-golpe-centrao-manipula-bolsonaristas-para-manter-a-farra-das-emendas\/\"  >\n\t\t\t\t\t\t\t\t\t  <div class=\"yuzo-img-wrap \" style=\"width: 125px;height:90px;\">\n\t\t\t\t\t\t\t\t\t\t\n\t\t\t\t\t\t\t\t\t\t<div class=\"yuzo-img\" style=\"background:url('https:\/\/redept.org\/blogosfera\/wp-content\/plugins\/yuzo-related-post\/assets\/images\/default.png') 50% 50% no-repeat;width: 125px;height:90px;margin-bottom: 5px;background-size: cover; \"><\/div>\n\t\t\t\t\t\t\t\t\t  <\/div>\n\t\t\t\t\t\t\t\t\t  \n\t\t\t\t\t\t\t\t   <span class=\"yuzo__text--title\" style=\"font-size:13px;\">Fim do foro \u00e9 golpe: Centr\u00e3o manipula bolsonarista...<\/span>\n\t\t\t\t\t\t\t  \n\t\t\t\t\t\t\t  \n\t\t\t\t\t\t\t  <\/a>\n\n\t\t\t\t\t\t  <\/div>\n\t\t\t\t\t\t  <div class=\"relatedthumb \" style=\"width:125px;float:left;overflow:hidden;\">  \n\t\t\t\t\t\t\t  \n\t\t\t\t\t\t\t  <a  href=\"https:\/\/redept.com.br\/blogosfera\/eleicoes-no-chile-sudao-e-eua-no-caribe-sao-temas-do-janela-internacional\/\"  >\n\t\t\t\t\t\t\t\t\t  <div class=\"yuzo-img-wrap \" style=\"width: 125px;height:90px;\">\n\t\t\t\t\t\t\t\t\t\t\n\t\t\t\t\t\t\t\t\t\t<div class=\"yuzo-img\" style=\"background:url('https:\/\/redept.org\/blogosfera\/wp-content\/plugins\/yuzo-related-post\/assets\/images\/default.png') 50% 50% no-repeat;width: 125px;height:90px;margin-bottom: 5px;background-size: cover; \"><\/div>\n\t\t\t\t\t\t\t\t\t  <\/div>\n\t\t\t\t\t\t\t\t\t  \n\t\t\t\t\t\t\t\t   <span class=\"yuzo__text--title\" style=\"font-size:13px;\">Elei\u00e7\u00f5es no Chile, Sud\u00e3o e EUA no Caribe s\u00e3o temas...<\/span>\n\t\t\t\t\t\t\t  \n\t\t\t\t\t\t\t  \n\t\t\t\t\t\t\t  <\/a>\n\n\t\t\t\t\t\t  <\/div>\n\t\t\t\t\t\t  <div class=\"relatedthumb \" style=\"width:125px;float:left;overflow:hidden;\">  \n\t\t\t\t\t\t\t  \n\t\t\t\t\t\t\t  <a  href=\"https:\/\/redept.com.br\/blogosfera\/mudancas-climaticas-explicam-pior-incendio-da-historia-de-los-angeles-diz-professor-da-usp\/\"  >\n\t\t\t\t\t\t\t\t\t  <div class=\"yuzo-img-wrap \" style=\"width: 125px;height:90px;\">\n\t\t\t\t\t\t\t\t\t\t\n\t\t\t\t\t\t\t\t\t\t<div class=\"yuzo-img\" style=\"background:url('https:\/\/redept.org\/blogosfera\/wp-content\/plugins\/yuzo-related-post\/assets\/images\/default.png') 50% 50% no-repeat;width: 125px;height:90px;margin-bottom: 5px;background-size: cover; \"><\/div>\n\t\t\t\t\t\t\t\t\t  <\/div>\n\t\t\t\t\t\t\t\t\t  \n\t\t\t\t\t\t\t\t   <span class=\"yuzo__text--title\" style=\"font-size:13px;\">Mudan\u00e7as clim\u00e1ticas explicam pior inc\u00eandio da hist...<\/span>\n\t\t\t\t\t\t\t  \n\t\t\t\t\t\t\t  \n\t\t\t\t\t\t\t  <\/a>\n\n\t\t\t\t\t\t  <\/div>\n\t\t\t\t\t\t  <div class=\"relatedthumb \" style=\"width:125px;float:left;overflow:hidden;\">  \n\t\t\t\t\t\t\t  \n\t\t\t\t\t\t\t  <a  href=\"https:\/\/redept.com.br\/blogosfera\/governo-libera-saldo-do-fgts-retido-pelo-saque-aniversario\/\"  >\n\t\t\t\t\t\t\t\t\t  <div class=\"yuzo-img-wrap \" style=\"width: 125px;height:90px;\">\n\t\t\t\t\t\t\t\t\t\t\n\t\t\t\t\t\t\t\t\t\t<div class=\"yuzo-img\" style=\"background:url('https:\/\/redept.org\/blogosfera\/wp-content\/plugins\/yuzo-related-post\/assets\/images\/default.png') 50% 50% no-repeat;width: 125px;height:90px;margin-bottom: 5px;background-size: cover; \"><\/div>\n\t\t\t\t\t\t\t\t\t  <\/div>\n\t\t\t\t\t\t\t\t\t  \n\t\t\t\t\t\t\t\t   <span class=\"yuzo__text--title\" style=\"font-size:13px;\">Governo libera saldo do FGTS retido pelo saque-ani...<\/span>\n\t\t\t\t\t\t\t  \n\t\t\t\t\t\t\t  \n\t\t\t\t\t\t\t  <\/a>\n\n\t\t\t\t\t\t  <\/div>\n<\/div> <script>\n\t\t\t\t\t\t  jQuery(document).ready(function( $ ){\n\t\t\t\t\t\t\t\/\/jQuery('.yuzo_related_post').equalizer({ overflow : 'relatedthumb' });\n\t\t\t\t\t\t\tjQuery('.yuzo_related_post .yuzo_wraps').equalizer({ columns : '> div' });\n\t\t\t\t\t\t   })\n\t\t\t\t\t\t  <\/script> <!-- End Yuzo :) -->","protected":false},"excerpt":{"rendered":"<p>Estamos chegando em mais um Dia Internacional do Trabalhador e Trabalhadora, 1\u00ba de Maio, e com ele todas as discuss\u00f5es cl\u00e1ssicas da data voltam ao debate, com manifesta\u00e7\u00f5es, protestos, avan\u00e7os, retrocessos e tantas outras quest\u00f5es. C\u00e1ssio da Silva Calvete, professor de economia da Universidade Federal do Rio Grande do Sul (Ufrgs), doutor em economia social [&hellip;]<\/p>\n","protected":false},"author":2,"featured_media":0,"comment_status":"open","ping_status":"closed","sticky":false,"template":"","format":"standard","meta":{"fifu_image_url":"","fifu_image_alt":"","footnotes":""},"categories":[3936,272,1014,18539,388,27409,651,5225,4126,1679,4612,1963,423,17,1031,2161,8482,8897,2735,41260,35716,1865,52784,1970,52785,39072,474,4679,29254,2248,5815],"tags":[],"class_list":["post-85299","post","type-post","status-publish","format-standard","hentry","category-1o-de-maio","category-argentina","category-classe-trabalhadora","category-condicoes-de-trabalho","category-congresso-nacional","category-contrarreforma-trabalhista","category-desemprego","category-dia-do-trabalhador","category-direitos","category-direitos-trabalhistas","category-entregadores","category-escala-6x1","category-extrema-direita","category-governo-lula","category-mercado-de-trabalho","category-milei","category-motoristas-de-aplicativo","category-negociacao-coletiva","category-oposicao","category-organizacao-sindical","category-pec-da-jornada","category-precarizacao","category-projeto-de-lei-complementar-12-2024","category-reducao-da-jornada-de-trabalho","category-reforma-trabalhista-2017","category-regulamentacao-de-aplicativos","category-sindicatos","category-taxa-de-desemprego","category-terceiro-governo-lula","category-uberizacao","category-valorizacao-do-salario-minimo"],"_links":{"self":[{"href":"https:\/\/redept.com.br\/blogosfera\/wp-json\/wp\/v2\/posts\/85299","targetHints":{"allow":["GET"]}}],"collection":[{"href":"https:\/\/redept.com.br\/blogosfera\/wp-json\/wp\/v2\/posts"}],"about":[{"href":"https:\/\/redept.com.br\/blogosfera\/wp-json\/wp\/v2\/types\/post"}],"author":[{"embeddable":true,"href":"https:\/\/redept.com.br\/blogosfera\/wp-json\/wp\/v2\/users\/2"}],"replies":[{"embeddable":true,"href":"https:\/\/redept.com.br\/blogosfera\/wp-json\/wp\/v2\/comments?post=85299"}],"version-history":[{"count":0,"href":"https:\/\/redept.com.br\/blogosfera\/wp-json\/wp\/v2\/posts\/85299\/revisions"}],"wp:attachment":[{"href":"https:\/\/redept.com.br\/blogosfera\/wp-json\/wp\/v2\/media?parent=85299"}],"wp:term":[{"taxonomy":"category","embeddable":true,"href":"https:\/\/redept.com.br\/blogosfera\/wp-json\/wp\/v2\/categories?post=85299"},{"taxonomy":"post_tag","embeddable":true,"href":"https:\/\/redept.com.br\/blogosfera\/wp-json\/wp\/v2\/tags?post=85299"}],"curies":[{"name":"wp","href":"https:\/\/api.w.org\/{rel}","templated":true}]}}