{"id":85307,"date":"2026-04-29T11:54:44","date_gmt":"2026-04-29T14:54:44","guid":{"rendered":"https:\/\/redept.com.br\/blogosfera\/onu-diz-que-cessar-fogo-em-gaza-esta-cada-vez-mais-fragil-apos-novos-ataques\/"},"modified":"2026-04-29T11:54:44","modified_gmt":"2026-04-29T14:54:44","slug":"onu-diz-que-cessar-fogo-em-gaza-esta-cada-vez-mais-fragil-apos-novos-ataques","status":"publish","type":"post","link":"https:\/\/redept.com.br\/blogosfera\/onu-diz-que-cessar-fogo-em-gaza-esta-cada-vez-mais-fragil-apos-novos-ataques\/","title":{"rendered":"ONU diz que cessar-fogo em Gaza est\u00e1 \u201ccada vez mais fr\u00e1gil\u201d ap\u00f3s novos ataques"},"content":{"rendered":"<p><img fetchpriority=\"high\" width=\"800\" height=\"533\"src=\"https:\/\/redept.com.br\/blogosfera\/wp-content\/uploads\/2026\/04\/LAS-UN_result.jpg\" alt=\"\" decoding=\"async\" srcset=\"https:\/\/redept.com.br\/blogosfera\/wp-content\/uploads\/2026\/04\/LAS-UN_result.jpg 800w, https:\/\/vermelho.org.br\/wp-content\/uploads\/2026\/04\/LAS-UN_result-300x200.jpg 300w, https:\/\/vermelho.org.br\/wp-content\/uploads\/2026\/04\/LAS-UN_result-768x512.jpg 768w, https:\/\/vermelho.org.br\/wp-content\/uploads\/2026\/04\/LAS-UN_result-272x182.jpg 272w\" sizes=\"(max-width: 800px) 100vw, 800px\"><\/p>\n<p>O vice-secret\u00e1rio-geral da ONU para Assuntos Pol\u00edticos Khaled Khiari, alertou nesta ter\u00e7a-feira (28), em reuni\u00e3o do Conselho de Seguran\u00e7a, que o cessar-fogo na Palestina est\u00e1 \u201ccada vez mais fr\u00e1gil\u201d, diante da continuidade dos ataques israelenses e do agravamento das condi\u00e7\u00f5es humanit\u00e1rias no territ\u00f3rio.\u00a0<\/p>\n<p>Segundo o representante das Na\u00e7\u00f5es Unidas, centenas de palestinos foram mortos em Gaza e na Cisjord\u00e2nia desde o in\u00edcio da tr\u00e9gua, enquanto cerca de 1,8 milh\u00e3o de pessoas permanecem deslocadas.<\/p>\n<p>\u201cEm Gaza, o cessar-fogo est\u00e1 cada vez mais fr\u00e1gil, \u00e0 medida que ataques israelenses e atividades armadas do Hamas e de outros grupos continuam\u201d, alertou Khiari.<\/p>\n<p>Apesar da falsa equival\u00eancia entre a agress\u00e3o sionista e a resist\u00eancia palestina, Khiari, em sua fala em Nova York, deu centralidade ao impacto dos ataques israelenses sobre a popula\u00e7\u00e3o civil, destacando o n\u00famero de mortos e o agravamento das condi\u00e7\u00f5es de vida no territ\u00f3rio.<\/p>\n<p>\u201cOs civis continuam a suportar o peso da viol\u00eancia em curso. De acordo com o Minist\u00e9rio da Sa\u00fade em Gaza, desde o in\u00edcio do cessar-fogo, aproximadamente 800 palestinos, incluindo mais de 200 crian\u00e7as, e sete trabalhadores humanit\u00e1rios foram mortos como resultado de ataques a\u00e9reos, bombardeios e tiros israelenses\u201d, afirmou.<\/p>\n<p>\u201cAs tens\u00f5es e hostilidades que abalaram o Oriente M\u00e9dio nas \u00faltimas semanas desviaram a aten\u00e7\u00e3o da situa\u00e7\u00e3o no Territ\u00f3rio Palestino Ocupado. Fora dos holofotes, a situa\u00e7\u00e3o em Gaza e na Cisjord\u00e2nia, incluindo Jerusal\u00e9m Oriental, est\u00e1 se deteriorando constantemente\u201d, alertou o representante.<\/p>\n<p>Segundo o Minist\u00e9rio da Sa\u00fade de Gaza, desde o in\u00edcio do cessar-fogo, aproximadamente 800 palestinos, incluindo mais de 200 crian\u00e7as e sete trabalhadores humanit\u00e1rios, foram mortos em ataques israelenses.<\/p>\n<p>De forma c\u00ednica, as For\u00e7as de Defesa de Israel declararam que seus ataques tiveram como alvo militantes e instala\u00e7\u00f5es do Hamas.<\/p>\n<p>Khiari disse que apesar de m\u00faltiplos esfor\u00e7os diplom\u00e1ticos, as negocia\u00e7\u00f5es sobre o desarmamento do Hamas e de outros grupos armados n\u00e3o resultaram, at\u00e9 o momento, em qualquer acordo.<\/p>\n<p>De acordo com dados mais recentes, cerca de 1,8 milh\u00e3o de pessoas, quase toda a popula\u00e7\u00e3o de Gaza, est\u00e3o deslocadas e vivendo em acampamentos, dependendo de ajuda em meio ao fogo cruzado, infraestrutura devastada e riscos crescentes \u00e0 sa\u00fade.<\/p>\n<p>A diretora do Escrit\u00f3rio Regional da Organiza\u00e7\u00e3o Mundial da Sa\u00fade, OMS, para o Mediterr\u00e2neo Oriental, Hanan Balkhy, afirmou estar \u201cprofundamente preocupada\u201d com o que os profissionais de sa\u00fade e humanit\u00e1rios est\u00e3o relatando nos locais de deslocamento em Gaza.\u00a0<\/p>\n<p>Uma avalia\u00e7\u00e3o r\u00e1pida realizada em mais de 1,6 mil locais constatou que 80% apresentam presen\u00e7a frequente e vis\u00edvel de roedores e pragas, afetando 1,45 milh\u00e3o de pessoas.\u00a0<\/p>\n<p>Mais de 80% relataram infec\u00e7\u00f5es cut\u00e2neas, incluindo sarna, piolhos e percevejos, com mais de 70 mil casos registrados este ano.<\/p>\n<p><strong>Israel mant\u00e9m ataques em Gaza e amplia ofensiva no sul do L\u00edbano<\/strong><\/p>\n<p>Novos ataques israelenses registrados nas \u00faltimas horas refor\u00e7am o alerta da ONU sobre a fragilidade do cessar-fogo em Gaza.\u00a0<\/p>\n<p>Nesta quarta-feira (29), um palestino foi morto e outros dois ficaram feridos ap\u00f3s bombardeios com drones e disparos de for\u00e7as israelenses em diferentes \u00e1reas do territ\u00f3rio, incluindo Cidade de Gaza, Beit Lahia e Khan Younis.\u00a0<\/p>\n<p>Testemunhas tamb\u00e9m relataram a destrui\u00e7\u00e3o de casas e edif\u00edcios residenciais, atingidos por artilharia e ataques a\u00e9reos, mesmo com a tr\u00e9gua em vigor desde outubro de 2025.<\/p>\n<p>A escalada tamb\u00e9m se estende para al\u00e9m de Gaza. No sul do L\u00edbano, ataques israelenses continuam sendo registrados mesmo ap\u00f3s o an\u00fancio de cessar-fogo em 16 de abril.\u00a0<\/p>\n<p>Na noite de ter\u00e7a-feira (28), um bombardeio a\u00e9reo destruiu uma resid\u00eancia na regi\u00e3o de Nabatieh e matou cinco membros de uma mesma fam\u00edlia, incluindo duas crian\u00e7as. O epis\u00f3dio foi classificado pelo primeiro-ministro liban\u00eas, Nawaf Salam, como um \u201ccrime hediondo\u201d e uma viola\u00e7\u00e3o flagrante do direito internacional.<\/p>\n<p>Autoridades libanesas denunciam que Israel tem mantido ataques quase di\u00e1rios, com uso de drones, artilharia pesada e bombardeios a\u00e9reos contra vilarejos do sul do pa\u00eds. <\/p>\n<p>Desde o in\u00edcio da escalada, em 2 de mar\u00e7o, mais de 2,5 mil pessoas foram mortas e milhares ficaram feridas, enquanto comunidades inteiras v\u00eam sendo deslocadas e infraestrutura civil \u2014 incluindo escolas e centros de ensino \u2014 tem sido destru\u00edda.<\/p>\n<p>O post <a href=\"https:\/\/vermelho.org.br\/2026\/04\/29\/onu-diz-que-cessar-fogo-em-gaza-esta-cada-vez-mais-fragil-apos-novos-ataques\/\">ONU diz que cessar-fogo em Gaza est\u00e1 \u201ccada vez mais fr\u00e1gil\u201d ap\u00f3s novos ataques<\/a> apareceu primeiro em <a href=\"https:\/\/vermelho.org.br\/\">Vermelho<\/a>.<\/p>\n<!-- Begin Yuzo --><div class='yuzo_related_post style-1'  data-version='5.12.89'><!-- without result --><div class='yuzo_clearfixed yuzo__title yuzo__title'><h3>Related Post<\/h3><\/div>\n\t\t\t\t\t\t  <div class=\"relatedthumb \" style=\"width:125px;float:left;overflow:hidden;\">  \n\t\t\t\t\t\t\t  \n\t\t\t\t\t\t\t  <a  href=\"https:\/\/redept.com.br\/blogosfera\/porto-alegre-vereadora-denuncia-descaso-com-acervo-do-centro-de-referencia-do-negro\/\"  >\n\t\t\t\t\t\t\t\t\t  <div class=\"yuzo-img-wrap \" style=\"width: 125px;height:90px;\">\n\t\t\t\t\t\t\t\t\t\t\n\t\t\t\t\t\t\t\t\t\t<div class=\"yuzo-img\" style=\"background:url('https:\/\/redept.org\/blogosfera\/wp-content\/plugins\/yuzo-related-post\/assets\/images\/default.png') 50% 50% no-repeat;width: 125px;height:90px;margin-bottom: 5px;background-size: cover; \"><\/div>\n\t\t\t\t\t\t\t\t\t  <\/div>\n\t\t\t\t\t\t\t\t\t  \n\t\t\t\t\t\t\t\t   <span class=\"yuzo__text--title\" style=\"font-size:13px;\">Porto Alegre: Vereadora denuncia descaso com acerv...<\/span>\n\t\t\t\t\t\t\t  \n\t\t\t\t\t\t\t  \n\t\t\t\t\t\t\t  <\/a>\n\n\t\t\t\t\t\t  <\/div>\n\t\t\t\t\t\t  <div class=\"relatedthumb \" style=\"width:125px;float:left;overflow:hidden;\">  \n\t\t\t\t\t\t\t  \n\t\t\t\t\t\t\t  <a  href=\"https:\/\/sul21.com.br\/opiniao\/2025\/10\/quando-a-direita-de-porto-alegre-vai-comecar-a-apanhar-nas-urnas-por-thomaz-franck-bergman\/\"  >\n\t\t\t\t\t\t\t\t\t  <div class=\"yuzo-img-wrap \" style=\"width: 125px;height:90px;\">\n\t\t\t\t\t\t\t\t\t\t\n\t\t\t\t\t\t\t\t\t\t<div class=\"yuzo-img\" style=\"background:url('https:\/\/redept.org\/blogosfera\/wp-content\/plugins\/yuzo-related-post\/assets\/images\/default.png') 50% 50% no-repeat;width: 125px;height:90px;margin-bottom: 5px;background-size: cover; \"><\/div>\n\t\t\t\t\t\t\t\t\t  <\/div>\n\t\t\t\t\t\t\t\t\t  \n\t\t\t\t\t\t\t\t   <span class=\"yuzo__text--title\" style=\"font-size:13px;\">Quando a direita de Porto Alegre vai come\u00e7ar a apa...<\/span>\n\t\t\t\t\t\t\t  \n\t\t\t\t\t\t\t  \n\t\t\t\t\t\t\t  <\/a>\n\n\t\t\t\t\t\t  <\/div>\n\t\t\t\t\t\t  <div class=\"relatedthumb \" style=\"width:125px;float:left;overflow:hidden;\">  \n\t\t\t\t\t\t\t  \n\t\t\t\t\t\t\t  <a  href=\"https:\/\/redept.com.br\/blogosfera\/governo-investiu-r-860-milhoes-no-programa-de-aquisicao-de-alimentos-em-2025\/\"  >\n\t\t\t\t\t\t\t\t\t  <div class=\"yuzo-img-wrap \" style=\"width: 125px;height:90px;\">\n\t\t\t\t\t\t\t\t\t\t\n\t\t\t\t\t\t\t\t\t\t<div class=\"yuzo-img\" style=\"background:url('https:\/\/redept.org\/blogosfera\/wp-content\/plugins\/yuzo-related-post\/assets\/images\/default.png') 50% 50% no-repeat;width: 125px;height:90px;margin-bottom: 5px;background-size: cover; \"><\/div>\n\t\t\t\t\t\t\t\t\t  <\/div>\n\t\t\t\t\t\t\t\t\t  \n\t\t\t\t\t\t\t\t   <span class=\"yuzo__text--title\" style=\"font-size:13px;\">Governo investiu R$ 860 milh\u00f5es no Programa de Aqu...<\/span>\n\t\t\t\t\t\t\t  \n\t\t\t\t\t\t\t  \n\t\t\t\t\t\t\t  <\/a>\n\n\t\t\t\t\t\t  <\/div>\n\t\t\t\t\t\t  <div class=\"relatedthumb \" style=\"width:125px;float:left;overflow:hidden;\">  \n\t\t\t\t\t\t\t  \n\t\t\t\t\t\t\t  <a  href=\"https:\/\/redept.com.br\/blogosfera\/stf-pode-reverter-reforma-da-previdencia-em-julgamento-de-adis-que-contestam-pontos-cruciais\/\"  >\n\t\t\t\t\t\t\t\t\t  <div class=\"yuzo-img-wrap \" style=\"width: 125px;height:90px;\">\n\t\t\t\t\t\t\t\t\t\t\n\t\t\t\t\t\t\t\t\t\t<div class=\"yuzo-img\" style=\"background:url('https:\/\/redept.org\/blogosfera\/wp-content\/plugins\/yuzo-related-post\/assets\/images\/default.png') 50% 50% no-repeat;width: 125px;height:90px;margin-bottom: 5px;background-size: cover; \"><\/div>\n\t\t\t\t\t\t\t\t\t  <\/div>\n\t\t\t\t\t\t\t\t\t  \n\t\t\t\t\t\t\t\t   <span class=\"yuzo__text--title\" style=\"font-size:13px;\">STF pode reverter reforma da Previd\u00eancia em julgam...<\/span>\n\t\t\t\t\t\t\t  \n\t\t\t\t\t\t\t  \n\t\t\t\t\t\t\t  <\/a>\n\n\t\t\t\t\t\t  <\/div>\n<\/div> <script>\n\t\t\t\t\t\t  jQuery(document).ready(function( $ ){\n\t\t\t\t\t\t\t\/\/jQuery('.yuzo_related_post').equalizer({ overflow : 'relatedthumb' });\n\t\t\t\t\t\t\tjQuery('.yuzo_related_post .yuzo_wraps').equalizer({ columns : '> div' });\n\t\t\t\t\t\t   })\n\t\t\t\t\t\t  <\/script> <!-- End Yuzo :) -->","protected":false},"excerpt":{"rendered":"<p>O vice-secret\u00e1rio-geral da ONU para Assuntos Pol\u00edticos Khaled Khiari, alertou nesta ter\u00e7a-feira (28), em reuni\u00e3o do Conselho de Seguran\u00e7a, que o cessar-fogo na Palestina est\u00e1 \u201ccada vez mais fr\u00e1gil\u201d, diante da continuidade dos ataques israelenses e do agravamento das condi\u00e7\u00f5es humanit\u00e1rias no territ\u00f3rio.\u00a0 Segundo o representante das Na\u00e7\u00f5es Unidas, centenas de palestinos foram mortos em [&hellip;]<\/p>\n","protected":false},"author":2,"featured_media":0,"comment_status":"open","ping_status":"closed","sticky":false,"template":"","format":"standard","meta":{"fifu_image_url":"","fifu_image_alt":"","footnotes":""},"categories":[2000,7656,4129,52,50,25,519,267,54],"tags":[],"class_list":["post-85307","post","type-post","status-publish","format-standard","hentry","category-cessar-fogo","category-conselho-de-seguranca","category-crise-humanitaria","category-gaza","category-internacional","category-israel","category-libano","category-onu","category-palestina"],"_links":{"self":[{"href":"https:\/\/redept.com.br\/blogosfera\/wp-json\/wp\/v2\/posts\/85307","targetHints":{"allow":["GET"]}}],"collection":[{"href":"https:\/\/redept.com.br\/blogosfera\/wp-json\/wp\/v2\/posts"}],"about":[{"href":"https:\/\/redept.com.br\/blogosfera\/wp-json\/wp\/v2\/types\/post"}],"author":[{"embeddable":true,"href":"https:\/\/redept.com.br\/blogosfera\/wp-json\/wp\/v2\/users\/2"}],"replies":[{"embeddable":true,"href":"https:\/\/redept.com.br\/blogosfera\/wp-json\/wp\/v2\/comments?post=85307"}],"version-history":[{"count":0,"href":"https:\/\/redept.com.br\/blogosfera\/wp-json\/wp\/v2\/posts\/85307\/revisions"}],"wp:attachment":[{"href":"https:\/\/redept.com.br\/blogosfera\/wp-json\/wp\/v2\/media?parent=85307"}],"wp:term":[{"taxonomy":"category","embeddable":true,"href":"https:\/\/redept.com.br\/blogosfera\/wp-json\/wp\/v2\/categories?post=85307"},{"taxonomy":"post_tag","embeddable":true,"href":"https:\/\/redept.com.br\/blogosfera\/wp-json\/wp\/v2\/tags?post=85307"}],"curies":[{"name":"wp","href":"https:\/\/api.w.org\/{rel}","templated":true}]}}