{"id":85312,"date":"2026-04-29T12:34:12","date_gmt":"2026-04-29T15:34:12","guid":{"rendered":"https:\/\/redept.com.br\/blogosfera\/com-cargill-e-jbs-agronegocio-lidera-lista-de-empresas-que-movimentam-quase-r-50-bilhoes-em-cadeias-produtivas-ligadas-ao-trabalho-escravo\/"},"modified":"2026-04-29T12:34:12","modified_gmt":"2026-04-29T15:34:12","slug":"com-cargill-e-jbs-agronegocio-lidera-lista-de-empresas-que-movimentam-quase-r-50-bilhoes-em-cadeias-produtivas-ligadas-ao-trabalho-escravo","status":"publish","type":"post","link":"https:\/\/redept.com.br\/blogosfera\/com-cargill-e-jbs-agronegocio-lidera-lista-de-empresas-que-movimentam-quase-r-50-bilhoes-em-cadeias-produtivas-ligadas-ao-trabalho-escravo\/","title":{"rendered":"Com Cargill e JBS, agroneg\u00f3cio lidera lista de empresas que movimentam quase R$ 50 bilh\u00f5es em cadeias produtivas ligadas ao trabalho escravo"},"content":{"rendered":"<p>Empresas do agroneg\u00f3cio, como as gigantes Cargill e JBS, est\u00e3o entre os principais alvos de a\u00e7\u00f5es do Minist\u00e9rio P\u00fablico do Trabalho (MPT) por apresentarem irregularidades trabalhistas em suas cadeias produtivas.\u00a0S\u00e3o mais de 50 grandes empresas, respons\u00e1veis por movimentar mais de R$ 48 bilh\u00f5es, que possuem cadeias produtivas contaminadas por trabalho escravo no Brasil.\u00a0 Os dados [\u2026]<\/p>\n<p><a href=\"https:\/\/www.brasildefato.com.br\/2026\/04\/29\/com-cargill-e-jbs-agronegocio-lidera-lista-de-empresas-que-movimentam-quase-r-50-bilhoes-em-cadeias-produtivas-ligadas-ao-trabalho-escravo\/\" rel=\"nofollow\">Fonte<\/a><\/p>\n<!-- Begin Yuzo --><div class='yuzo_related_post style-1'  data-version='5.12.89'><!-- without result --><div class='yuzo_clearfixed yuzo__title yuzo__title'><h3>Related Post<\/h3><\/div>\n\t\t\t\t\t\t  <div class=\"relatedthumb \" style=\"width:125px;float:left;overflow:hidden;\">  \n\t\t\t\t\t\t\t  \n\t\t\t\t\t\t\t  <a  href=\"https:\/\/redept.com.br\/blogosfera\/master-tinha-apenas-r-4-mi-em-caixa-antes-de-quebrar-revela-diretor-do-bc\/\"  >\n\t\t\t\t\t\t\t\t\t  <div class=\"yuzo-img-wrap \" style=\"width: 125px;height:90px;\">\n\t\t\t\t\t\t\t\t\t\t\n\t\t\t\t\t\t\t\t\t\t<div class=\"yuzo-img\" style=\"background:url('https:\/\/redept.com.br\/blogosfera\/wp-content\/uploads\/2026\/01\/Vorcaro-150x150.jpg') 50% 50% no-repeat;width: 125px;height:90px;margin-bottom: 5px;background-size: cover; \"><\/div>\n\t\t\t\t\t\t\t\t\t  <\/div>\n\t\t\t\t\t\t\t\t\t  \n\t\t\t\t\t\t\t\t   <span class=\"yuzo__text--title\" style=\"font-size:13px;\">Master tinha apenas R$ 4 mi em caixa antes de queb...<\/span>\n\t\t\t\t\t\t\t  \n\t\t\t\t\t\t\t  \n\t\t\t\t\t\t\t  <\/a>\n\n\t\t\t\t\t\t  <\/div>\n\t\t\t\t\t\t  <div class=\"relatedthumb \" style=\"width:125px;float:left;overflow:hidden;\">  \n\t\t\t\t\t\t\t  \n\t\t\t\t\t\t\t  <a  href=\"https:\/\/redept.com.br\/blogosfera\/os-marcos-do-governo-de-pepe-mujica\/\"  >\n\t\t\t\t\t\t\t\t\t  <div class=\"yuzo-img-wrap \" style=\"width: 125px;height:90px;\">\n\t\t\t\t\t\t\t\t\t\t\n\t\t\t\t\t\t\t\t\t\t<div class=\"yuzo-img\" style=\"background:url('https:\/\/redept.org\/blogosfera\/wp-content\/plugins\/yuzo-related-post\/assets\/images\/default.png') 50% 50% no-repeat;width: 125px;height:90px;margin-bottom: 5px;background-size: cover; \"><\/div>\n\t\t\t\t\t\t\t\t\t  <\/div>\n\t\t\t\t\t\t\t\t\t  \n\t\t\t\t\t\t\t\t   <span class=\"yuzo__text--title\" style=\"font-size:13px;\">Os marcos do governo de Pepe Mujica<\/span>\n\t\t\t\t\t\t\t  \n\t\t\t\t\t\t\t  \n\t\t\t\t\t\t\t  <\/a>\n\n\t\t\t\t\t\t  <\/div>\n\t\t\t\t\t\t  <div class=\"relatedthumb \" style=\"width:125px;float:left;overflow:hidden;\">  \n\t\t\t\t\t\t\t  \n\t\t\t\t\t\t\t  <a  href=\"https:\/\/redept.com.br\/blogosfera\/corpo-de-pianista-brasileiro-francisco-tenorio-e-identificado-na-argentina\/\"  >\n\t\t\t\t\t\t\t\t\t  <div class=\"yuzo-img-wrap \" style=\"width: 125px;height:90px;\">\n\t\t\t\t\t\t\t\t\t\t\n\t\t\t\t\t\t\t\t\t\t<div class=\"yuzo-img\" style=\"background:url('https:\/\/redept.com.br\/blogosfera\/wp-content\/uploads\/2025\/09\/image-processing20200201-29235-q9xt2d-150x150.jpg') 50% 50% no-repeat;width: 125px;height:90px;margin-bottom: 5px;background-size: cover; \"><\/div>\n\t\t\t\t\t\t\t\t\t  <\/div>\n\t\t\t\t\t\t\t\t\t  \n\t\t\t\t\t\t\t\t   <span class=\"yuzo__text--title\" style=\"font-size:13px;\">Corpo de pianista brasileiro, Francisco Ten\u00f3rio, \u00e9...<\/span>\n\t\t\t\t\t\t\t  \n\t\t\t\t\t\t\t  \n\t\t\t\t\t\t\t  <\/a>\n\n\t\t\t\t\t\t  <\/div>\n\t\t\t\t\t\t  <div class=\"relatedthumb \" style=\"width:125px;float:left;overflow:hidden;\">  \n\t\t\t\t\t\t\t  \n\t\t\t\t\t\t\t  <a  href=\"https:\/\/redept.com.br\/blogosfera\/airton-faleiro-defensor-do-meio-ambiente-e-das-populacoes-mais-vulneraveis\/\"  >\n\t\t\t\t\t\t\t\t\t  <div class=\"yuzo-img-wrap \" style=\"width: 125px;height:90px;\">\n\t\t\t\t\t\t\t\t\t\t\n\t\t\t\t\t\t\t\t\t\t<div class=\"yuzo-img\" style=\"background:url('https:\/\/redept.com.br\/blogosfera\/wp-content\/uploads\/2024\/12\/1f4fb.png') 50% 50% no-repeat;width: 125px;height:90px;margin-bottom: 5px;background-size: cover; \"><\/div>\n\t\t\t\t\t\t\t\t\t  <\/div>\n\t\t\t\t\t\t\t\t\t  \n\t\t\t\t\t\t\t\t   <span class=\"yuzo__text--title\" style=\"font-size:13px;\">Airton Faleiro defensor do meio ambiente e das pop...<\/span>\n\t\t\t\t\t\t\t  \n\t\t\t\t\t\t\t  \n\t\t\t\t\t\t\t  <\/a>\n\n\t\t\t\t\t\t  <\/div>\n<\/div> <script>\n\t\t\t\t\t\t  jQuery(document).ready(function( $ ){\n\t\t\t\t\t\t\t\/\/jQuery('.yuzo_related_post').equalizer({ overflow : 'relatedthumb' });\n\t\t\t\t\t\t\tjQuery('.yuzo_related_post .yuzo_wraps').equalizer({ columns : '> div' });\n\t\t\t\t\t\t   })\n\t\t\t\t\t\t  <\/script> <!-- End Yuzo :) -->","protected":false},"excerpt":{"rendered":"<p>Empresas do agroneg\u00f3cio, como as gigantes Cargill e JBS, est\u00e3o entre os principais alvos de a\u00e7\u00f5es do Minist\u00e9rio P\u00fablico do Trabalho (MPT) por apresentarem irregularidades trabalhistas em suas cadeias produtivas.\u00a0S\u00e3o mais de 50 grandes empresas, respons\u00e1veis por movimentar mais de R$ 48 bilh\u00f5es, que possuem cadeias produtivas contaminadas por trabalho escravo no Brasil.\u00a0 Os dados [&hellip;]<\/p>\n","protected":false},"author":2,"featured_media":0,"comment_status":"open","ping_status":"closed","sticky":false,"template":"","format":"standard","meta":{"fifu_image_url":"","fifu_image_alt":"","footnotes":""},"categories":[52821,117,3830,52822,45,5227,52823,5880,15597,23691,4926,52824,307,7144,6603,40949,5891,5907,8779,1540,987,52825,29502,52826,4267,7079,44105,377,985,974,2288],"tags":[],"class_list":["post-85312","post","type-post","status-publish","format-standard","hentry","category-acoes-civis-publicas","category-agronegocio","category-agropecuaria","category-auditorias","category-brasil","category-cadeias-produtivas","category-cafeicultura","category-cana-de-acucar","category-cargill","category-carvao-vegetal","category-construcao-civil","category-devida-diligencia","category-direitos-humanos","category-escravidao-contemporanea","category-fiscalizacao","category-industria-textil","category-jbs","category-ministerio-publico-do-trabalho","category-moda","category-mpt","category-pecuaria","category-reacao-em-cadeia","category-setor-de-combustiveis","category-setor-supermercadista","category-siderurgia","category-soja","category-termos-de-ajuste-de-conduta","category-trabalho","category-trabalho-analogo-a-escravidao","category-trabalho-escravo","category-transparencia"],"_links":{"self":[{"href":"https:\/\/redept.com.br\/blogosfera\/wp-json\/wp\/v2\/posts\/85312","targetHints":{"allow":["GET"]}}],"collection":[{"href":"https:\/\/redept.com.br\/blogosfera\/wp-json\/wp\/v2\/posts"}],"about":[{"href":"https:\/\/redept.com.br\/blogosfera\/wp-json\/wp\/v2\/types\/post"}],"author":[{"embeddable":true,"href":"https:\/\/redept.com.br\/blogosfera\/wp-json\/wp\/v2\/users\/2"}],"replies":[{"embeddable":true,"href":"https:\/\/redept.com.br\/blogosfera\/wp-json\/wp\/v2\/comments?post=85312"}],"version-history":[{"count":0,"href":"https:\/\/redept.com.br\/blogosfera\/wp-json\/wp\/v2\/posts\/85312\/revisions"}],"wp:attachment":[{"href":"https:\/\/redept.com.br\/blogosfera\/wp-json\/wp\/v2\/media?parent=85312"}],"wp:term":[{"taxonomy":"category","embeddable":true,"href":"https:\/\/redept.com.br\/blogosfera\/wp-json\/wp\/v2\/categories?post=85312"},{"taxonomy":"post_tag","embeddable":true,"href":"https:\/\/redept.com.br\/blogosfera\/wp-json\/wp\/v2\/tags?post=85312"}],"curies":[{"name":"wp","href":"https:\/\/api.w.org\/{rel}","templated":true}]}}