{"id":85313,"date":"2026-04-29T12:56:36","date_gmt":"2026-04-29T15:56:36","guid":{"rendered":"https:\/\/redept.com.br\/blogosfera\/deputada-estadual-dani-balbi-realiza-plenaria-para-construcao-de-programa-eleitoral-participativo\/"},"modified":"2026-04-29T12:56:36","modified_gmt":"2026-04-29T15:56:36","slug":"deputada-estadual-dani-balbi-realiza-plenaria-para-construcao-de-programa-eleitoral-participativo","status":"publish","type":"post","link":"https:\/\/redept.com.br\/blogosfera\/deputada-estadual-dani-balbi-realiza-plenaria-para-construcao-de-programa-eleitoral-participativo\/","title":{"rendered":"Deputada estadual Dani Balbi realiza plen\u00e1ria para constru\u00e7\u00e3o de programa eleitoral participativo"},"content":{"rendered":"<p>A deputada estadual Dani Balbi (PCdoB-RJ) realiza nesta quarta-feira, a partir das 18h30, uma plen\u00e1ria de pr\u00e9-campanha no Sindicato dos Comerci\u00e1rios, na Lapa, Centro do Rio. O encontro marca o pontap\u00e9 inicial da mobiliza\u00e7\u00e3o pela reelei\u00e7\u00e3o da parlamentar em outubro e pela organiza\u00e7\u00e3o do campo de apoio ao presidente Luiz In\u00e1cio Lula da Silva no [\u2026]<\/p>\n<p><a href=\"https:\/\/www.brasildefato.com.br\/2026\/04\/29\/deputada-estadual-dani-balbi-realiza-plenaria-para-construcao-de-programa-eleitoral-participativo\/\" rel=\"nofollow\">Fonte<\/a><\/p>\n<!-- Begin Yuzo --><div class='yuzo_related_post style-1'  data-version='5.12.89'><!-- without result --><div class='yuzo_clearfixed yuzo__title yuzo__title'><h3>Related Post<\/h3><\/div>\n\t\t\t\t\t\t  <div class=\"relatedthumb \" style=\"width:125px;float:left;overflow:hidden;\">  \n\t\t\t\t\t\t\t  \n\t\t\t\t\t\t\t  <a  href=\"https:\/\/redept.com.br\/blogosfera\/greve-nacional-dos-bancarios-de-1985-alesp-celebra-40-anos-da-manifestacao\/\"  >\n\t\t\t\t\t\t\t\t\t  <div class=\"yuzo-img-wrap \" style=\"width: 125px;height:90px;\">\n\t\t\t\t\t\t\t\t\t\t\n\t\t\t\t\t\t\t\t\t\t<div class=\"yuzo-img\" style=\"background:url('https:\/\/redept.com.br\/blogosfera\/wp-content\/uploads\/2025\/09\/Captura-de-Tela-2025-09-18-as-102128-150x150.png') 50% 50% no-repeat;width: 125px;height:90px;margin-bottom: 5px;background-size: cover; \"><\/div>\n\t\t\t\t\t\t\t\t\t  <\/div>\n\t\t\t\t\t\t\t\t\t  \n\t\t\t\t\t\t\t\t   <span class=\"yuzo__text--title\" style=\"font-size:13px;\">Greve nacional dos banc\u00e1rios de 1985: Alesp celebr...<\/span>\n\t\t\t\t\t\t\t  \n\t\t\t\t\t\t\t  \n\t\t\t\t\t\t\t  <\/a>\n\n\t\t\t\t\t\t  <\/div>\n\t\t\t\t\t\t  <div class=\"relatedthumb \" style=\"width:125px;float:left;overflow:hidden;\">  \n\t\t\t\t\t\t\t  \n\t\t\t\t\t\t\t  <a  href=\"https:\/\/redept.com.br\/blogosfera\/no-melhor-abril-do-novo-caged-brasil-gera-257-mil-vagas-com-carteira-assinada\/\"  >\n\t\t\t\t\t\t\t\t\t  <div class=\"yuzo-img-wrap \" style=\"width: 125px;height:90px;\">\n\t\t\t\t\t\t\t\t\t\t\n\t\t\t\t\t\t\t\t\t\t<div class=\"yuzo-img\" style=\"background:url('https:\/\/redept.com.br\/blogosfera\/wp-content\/uploads\/2025\/05\/Novo-Caged-abril-150x150.jpeg') 50% 50% no-repeat;width: 125px;height:90px;margin-bottom: 5px;background-size: cover; \"><\/div>\n\t\t\t\t\t\t\t\t\t  <\/div>\n\t\t\t\t\t\t\t\t\t  \n\t\t\t\t\t\t\t\t   <span class=\"yuzo__text--title\" style=\"font-size:13px;\">No melhor abril do Novo Caged, Brasil gera 257 mil...<\/span>\n\t\t\t\t\t\t\t  \n\t\t\t\t\t\t\t  \n\t\t\t\t\t\t\t  <\/a>\n\n\t\t\t\t\t\t  <\/div>\n\t\t\t\t\t\t  <div class=\"relatedthumb \" style=\"width:125px;float:left;overflow:hidden;\">  \n\t\t\t\t\t\t\t  \n\t\t\t\t\t\t\t  <a  href=\"https:\/\/redept.com.br\/blogosfera\/operacao-cumpre-mandados-contra-caixinha-do-trafico-no-complexo-do-alemao-rj-e-deixa-tres-mortos\/\"  >\n\t\t\t\t\t\t\t\t\t  <div class=\"yuzo-img-wrap \" style=\"width: 125px;height:90px;\">\n\t\t\t\t\t\t\t\t\t\t\n\t\t\t\t\t\t\t\t\t\t<div class=\"yuzo-img\" style=\"background:url('https:\/\/redept.org\/blogosfera\/wp-content\/plugins\/yuzo-related-post\/assets\/images\/default.png') 50% 50% no-repeat;width: 125px;height:90px;margin-bottom: 5px;background-size: cover; \"><\/div>\n\t\t\t\t\t\t\t\t\t  <\/div>\n\t\t\t\t\t\t\t\t\t  \n\t\t\t\t\t\t\t\t   <span class=\"yuzo__text--title\" style=\"font-size:13px;\">Opera\u00e7\u00e3o cumpre mandados contra \u2018caixinha&#8...<\/span>\n\t\t\t\t\t\t\t  \n\t\t\t\t\t\t\t  \n\t\t\t\t\t\t\t  <\/a>\n\n\t\t\t\t\t\t  <\/div>\n\t\t\t\t\t\t  <div class=\"relatedthumb \" style=\"width:125px;float:left;overflow:hidden;\">  \n\t\t\t\t\t\t\t  \n\t\t\t\t\t\t\t  <a  href=\"https:\/\/redept.com.br\/blogosfera\/fim-de-reserva-de-30-para-mulheres-e-regressao-de-decadas-diz-oxfam\/\"  >\n\t\t\t\t\t\t\t\t\t  <div class=\"yuzo-img-wrap \" style=\"width: 125px;height:90px;\">\n\t\t\t\t\t\t\t\t\t\t\n\t\t\t\t\t\t\t\t\t\t<div class=\"yuzo-img\" style=\"background:url('https:\/\/redept.com.br\/blogosfera\/wp-content\/uploads\/2025\/04\/mulheres-congresso-reproducao-150x150.jpg') 50% 50% no-repeat;width: 125px;height:90px;margin-bottom: 5px;background-size: cover; \"><\/div>\n\t\t\t\t\t\t\t\t\t  <\/div>\n\t\t\t\t\t\t\t\t\t  \n\t\t\t\t\t\t\t\t   <span class=\"yuzo__text--title\" style=\"font-size:13px;\">Fim de reserva de 30% para mulheres \u00e9 regress\u00e3o de...<\/span>\n\t\t\t\t\t\t\t  \n\t\t\t\t\t\t\t  \n\t\t\t\t\t\t\t  <\/a>\n\n\t\t\t\t\t\t  <\/div>\n<\/div> <script>\n\t\t\t\t\t\t  jQuery(document).ready(function( $ ){\n\t\t\t\t\t\t\t\/\/jQuery('.yuzo_related_post').equalizer({ overflow : 'relatedthumb' });\n\t\t\t\t\t\t\tjQuery('.yuzo_related_post .yuzo_wraps').equalizer({ columns : '> div' });\n\t\t\t\t\t\t   })\n\t\t\t\t\t\t  <\/script> <!-- End Yuzo :) -->","protected":false},"excerpt":{"rendered":"<p>A deputada estadual Dani Balbi (PCdoB-RJ) realiza nesta quarta-feira, a partir das 18h30, uma plen\u00e1ria de pr\u00e9-campanha no Sindicato dos Comerci\u00e1rios, na Lapa, Centro do Rio. O encontro marca o pontap\u00e9 inicial da mobiliza\u00e7\u00e3o pela reelei\u00e7\u00e3o da parlamentar em outubro e pela organiza\u00e7\u00e3o do campo de apoio ao presidente Luiz In\u00e1cio Lula da Silva no [&hellip;]<\/p>\n","protected":false},"author":2,"featured_media":0,"comment_status":"open","ping_status":"closed","sticky":false,"template":"","format":"standard","meta":{"fifu_image_url":"","fifu_image_alt":"","footnotes":""},"categories":[2453,52827,52828,851,43921,52829,309,3329,42380,52830,11713,8501,95,1760,52831,49937,112,52832,3614,1689,5478,692,363,132,39861,38973,52833,1035,49,45302,52834,52835,474,377,5743,1957,30937],"tags":[],"class_list":["post-85313","post","type-post","status-publish","format-standard","hentry","category-analise-de-conjuntura","category-apoio-a-lula","category-asfoc","category-campanha-eleitoral","category-centro-do-rio","category-construcao-de-programa","category-cultura","category-dani-balbi","category-deputada-estadual","category-diana-conrado","category-direitos-lgbtqia","category-diversidade-sexual","category-educacao","category-eleicoes-2026","category-escuta-coletiva","category-lapa","category-lula","category-mandato-participativo","category-marcio-ayer","category-movimentos-sociais","category-participacao-popular","category-pcdob","category-plenaria","category-politica","category-pre-campanha","category-pre-candidatura","category-programa-eleitoral-participativo","category-reeleicao","category-rio-de-janeiro","category-sepe","category-sindicato-dos-comerciarios","category-sindicato-dos-correios","category-sindicatos","category-trabalho","category-ubm","category-une","category-unegro"],"_links":{"self":[{"href":"https:\/\/redept.com.br\/blogosfera\/wp-json\/wp\/v2\/posts\/85313","targetHints":{"allow":["GET"]}}],"collection":[{"href":"https:\/\/redept.com.br\/blogosfera\/wp-json\/wp\/v2\/posts"}],"about":[{"href":"https:\/\/redept.com.br\/blogosfera\/wp-json\/wp\/v2\/types\/post"}],"author":[{"embeddable":true,"href":"https:\/\/redept.com.br\/blogosfera\/wp-json\/wp\/v2\/users\/2"}],"replies":[{"embeddable":true,"href":"https:\/\/redept.com.br\/blogosfera\/wp-json\/wp\/v2\/comments?post=85313"}],"version-history":[{"count":0,"href":"https:\/\/redept.com.br\/blogosfera\/wp-json\/wp\/v2\/posts\/85313\/revisions"}],"wp:attachment":[{"href":"https:\/\/redept.com.br\/blogosfera\/wp-json\/wp\/v2\/media?parent=85313"}],"wp:term":[{"taxonomy":"category","embeddable":true,"href":"https:\/\/redept.com.br\/blogosfera\/wp-json\/wp\/v2\/categories?post=85313"},{"taxonomy":"post_tag","embeddable":true,"href":"https:\/\/redept.com.br\/blogosfera\/wp-json\/wp\/v2\/tags?post=85313"}],"curies":[{"name":"wp","href":"https:\/\/api.w.org\/{rel}","templated":true}]}}