{"id":85320,"date":"2026-04-29T13:27:06","date_gmt":"2026-04-29T16:27:06","guid":{"rendered":"https:\/\/redept.com.br\/blogosfera\/nota-da-diretoria-da-fpa-sobre-a-condenacao-de-ze-maria\/"},"modified":"2026-04-29T13:27:06","modified_gmt":"2026-04-29T16:27:06","slug":"nota-da-diretoria-da-fpa-sobre-a-condenacao-de-ze-maria","status":"publish","type":"post","link":"https:\/\/redept.com.br\/blogosfera\/nota-da-diretoria-da-fpa-sobre-a-condenacao-de-ze-maria\/","title":{"rendered":"Nota da diretoria da FPA sobre a condena\u00e7\u00e3o de Z\u00e9 Maria"},"content":{"rendered":"<p><strong>Z\u00e9 Maria,<\/strong> cidad\u00e3o brasileiro e dirigente do<strong> PSTU,<\/strong> partido pol\u00edtico legalizado e em pleno funcionamento, foi condenado a dois anos de reclus\u00e3o pelo suposto crime de \u201cracismo\u201d em virtude de declara\u00e7\u00f5es proferidas durante manifesta\u00e7\u00e3o ocorrida na Avenida Paulista, cidade de S\u00e3o Paulo.<\/p>\n<p>A senten\u00e7a condenat\u00f3ria confunde ou ignora deliberadamente a diferen\u00e7a entre os conceitos de \u201cantissionismo\u201d e de \u201cantissemitismo\u201d, al\u00e9m de afastar o direito constitucional \u00e0 liberdade de express\u00e3o e \u00e0 cr\u00edtica pol\u00edtica.<\/p>\n<p>Repudiamos a condena\u00e7\u00e3o e reafirmamos que a defesa do Estado palestino e o rep\u00fadio ao genoc\u00eddio, em conson\u00e2ncia com as manifesta\u00e7\u00f5es da diplomacia brasileira, pode ser criticada e debatida, jamais criminalizada.<\/p>\n<p>Diretoria da Funda\u00e7\u00e3o Perseu Abramo<br \/>29 de abril de 2026<\/p>\n<!-- Begin Yuzo --><div class='yuzo_related_post style-1'  data-version='5.12.89'><!-- without result --><div class='yuzo_clearfixed yuzo__title yuzo__title'><h3>Related Post<\/h3><\/div>\n\t\t\t\t\t\t  <div class=\"relatedthumb \" style=\"width:125px;float:left;overflow:hidden;\">  \n\t\t\t\t\t\t\t  \n\t\t\t\t\t\t\t  <a  href=\"https:\/\/redept.com.br\/blogosfera\/por-uma-conferencia-estadual-de-mulheres-democratica-e-participativa-em-sao-paulo\/\"  >\n\t\t\t\t\t\t\t\t\t  <div class=\"yuzo-img-wrap \" style=\"width: 125px;height:90px;\">\n\t\t\t\t\t\t\t\t\t\t\n\t\t\t\t\t\t\t\t\t\t<div class=\"yuzo-img\" style=\"background:url('https:\/\/redept.org\/blogosfera\/wp-content\/plugins\/yuzo-related-post\/assets\/images\/default.png') 50% 50% no-repeat;width: 125px;height:90px;margin-bottom: 5px;background-size: cover; \"><\/div>\n\t\t\t\t\t\t\t\t\t  <\/div>\n\t\t\t\t\t\t\t\t\t  \n\t\t\t\t\t\t\t\t   <span class=\"yuzo__text--title\" style=\"font-size:13px;\">Por uma Confer\u00eancia Estadual de Mulheres democr\u00e1ti...<\/span>\n\t\t\t\t\t\t\t  \n\t\t\t\t\t\t\t  \n\t\t\t\t\t\t\t  <\/a>\n\n\t\t\t\t\t\t  <\/div>\n\t\t\t\t\t\t  <div class=\"relatedthumb \" style=\"width:125px;float:left;overflow:hidden;\">  \n\t\t\t\t\t\t\t  \n\t\t\t\t\t\t\t  <a  href=\"https:\/\/redept.com.br\/blogosfera\/senador-rogerio-defende-reforma-tributaria-como-revolucao-da-justica-social-no-brasil\/\"  >\n\t\t\t\t\t\t\t\t\t  <div class=\"yuzo-img-wrap \" style=\"width: 125px;height:90px;\">\n\t\t\t\t\t\t\t\t\t\t\n\t\t\t\t\t\t\t\t\t\t<div class=\"yuzo-img\" style=\"background:url('https:\/\/redept.org\/blogosfera\/wp-content\/plugins\/yuzo-related-post\/assets\/images\/default.png') 50% 50% no-repeat;width: 125px;height:90px;margin-bottom: 5px;background-size: cover; \"><\/div>\n\t\t\t\t\t\t\t\t\t  <\/div>\n\t\t\t\t\t\t\t\t\t  \n\t\t\t\t\t\t\t\t   <span class=\"yuzo__text--title\" style=\"font-size:13px;\">Senador Rog\u00e9rio defende reforma tribut\u00e1ria como re...<\/span>\n\t\t\t\t\t\t\t  \n\t\t\t\t\t\t\t  \n\t\t\t\t\t\t\t  <\/a>\n\n\t\t\t\t\t\t  <\/div>\n\t\t\t\t\t\t  <div class=\"relatedthumb \" style=\"width:125px;float:left;overflow:hidden;\">  \n\t\t\t\t\t\t\t  \n\t\t\t\t\t\t\t  <a  href=\"https:\/\/redept.com.br\/blogosfera\/orgulho-nacional-liga-de-hoquei-dos-eua-tem-como-maior-artilheiro-um-atleta-da-russia\/\"  >\n\t\t\t\t\t\t\t\t\t  <div class=\"yuzo-img-wrap \" style=\"width: 125px;height:90px;\">\n\t\t\t\t\t\t\t\t\t\t\n\t\t\t\t\t\t\t\t\t\t<div class=\"yuzo-img\" style=\"background:url('https:\/\/redept.com.br\/blogosfera\/wp-content\/uploads\/2025\/04\/putin_ovechkin-150x150.jpg') 50% 50% no-repeat;width: 125px;height:90px;margin-bottom: 5px;background-size: cover; \"><\/div>\n\t\t\t\t\t\t\t\t\t  <\/div>\n\t\t\t\t\t\t\t\t\t  \n\t\t\t\t\t\t\t\t   <span class=\"yuzo__text--title\" style=\"font-size:13px;\">Orgulho nacional? Liga de h\u00f3quei dos EUA tem como ...<\/span>\n\t\t\t\t\t\t\t  \n\t\t\t\t\t\t\t  \n\t\t\t\t\t\t\t  <\/a>\n\n\t\t\t\t\t\t  <\/div>\n\t\t\t\t\t\t  <div class=\"relatedthumb \" style=\"width:125px;float:left;overflow:hidden;\">  \n\t\t\t\t\t\t\t  \n\t\t\t\t\t\t\t  <a  href=\"https:\/\/redept.com.br\/blogosfera\/confira-documentos-que-podem-ser-usados-no-dia-da-prova-do-cnu\/\"  >\n\t\t\t\t\t\t\t\t\t  <div class=\"yuzo-img-wrap \" style=\"width: 125px;height:90px;\">\n\t\t\t\t\t\t\t\t\t\t\n\t\t\t\t\t\t\t\t\t\t<div class=\"yuzo-img\" style=\"background:url('https:\/\/redept.com.br\/blogosfera\/wp-content\/uploads\/2025\/10\/CNU-divulgacao-MGi-150x150.jpg') 50% 50% no-repeat;width: 125px;height:90px;margin-bottom: 5px;background-size: cover; \"><\/div>\n\t\t\t\t\t\t\t\t\t  <\/div>\n\t\t\t\t\t\t\t\t\t  \n\t\t\t\t\t\t\t\t   <span class=\"yuzo__text--title\" style=\"font-size:13px;\">Confira documentos que podem ser usados no dia da ...<\/span>\n\t\t\t\t\t\t\t  \n\t\t\t\t\t\t\t  \n\t\t\t\t\t\t\t  <\/a>\n\n\t\t\t\t\t\t  <\/div>\n<\/div> <script>\n\t\t\t\t\t\t  jQuery(document).ready(function( $ ){\n\t\t\t\t\t\t\t\/\/jQuery('.yuzo_related_post').equalizer({ overflow : 'relatedthumb' });\n\t\t\t\t\t\t\tjQuery('.yuzo_related_post .yuzo_wraps').equalizer({ columns : '> div' });\n\t\t\t\t\t\t   })\n\t\t\t\t\t\t  <\/script> <!-- End Yuzo :) -->","protected":false},"excerpt":{"rendered":"<p>Z\u00e9 Maria, cidad\u00e3o brasileiro e dirigente do PSTU, partido pol\u00edtico legalizado e em pleno funcionamento, foi condenado a dois anos de reclus\u00e3o pelo suposto crime de \u201cracismo\u201d em virtude de declara\u00e7\u00f5es proferidas durante manifesta\u00e7\u00e3o ocorrida na Avenida Paulista, cidade de S\u00e3o Paulo. A senten\u00e7a condenat\u00f3ria confunde ou ignora deliberadamente a diferen\u00e7a entre os conceitos de [&hellip;]<\/p>\n","protected":false},"author":2,"featured_media":0,"comment_status":"open","ping_status":"closed","sticky":false,"template":"","format":"standard","meta":{"fifu_image_url":"","fifu_image_alt":"","footnotes":""},"categories":[2995,691,10507,52630],"tags":[],"class_list":["post-85320","post","type-post","status-publish","format-standard","hentry","category-institucional","category-nota","category-pstu","category-ze-maria"],"_links":{"self":[{"href":"https:\/\/redept.com.br\/blogosfera\/wp-json\/wp\/v2\/posts\/85320","targetHints":{"allow":["GET"]}}],"collection":[{"href":"https:\/\/redept.com.br\/blogosfera\/wp-json\/wp\/v2\/posts"}],"about":[{"href":"https:\/\/redept.com.br\/blogosfera\/wp-json\/wp\/v2\/types\/post"}],"author":[{"embeddable":true,"href":"https:\/\/redept.com.br\/blogosfera\/wp-json\/wp\/v2\/users\/2"}],"replies":[{"embeddable":true,"href":"https:\/\/redept.com.br\/blogosfera\/wp-json\/wp\/v2\/comments?post=85320"}],"version-history":[{"count":0,"href":"https:\/\/redept.com.br\/blogosfera\/wp-json\/wp\/v2\/posts\/85320\/revisions"}],"wp:attachment":[{"href":"https:\/\/redept.com.br\/blogosfera\/wp-json\/wp\/v2\/media?parent=85320"}],"wp:term":[{"taxonomy":"category","embeddable":true,"href":"https:\/\/redept.com.br\/blogosfera\/wp-json\/wp\/v2\/categories?post=85320"},{"taxonomy":"post_tag","embeddable":true,"href":"https:\/\/redept.com.br\/blogosfera\/wp-json\/wp\/v2\/tags?post=85320"}],"curies":[{"name":"wp","href":"https:\/\/api.w.org\/{rel}","templated":true}]}}