{"id":85324,"date":"2026-04-29T13:45:50","date_gmt":"2026-04-29T16:45:50","guid":{"rendered":"https:\/\/redept.com.br\/blogosfera\/distorcao-dos-fatos-china-rebate-alegacoes-estadunidenses-sobre-panama\/"},"modified":"2026-04-29T13:45:50","modified_gmt":"2026-04-29T16:45:50","slug":"distorcao-dos-fatos-china-rebate-alegacoes-estadunidenses-sobre-panama","status":"publish","type":"post","link":"https:\/\/redept.com.br\/blogosfera\/distorcao-dos-fatos-china-rebate-alegacoes-estadunidenses-sobre-panama\/","title":{"rendered":"\u2018Distor\u00e7\u00e3o dos fatos\u2019: China rebate alega\u00e7\u00f5es estadunidenses sobre Panam\u00e1"},"content":{"rendered":"<p>As alega\u00e7\u00f5es dos Estados Unidos sobre quest\u00f5es portu\u00e1rias do Panam\u00e1 s\u00e3o \u201ccompletamente infundadas e uma distor\u00e7\u00e3o dos fatos\u201d, disse o porta-voz do Minist\u00e9rio das Rela\u00e7\u00f5es Exteriores da China, Lin Jian, nesta quarta-feira (29), em Pequim. Lin acusou Washington de politizar e tentar tornar as quest\u00f5es portu\u00e1rias da regi\u00e3o em um problema de seguran\u00e7a. Tamb\u00e9m disse [\u2026]<\/p>\n<p><a href=\"https:\/\/www.brasildefato.com.br\/2026\/04\/29\/distorcao-dos-fatos-china-rebate-alegacoes-estadunidenses-sobre-panama\/\" rel=\"nofollow\">Fonte<\/a><\/p>\n<!-- Begin Yuzo --><div class='yuzo_related_post style-1'  data-version='5.12.89'><!-- without result --><div class='yuzo_clearfixed yuzo__title yuzo__title'><h3>Related Post<\/h3><\/div>\n\t\t\t\t\t\t  <div class=\"relatedthumb \" style=\"width:125px;float:left;overflow:hidden;\">  \n\t\t\t\t\t\t\t  \n\t\t\t\t\t\t\t  <a  href=\"https:\/\/redept.com.br\/blogosfera\/106-anos-de-dorina-nowill-a-dama-da-inclusao\/\"  >\n\t\t\t\t\t\t\t\t\t  <div class=\"yuzo-img-wrap \" style=\"width: 125px;height:90px;\">\n\t\t\t\t\t\t\t\t\t\t\n\t\t\t\t\t\t\t\t\t\t<div class=\"yuzo-img\" style=\"background:url('https:\/\/redept.org\/blogosfera\/wp-content\/plugins\/yuzo-related-post\/assets\/images\/default.png') 50% 50% no-repeat;width: 125px;height:90px;margin-bottom: 5px;background-size: cover; \"><\/div>\n\t\t\t\t\t\t\t\t\t  <\/div>\n\t\t\t\t\t\t\t\t\t  \n\t\t\t\t\t\t\t\t   <span class=\"yuzo__text--title\" style=\"font-size:13px;\">106 anos de Dorina Nowill, a \u2018Dama da Inclus\u00e3o\u2019...<\/span>\n\t\t\t\t\t\t\t  \n\t\t\t\t\t\t\t  \n\t\t\t\t\t\t\t  <\/a>\n\n\t\t\t\t\t\t  <\/div>\n\t\t\t\t\t\t  <div class=\"relatedthumb \" style=\"width:125px;float:left;overflow:hidden;\">  \n\t\t\t\t\t\t\t  \n\t\t\t\t\t\t\t  <a  href=\"https:\/\/sul21.com.br\/noticias\/cultura\/2025\/08\/filme-inspirado-na-historia-de-medicos-cubanos-do-mais-medicos-estreia-no-cinebancarios\/\"  >\n\t\t\t\t\t\t\t\t\t  <div class=\"yuzo-img-wrap \" style=\"width: 125px;height:90px;\">\n\t\t\t\t\t\t\t\t\t\t\n\t\t\t\t\t\t\t\t\t\t<div class=\"yuzo-img\" style=\"background:url('https:\/\/redept.org\/blogosfera\/wp-content\/plugins\/yuzo-related-post\/assets\/images\/default.png') 50% 50% no-repeat;width: 125px;height:90px;margin-bottom: 5px;background-size: cover; \"><\/div>\n\t\t\t\t\t\t\t\t\t  <\/div>\n\t\t\t\t\t\t\t\t\t  \n\t\t\t\t\t\t\t\t   <span class=\"yuzo__text--title\" style=\"font-size:13px;\">Filme inspirado na hist\u00f3ria de m\u00e9dicos cubanos do ...<\/span>\n\t\t\t\t\t\t\t  \n\t\t\t\t\t\t\t  \n\t\t\t\t\t\t\t  <\/a>\n\n\t\t\t\t\t\t  <\/div>\n\t\t\t\t\t\t  <div class=\"relatedthumb \" style=\"width:125px;float:left;overflow:hidden;\">  \n\t\t\t\t\t\t\t  \n\t\t\t\t\t\t\t  <a  href=\"https:\/\/redept.com.br\/blogosfera\/jovem-pan-se-desculpa-por-fake-news-sobre-taxacao-do-pix-apos-programa-panico-voltar-a-espalhar-mentira\/\"  >\n\t\t\t\t\t\t\t\t\t  <div class=\"yuzo-img-wrap \" style=\"width: 125px;height:90px;\">\n\t\t\t\t\t\t\t\t\t\t\n\t\t\t\t\t\t\t\t\t\t<div class=\"yuzo-img\" style=\"background:url('https:\/\/redept.org\/blogosfera\/wp-content\/plugins\/yuzo-related-post\/assets\/images\/default.png') 50% 50% no-repeat;width: 125px;height:90px;margin-bottom: 5px;background-size: cover; \"><\/div>\n\t\t\t\t\t\t\t\t\t  <\/div>\n\t\t\t\t\t\t\t\t\t  \n\t\t\t\t\t\t\t\t   <span class=\"yuzo__text--title\" style=\"font-size:13px;\">Jovem Pan se desculpa por fake news sobre taxa\u00e7\u00e3o ...<\/span>\n\t\t\t\t\t\t\t  \n\t\t\t\t\t\t\t  \n\t\t\t\t\t\t\t  <\/a>\n\n\t\t\t\t\t\t  <\/div>\n\t\t\t\t\t\t  <div class=\"relatedthumb \" style=\"width:125px;float:left;overflow:hidden;\">  \n\t\t\t\t\t\t\t  \n\t\t\t\t\t\t\t  <a  href=\"https:\/\/redept.com.br\/blogosfera\/aliados-de-bolsonaro-veem-lula-ganhando-forca-com-aproximacao-dos-eua\/\"  >\n\t\t\t\t\t\t\t\t\t  <div class=\"yuzo-img-wrap \" style=\"width: 125px;height:90px;\">\n\t\t\t\t\t\t\t\t\t\t\n\t\t\t\t\t\t\t\t\t\t<div class=\"yuzo-img\" style=\"background:url('https:\/\/redept.org\/blogosfera\/wp-content\/plugins\/yuzo-related-post\/assets\/images\/default.png') 50% 50% no-repeat;width: 125px;height:90px;margin-bottom: 5px;background-size: cover; \"><\/div>\n\t\t\t\t\t\t\t\t\t  <\/div>\n\t\t\t\t\t\t\t\t\t  \n\t\t\t\t\t\t\t\t   <span class=\"yuzo__text--title\" style=\"font-size:13px;\">Aliados de Bolsonaro veem Lula ganhando for\u00e7a com ...<\/span>\n\t\t\t\t\t\t\t  \n\t\t\t\t\t\t\t  \n\t\t\t\t\t\t\t  <\/a>\n\n\t\t\t\t\t\t  <\/div>\n<\/div> <script>\n\t\t\t\t\t\t  jQuery(document).ready(function( $ ){\n\t\t\t\t\t\t\t\/\/jQuery('.yuzo_related_post').equalizer({ overflow : 'relatedthumb' });\n\t\t\t\t\t\t\tjQuery('.yuzo_related_post .yuzo_wraps').equalizer({ columns : '> div' });\n\t\t\t\t\t\t   })\n\t\t\t\t\t\t  <\/script> <!-- End Yuzo :) -->","protected":false},"excerpt":{"rendered":"<p>As alega\u00e7\u00f5es dos Estados Unidos sobre quest\u00f5es portu\u00e1rias do Panam\u00e1 s\u00e3o \u201ccompletamente infundadas e uma distor\u00e7\u00e3o dos fatos\u201d, disse o porta-voz do Minist\u00e9rio das Rela\u00e7\u00f5es Exteriores da China, Lin Jian, nesta quarta-feira (29), em Pequim. Lin acusou Washington de politizar e tentar tornar as quest\u00f5es portu\u00e1rias da regi\u00e3o em um problema de seguran\u00e7a. Tamb\u00e9m disse [&hellip;]<\/p>\n","protected":false},"author":2,"featured_media":0,"comment_status":"open","ping_status":"closed","sticky":false,"template":"","format":"standard","meta":{"fifu_image_url":"","fifu_image_alt":"","footnotes":""},"categories":[52874,52875,52876,52877,16744,292,52878,43632,52879,52880,32381,3425,52881,394,1312,31917,52882,50,16791,5169,52883,3508,52884,2457,47394,332,1457,52885,1048,52886,52887],"tags":[],"class_list":["post-85324","post","type-post","status-publish","format-standard","hentry","category-apm-terminals","category-balboa","category-bandeira-panamenha","category-cadeias-de-abastecimento","category-canal-do-panama","category-china","category-ck-hutchison","category-comercio-maritimo","category-cosco","category-cristobal","category-declaracao-conjunta","category-dinamarca","category-direitos-portuarios","category-estados-unidos","category-geopolitica","category-hong-kong","category-inspecoes-navais","category-internacional","category-jose-raul-mulino","category-lin-jian","category-lloyds-list","category-marco-rubio","category-oocl","category-panama","category-perdas-economicas","category-politica-externa","category-portos","category-pressao-chinesa","category-soberania","category-suprema-corte-panamenha","category-terminal-investment-limited"],"_links":{"self":[{"href":"https:\/\/redept.com.br\/blogosfera\/wp-json\/wp\/v2\/posts\/85324","targetHints":{"allow":["GET"]}}],"collection":[{"href":"https:\/\/redept.com.br\/blogosfera\/wp-json\/wp\/v2\/posts"}],"about":[{"href":"https:\/\/redept.com.br\/blogosfera\/wp-json\/wp\/v2\/types\/post"}],"author":[{"embeddable":true,"href":"https:\/\/redept.com.br\/blogosfera\/wp-json\/wp\/v2\/users\/2"}],"replies":[{"embeddable":true,"href":"https:\/\/redept.com.br\/blogosfera\/wp-json\/wp\/v2\/comments?post=85324"}],"version-history":[{"count":0,"href":"https:\/\/redept.com.br\/blogosfera\/wp-json\/wp\/v2\/posts\/85324\/revisions"}],"wp:attachment":[{"href":"https:\/\/redept.com.br\/blogosfera\/wp-json\/wp\/v2\/media?parent=85324"}],"wp:term":[{"taxonomy":"category","embeddable":true,"href":"https:\/\/redept.com.br\/blogosfera\/wp-json\/wp\/v2\/categories?post=85324"},{"taxonomy":"post_tag","embeddable":true,"href":"https:\/\/redept.com.br\/blogosfera\/wp-json\/wp\/v2\/tags?post=85324"}],"curies":[{"name":"wp","href":"https:\/\/api.w.org\/{rel}","templated":true}]}}