{"id":85326,"date":"2026-04-29T14:04:29","date_gmt":"2026-04-29T17:04:29","guid":{"rendered":"https:\/\/redept.com.br\/blogosfera\/estudantes-de-medicina-da-usp-protestam-contra-mercantilizacao-do-ensino-medico\/"},"modified":"2026-04-29T14:04:29","modified_gmt":"2026-04-29T17:04:29","slug":"estudantes-de-medicina-da-usp-protestam-contra-mercantilizacao-do-ensino-medico","status":"publish","type":"post","link":"https:\/\/redept.com.br\/blogosfera\/estudantes-de-medicina-da-usp-protestam-contra-mercantilizacao-do-ensino-medico\/","title":{"rendered":"Estudantes de medicina da USP protestam contra \u2018mercantiliza\u00e7\u00e3o do ensino m\u00e9dico\u2019"},"content":{"rendered":"<p>Estudantes da Faculdade de Medicina da Universidade de S\u00e3o Paulo (FMUSP) e profissionais do Hospital Universit\u00e1rio (HU) realizam uma manifesta\u00e7\u00e3o nesta quarta-feira (29), em S\u00e3o Paulo (SP), a partir das 13h, para denunciar o sucateamento da estrutura hospitalar e a cobran\u00e7a para realiza\u00e7\u00e3o de est\u00e1gio no Hospital das Cl\u00ednicas (HC). O ato prev\u00ea bloqueio da [\u2026]<\/p>\n<p><a href=\"https:\/\/www.brasildefato.com.br\/2026\/04\/29\/estudantes-de-medicina-da-usp-protestam-contra-mercantilizacao-do-ensino-medico\/\" rel=\"nofollow\">Fonte<\/a><\/p>\n<!-- Begin Yuzo --><div class='yuzo_related_post style-1'  data-version='5.12.89'><!-- without result --><div class='yuzo_clearfixed yuzo__title yuzo__title'><h3>Related Post<\/h3><\/div>\n\t\t\t\t\t\t  <div class=\"relatedthumb \" style=\"width:125px;float:left;overflow:hidden;\">  \n\t\t\t\t\t\t\t  \n\t\t\t\t\t\t\t  <a  href=\"https:\/\/redept.com.br\/blogosfera\/outra-acao-no-tse-contra-carnaval-de-lula-sera-relatada-por-indicada-do-homenageado-na-academicos-de-niteroi\/\"  >\n\t\t\t\t\t\t\t\t\t  <div class=\"yuzo-img-wrap \" style=\"width: 125px;height:90px;\">\n\t\t\t\t\t\t\t\t\t\t\n\t\t\t\t\t\t\t\t\t\t<div class=\"yuzo-img\" style=\"background:url('https:\/\/redept.org\/blogosfera\/wp-content\/plugins\/yuzo-related-post\/assets\/images\/default.png') 50% 50% no-repeat;width: 125px;height:90px;margin-bottom: 5px;background-size: cover; \"><\/div>\n\t\t\t\t\t\t\t\t\t  <\/div>\n\t\t\t\t\t\t\t\t\t  \n\t\t\t\t\t\t\t\t   <span class=\"yuzo__text--title\" style=\"font-size:13px;\">Outra a\u00e7\u00e3o no TSE contra carnaval de Lula ser\u00e1 rel...<\/span>\n\t\t\t\t\t\t\t  \n\t\t\t\t\t\t\t  \n\t\t\t\t\t\t\t  <\/a>\n\n\t\t\t\t\t\t  <\/div>\n\t\t\t\t\t\t  <div class=\"relatedthumb \" style=\"width:125px;float:left;overflow:hidden;\">  \n\t\t\t\t\t\t\t  \n\t\t\t\t\t\t\t  <a  href=\"https:\/\/redept.com.br\/blogosfera\/estudo-aponta-reducao-das-desigualdades-no-brasil-sob-o-governo-lula\/\"  >\n\t\t\t\t\t\t\t\t\t  <div class=\"yuzo-img-wrap \" style=\"width: 125px;height:90px;\">\n\t\t\t\t\t\t\t\t\t\t\n\t\t\t\t\t\t\t\t\t\t<div class=\"yuzo-img\" style=\"background:url('https:\/\/redept.com.br\/blogosfera\/wp-content\/uploads\/2025\/08\/desigualdade-rio_prefeiturarj-150x150.jpg') 50% 50% no-repeat;width: 125px;height:90px;margin-bottom: 5px;background-size: cover; \"><\/div>\n\t\t\t\t\t\t\t\t\t  <\/div>\n\t\t\t\t\t\t\t\t\t  \n\t\t\t\t\t\t\t\t   <span class=\"yuzo__text--title\" style=\"font-size:13px;\">Estudo aponta redu\u00e7\u00e3o das desigualdades no Brasil ...<\/span>\n\t\t\t\t\t\t\t  \n\t\t\t\t\t\t\t  \n\t\t\t\t\t\t\t  <\/a>\n\n\t\t\t\t\t\t  <\/div>\n\t\t\t\t\t\t  <div class=\"relatedthumb \" style=\"width:125px;float:left;overflow:hidden;\">  \n\t\t\t\t\t\t\t  \n\t\t\t\t\t\t\t  <a  href=\"https:\/\/redept.com.br\/blogosfera\/embaixador-chines-ve-crescimento-de-empresas-na-russia-e-destaca-acordo-de-investimentos\/\"  >\n\t\t\t\t\t\t\t\t\t  <div class=\"yuzo-img-wrap \" style=\"width: 125px;height:90px;\">\n\t\t\t\t\t\t\t\t\t\t\n\t\t\t\t\t\t\t\t\t\t<div class=\"yuzo-img\" style=\"background:url('https:\/\/redept.com.br\/blogosfera\/wp-content\/uploads\/2025\/07\/960px-vladimir_putin_with_ambassadors_to_russia_2020-02-05_05-150x150.jpg') 50% 50% no-repeat;width: 125px;height:90px;margin-bottom: 5px;background-size: cover; \"><\/div>\n\t\t\t\t\t\t\t\t\t  <\/div>\n\t\t\t\t\t\t\t\t\t  \n\t\t\t\t\t\t\t\t   <span class=\"yuzo__text--title\" style=\"font-size:13px;\">Embaixador chin\u00eas v\u00ea crescimento de empresas na R\u00fa...<\/span>\n\t\t\t\t\t\t\t  \n\t\t\t\t\t\t\t  \n\t\t\t\t\t\t\t  <\/a>\n\n\t\t\t\t\t\t  <\/div>\n\t\t\t\t\t\t  <div class=\"relatedthumb \" style=\"width:125px;float:left;overflow:hidden;\">  \n\t\t\t\t\t\t\t  \n\t\t\t\t\t\t\t  <a  href=\"https:\/\/redept.com.br\/blogosfera\/china-exibe-poder-militar-e-influencia-diplomatica-em-desfile-historico\/\"  >\n\t\t\t\t\t\t\t\t\t  <div class=\"yuzo-img-wrap \" style=\"width: 125px;height:90px;\">\n\t\t\t\t\t\t\t\t\t\t\n\t\t\t\t\t\t\t\t\t\t<div class=\"yuzo-img\" style=\"background:url('https:\/\/redept.com.br\/blogosfera\/wp-content\/uploads\/2025\/09\/ea38add1d0a14038b2c98e0b0a383084-150x150.png') 50% 50% no-repeat;width: 125px;height:90px;margin-bottom: 5px;background-size: cover; \"><\/div>\n\t\t\t\t\t\t\t\t\t  <\/div>\n\t\t\t\t\t\t\t\t\t  \n\t\t\t\t\t\t\t\t   <span class=\"yuzo__text--title\" style=\"font-size:13px;\">China exibe poder militar e influ\u00eancia diplom\u00e1tica...<\/span>\n\t\t\t\t\t\t\t  \n\t\t\t\t\t\t\t  \n\t\t\t\t\t\t\t  <\/a>\n\n\t\t\t\t\t\t  <\/div>\n<\/div> <script>\n\t\t\t\t\t\t  jQuery(document).ready(function( $ ){\n\t\t\t\t\t\t\t\/\/jQuery('.yuzo_related_post').equalizer({ overflow : 'relatedthumb' });\n\t\t\t\t\t\t\tjQuery('.yuzo_related_post .yuzo_wraps').equalizer({ columns : '> div' });\n\t\t\t\t\t\t   })\n\t\t\t\t\t\t  <\/script> <!-- End Yuzo :) -->","protected":false},"excerpt":{"rendered":"<p>Estudantes da Faculdade de Medicina da Universidade de S\u00e3o Paulo (FMUSP) e profissionais do Hospital Universit\u00e1rio (HU) realizam uma manifesta\u00e7\u00e3o nesta quarta-feira (29), em S\u00e3o Paulo (SP), a partir das 13h, para denunciar o sucateamento da estrutura hospitalar e a cobran\u00e7a para realiza\u00e7\u00e3o de est\u00e1gio no Hospital das Cl\u00ednicas (HC). O ato prev\u00ea bloqueio da [&hellip;]<\/p>\n","protected":false},"author":2,"featured_media":0,"comment_status":"open","ping_status":"closed","sticky":false,"template":"","format":"standard","meta":{"fifu_image_url":"","fifu_image_alt":"","footnotes":""},"categories":[52910,888,52911,52912,1953,52913,52914,52915,52916,52917,52918,52919,46763,52920,28781,25979,52921,45992,32376,52922,52923,52924,8139,52925,52926,52927,4704,52928,52929,52930],"tags":[],"class_list":["post-85326","post","type-post","status-publish","format-standard","hentry","category-avenida-dr-arnaldo","category-avenida-paulista","category-centro-academico-oswaldo-cruz","category-comando-de-greve","category-corte-de-gastos","category-dialogo-sem-efeito","category-ensino-publico-de-medicina","category-estagio-pago","category-fechamento-de-leitos","category-fmusp","category-funcao-social-do-hospital","category-greve-unesp","category-greve-usp","category-henrick-munhoz-martins","category-hospital-das-clinicas","category-hospital-universitario","category-leitos-de-internacao","category-leitos-de-uti","category-luta-estudantil","category-manifestacao-sao-paulo","category-mercantilizacao-ensino-medico","category-perda-de-funcionarios","category-privatizacao-da-saude","category-pronto-socorro-referenciado","category-protesto-estudantes-medicina-usp","category-r-8800-mensais","category-radio-brasil-de-fato","category-reducao-uti","category-reitoria-usp","category-sucateamento-hospitalar"],"_links":{"self":[{"href":"https:\/\/redept.com.br\/blogosfera\/wp-json\/wp\/v2\/posts\/85326","targetHints":{"allow":["GET"]}}],"collection":[{"href":"https:\/\/redept.com.br\/blogosfera\/wp-json\/wp\/v2\/posts"}],"about":[{"href":"https:\/\/redept.com.br\/blogosfera\/wp-json\/wp\/v2\/types\/post"}],"author":[{"embeddable":true,"href":"https:\/\/redept.com.br\/blogosfera\/wp-json\/wp\/v2\/users\/2"}],"replies":[{"embeddable":true,"href":"https:\/\/redept.com.br\/blogosfera\/wp-json\/wp\/v2\/comments?post=85326"}],"version-history":[{"count":0,"href":"https:\/\/redept.com.br\/blogosfera\/wp-json\/wp\/v2\/posts\/85326\/revisions"}],"wp:attachment":[{"href":"https:\/\/redept.com.br\/blogosfera\/wp-json\/wp\/v2\/media?parent=85326"}],"wp:term":[{"taxonomy":"category","embeddable":true,"href":"https:\/\/redept.com.br\/blogosfera\/wp-json\/wp\/v2\/categories?post=85326"},{"taxonomy":"post_tag","embeddable":true,"href":"https:\/\/redept.com.br\/blogosfera\/wp-json\/wp\/v2\/tags?post=85326"}],"curies":[{"name":"wp","href":"https:\/\/api.w.org\/{rel}","templated":true}]}}