{"id":85351,"date":"2026-04-29T14:58:04","date_gmt":"2026-04-29T17:58:04","guid":{"rendered":"https:\/\/redept.com.br\/blogosfera\/franca-investiga-retorno-de-site-ligado-a-estupros-no-caso-pelicot\/"},"modified":"2026-04-29T14:58:04","modified_gmt":"2026-04-29T17:58:04","slug":"franca-investiga-retorno-de-site-ligado-a-estupros-no-caso-pelicot","status":"publish","type":"post","link":"https:\/\/redept.com.br\/blogosfera\/franca-investiga-retorno-de-site-ligado-a-estupros-no-caso-pelicot\/","title":{"rendered":"Fran\u00e7a investiga retorno de site ligado a estupros no caso Pelicot"},"content":{"rendered":"<p><img fetchpriority=\"high\" width=\"1000\" height=\"500\"src=\"https:\/\/redept.com.br\/blogosfera\/wp-content\/uploads\/2026\/04\/Gisele-Pelicot.jpg\" alt=\"\" decoding=\"async\" srcset=\"https:\/\/redept.com.br\/blogosfera\/wp-content\/uploads\/2026\/04\/Gisele-Pelicot.jpg 1000w, https:\/\/vermelho.org.br\/wp-content\/uploads\/2026\/04\/Gisele-Pelicot-300x150.jpg 300w, https:\/\/vermelho.org.br\/wp-content\/uploads\/2026\/04\/Gisele-Pelicot-768x384.jpg 768w\" sizes=\"(max-width: 1000px) 100vw, 1000px\"><\/p>\n<p>A Fran\u00e7a abriu uma investiga\u00e7\u00e3o sobre o reaparecimento de uma plataforma digital associada a crimes sexuais graves, incluindo o caso que chocou o pa\u00eds envolvendo Gis\u00e8le Pelicot. O site, anteriormente conhecido como Coco, voltou a operar sob outro nome, reacendendo preocupa\u00e7\u00f5es sobre o uso de ambientes digitais para pr\u00e1ticas criminosas.<\/p>\n<p>A plataforma esteve no centro do caso julgado em 2024, q<a href=\"https:\/\/vermelho.org.br\/2024\/12\/19\/marido-e-outros-50-sao-condenados-por-estupros-de-gisele-pelicot\/\" type=\"link\">uando Dominique Pelicot foi condenado a 20 anos de pris\u00e3o por dopar a pr\u00f3pria <\/a>esposa e permitir que dezenas de homens a estuprassem ao longo de quase uma d\u00e9cada. Outros 50 envolvidos tamb\u00e9m foram condenados.<\/p>\n<p>Segundo as investiga\u00e7\u00f5es, parte dos abusadores foi recrutada por meio do site, que funcionava com alto grau de anonimato e sem mecanismos eficazes de controle. Ao longo dos anos, a plataforma passou a ser associada a uma s\u00e9rie de crimes, como explora\u00e7\u00e3o sexual, viol\u00eancia contra mulheres, tr\u00e1fico de drogas e agress\u00f5es homof\u00f3bicas. <\/p>\n<p>Encerrado por decis\u00e3o judicial em 2024, o servi\u00e7o voltou a circular em abril deste ano sob nova identidade, o que levou autoridades francesas a reabrirem o caso. A investiga\u00e7\u00e3o est\u00e1 sob responsabilidade de unidades especializadas em crimes cibern\u00e9ticos.<\/p>\n<p>Nas redes sociais, a alta-comiss\u00e1ria francesa para a Inf\u00e2ncia, Sarah El Ha\u00efry, criticou o reaparecimento da plataforma e apontou falhas na responsabiliza\u00e7\u00e3o no ambiente digital. Segundo ela, o retorno do site \u00e9 um \u201cverdadeiro tapa na cara\u201d, por facilitar crimes como estupros, tr\u00e1fico de drogas e explora\u00e7\u00e3o humana. A autoridade afirmou ainda que medidas est\u00e3o sendo tomadas e que os respons\u00e1veis ser\u00e3o rastreados e responsabilizados.<\/p>\n<div>\n<figure><img decoding=\"async\" width=\"396\" height=\"547\"src=\"https:\/\/redept.com.br\/blogosfera\/wp-content\/uploads\/2026\/04\/image-21-1.png\" alt=\"\" srcset=\"https:\/\/redept.com.br\/blogosfera\/wp-content\/uploads\/2026\/04\/image-21-1.png 396w, https:\/\/vermelho.org.br\/wp-content\/uploads\/2026\/04\/image-21-217x300.png 217w\" sizes=\"(max-width: 396px) 100vw, 396px\"><\/figure>\n<\/div>\n<p><strong>Plataformas digitais e a reprodu\u00e7\u00e3o de viol\u00eancias estruturais<\/strong><\/p>\n<p>O caso tamb\u00e9m evidencia os limites das respostas institucionais diante da atua\u00e7\u00e3o de plataformas digitais que operam com baixo n\u00edvel de regula\u00e7\u00e3o. A facilidade de anonimato e a aus\u00eancia de mecanismos efetivos de controle ampliam a circula\u00e7\u00e3o de pr\u00e1ticas criminosas e dificultam sua responsabiliza\u00e7\u00e3o.<\/p>\n<p>A viol\u00eancia contra as mulheres, inclusive em ambientes digitais, est\u00e1 inserida em estruturas sociais marcadas por desigualdades de g\u00eanero, classe e poder, que se reproduzem e se adaptam tamb\u00e9m no ambiente virtual .<\/p>\n<p>O reaparecimento da plataforma, portanto, n\u00e3o apenas reabre uma investiga\u00e7\u00e3o criminal, mas tamb\u00e9m refor\u00e7a a necessidade de enfrentar, de forma mais estruturada, as din\u00e2micas que sustentam a viol\u00eancia de g\u00eanero em diferentes espa\u00e7os, inclusive no ambiente digital.<\/p>\n<p>O post <a href=\"https:\/\/vermelho.org.br\/2026\/04\/29\/franca-investiga-retorno-de-site-ligado-a-estupros-no-caso-pelicot\/\">Fran\u00e7a investiga retorno de site ligado a estupros no caso Pelicot<\/a> apareceu primeiro em <a href=\"https:\/\/vermelho.org.br\/\">Vermelho<\/a>.<\/p>\n<!-- Begin Yuzo --><div class='yuzo_related_post style-1'  data-version='5.12.89'><!-- without result --><div class='yuzo_clearfixed yuzo__title yuzo__title'><h3>Related Post<\/h3><\/div>\n\t\t\t\t\t\t  <div class=\"relatedthumb \" style=\"width:125px;float:left;overflow:hidden;\">  \n\t\t\t\t\t\t\t  \n\t\t\t\t\t\t\t  <a  href=\"https:\/\/redept.com.br\/blogosfera\/no-xadrez-tarifario-empresas-apelam-a-trump-que-cogita-isentar-alguns-produtos\/\"  >\n\t\t\t\t\t\t\t\t\t  <div class=\"yuzo-img-wrap \" style=\"width: 125px;height:90px;\">\n\t\t\t\t\t\t\t\t\t\t\n\t\t\t\t\t\t\t\t\t\t<div class=\"yuzo-img\" style=\"background:url('https:\/\/redept.com.br\/blogosfera\/wp-content\/uploads\/2025\/07\/exportacao_Tania-Rego_Agencia-Brasil-150x150.jpg') 50% 50% no-repeat;width: 125px;height:90px;margin-bottom: 5px;background-size: cover; \"><\/div>\n\t\t\t\t\t\t\t\t\t  <\/div>\n\t\t\t\t\t\t\t\t\t  \n\t\t\t\t\t\t\t\t   <span class=\"yuzo__text--title\" style=\"font-size:13px;\">No xadrez tarif\u00e1rio, empresas apelam a Trump que c...<\/span>\n\t\t\t\t\t\t\t  \n\t\t\t\t\t\t\t  \n\t\t\t\t\t\t\t  <\/a>\n\n\t\t\t\t\t\t  <\/div>\n\t\t\t\t\t\t  <div class=\"relatedthumb \" style=\"width:125px;float:left;overflow:hidden;\">  \n\t\t\t\t\t\t\t  \n\t\t\t\t\t\t\t  <a  href=\"https:\/\/redept.com.br\/blogosfera\/lula-veta-aumento-de-numero-de-deputados-na-camara\/\"  >\n\t\t\t\t\t\t\t\t\t  <div class=\"yuzo-img-wrap \" style=\"width: 125px;height:90px;\">\n\t\t\t\t\t\t\t\t\t\t\n\t\t\t\t\t\t\t\t\t\t<div class=\"yuzo-img\" style=\"background:url('https:\/\/redept.org\/blogosfera\/wp-content\/plugins\/yuzo-related-post\/assets\/images\/default.png') 50% 50% no-repeat;width: 125px;height:90px;margin-bottom: 5px;background-size: cover; \"><\/div>\n\t\t\t\t\t\t\t\t\t  <\/div>\n\t\t\t\t\t\t\t\t\t  \n\t\t\t\t\t\t\t\t   <span class=\"yuzo__text--title\" style=\"font-size:13px;\">Lula veta aumento de n\u00famero de deputados na C\u00e2mara...<\/span>\n\t\t\t\t\t\t\t  \n\t\t\t\t\t\t\t  \n\t\t\t\t\t\t\t  <\/a>\n\n\t\t\t\t\t\t  <\/div>\n\t\t\t\t\t\t  <div class=\"relatedthumb \" style=\"width:125px;float:left;overflow:hidden;\">  \n\t\t\t\t\t\t\t  \n\t\t\t\t\t\t\t  <a  href=\"https:\/\/redept.com.br\/blogosfera\/crise-climatica-e-direitos-dos-atingidos-sera-tema-de-seminario-nos-dias-5-e-6-de-maio-em-porto-alegre\/\"  >\n\t\t\t\t\t\t\t\t\t  <div class=\"yuzo-img-wrap \" style=\"width: 125px;height:90px;\">\n\t\t\t\t\t\t\t\t\t\t\n\t\t\t\t\t\t\t\t\t\t<div class=\"yuzo-img\" style=\"background:url('https:\/\/redept.com.br\/blogosfera\/wp-content\/uploads\/2025\/04\/WhatsApp-Image-2025-04-30-at-085913-150x150.jpeg') 50% 50% no-repeat;width: 125px;height:90px;margin-bottom: 5px;background-size: cover; \"><\/div>\n\t\t\t\t\t\t\t\t\t  <\/div>\n\t\t\t\t\t\t\t\t\t  \n\t\t\t\t\t\t\t\t   <span class=\"yuzo__text--title\" style=\"font-size:13px;\">Crise clim\u00e1tica e direitos dos atingidos ser\u00e1 tema...<\/span>\n\t\t\t\t\t\t\t  \n\t\t\t\t\t\t\t  \n\t\t\t\t\t\t\t  <\/a>\n\n\t\t\t\t\t\t  <\/div>\n\t\t\t\t\t\t  <div class=\"relatedthumb \" style=\"width:125px;float:left;overflow:hidden;\">  \n\t\t\t\t\t\t\t  \n\t\t\t\t\t\t\t  <a  href=\"https:\/\/redept.com.br\/blogosfera\/por-unanimidade-stf-nega-recurso-e-mantem-condenacao-de-zambelli\/\"  >\n\t\t\t\t\t\t\t\t\t  <div class=\"yuzo-img-wrap \" style=\"width: 125px;height:90px;\">\n\t\t\t\t\t\t\t\t\t\t\n\t\t\t\t\t\t\t\t\t\t<div class=\"yuzo-img\" style=\"background:url('https:\/\/redept.org\/blogosfera\/wp-content\/plugins\/yuzo-related-post\/assets\/images\/default.png') 50% 50% no-repeat;width: 125px;height:90px;margin-bottom: 5px;background-size: cover; \"><\/div>\n\t\t\t\t\t\t\t\t\t  <\/div>\n\t\t\t\t\t\t\t\t\t  \n\t\t\t\t\t\t\t\t   <span class=\"yuzo__text--title\" style=\"font-size:13px;\">Por unanimidade, STF nega recurso e mant\u00e9m condena...<\/span>\n\t\t\t\t\t\t\t  \n\t\t\t\t\t\t\t  \n\t\t\t\t\t\t\t  <\/a>\n\n\t\t\t\t\t\t  <\/div>\n<\/div> <script>\n\t\t\t\t\t\t  jQuery(document).ready(function( $ ){\n\t\t\t\t\t\t\t\/\/jQuery('.yuzo_related_post').equalizer({ overflow : 'relatedthumb' });\n\t\t\t\t\t\t\tjQuery('.yuzo_related_post .yuzo_wraps').equalizer({ columns : '> div' });\n\t\t\t\t\t\t   })\n\t\t\t\t\t\t  <\/script> <!-- End Yuzo :) -->","protected":false},"excerpt":{"rendered":"<p>A Fran\u00e7a abriu uma investiga\u00e7\u00e3o sobre o reaparecimento de uma plataforma digital associada a crimes sexuais graves, incluindo o caso que chocou o pa\u00eds envolvendo Gis\u00e8le Pelicot. O site, anteriormente conhecido como Coco, voltou a operar sob outro nome, reacendendo preocupa\u00e7\u00f5es sobre o uso de ambientes digitais para pr\u00e1ticas criminosas. A plataforma esteve no centro [&hellip;]<\/p>\n","protected":false},"author":2,"featured_media":0,"comment_status":"open","ping_status":"closed","sticky":false,"template":"","format":"standard","meta":{"fifu_image_url":"","fifu_image_alt":"","footnotes":""},"categories":[307,389,50,2138],"tags":[],"class_list":["post-85351","post","type-post","status-publish","format-standard","hentry","category-direitos-humanos","category-estupro","category-internacional","category-violencia-contra-mulher"],"_links":{"self":[{"href":"https:\/\/redept.com.br\/blogosfera\/wp-json\/wp\/v2\/posts\/85351","targetHints":{"allow":["GET"]}}],"collection":[{"href":"https:\/\/redept.com.br\/blogosfera\/wp-json\/wp\/v2\/posts"}],"about":[{"href":"https:\/\/redept.com.br\/blogosfera\/wp-json\/wp\/v2\/types\/post"}],"author":[{"embeddable":true,"href":"https:\/\/redept.com.br\/blogosfera\/wp-json\/wp\/v2\/users\/2"}],"replies":[{"embeddable":true,"href":"https:\/\/redept.com.br\/blogosfera\/wp-json\/wp\/v2\/comments?post=85351"}],"version-history":[{"count":0,"href":"https:\/\/redept.com.br\/blogosfera\/wp-json\/wp\/v2\/posts\/85351\/revisions"}],"wp:attachment":[{"href":"https:\/\/redept.com.br\/blogosfera\/wp-json\/wp\/v2\/media?parent=85351"}],"wp:term":[{"taxonomy":"category","embeddable":true,"href":"https:\/\/redept.com.br\/blogosfera\/wp-json\/wp\/v2\/categories?post=85351"},{"taxonomy":"post_tag","embeddable":true,"href":"https:\/\/redept.com.br\/blogosfera\/wp-json\/wp\/v2\/tags?post=85351"}],"curies":[{"name":"wp","href":"https:\/\/api.w.org\/{rel}","templated":true}]}}