{"id":85354,"date":"2026-04-29T15:40:17","date_gmt":"2026-04-29T18:40:17","guid":{"rendered":"https:\/\/redept.com.br\/blogosfera\/jorge-messias-da-invertida-em-flavio-bolsonaro-apos-desinformacao-mentira-do-senador-mostra-pt-video\/"},"modified":"2026-04-29T15:40:17","modified_gmt":"2026-04-29T18:40:17","slug":"jorge-messias-da-invertida-em-flavio-bolsonaro-apos-desinformacao-mentira-do-senador-mostra-pt-video","status":"publish","type":"post","link":"https:\/\/redept.com.br\/blogosfera\/jorge-messias-da-invertida-em-flavio-bolsonaro-apos-desinformacao-mentira-do-senador-mostra-pt-video\/","title":{"rendered":"Jorge Messias d\u00e1 invertida em Fl\u00e1vio Bolsonaro ap\u00f3s desinforma\u00e7\u00e3o (\u201cmentira\u201d) do senador, mostra PT (video)"},"content":{"rendered":"<p>Filho do condenado por tentativa de golpe de Estado disse que o AGU poupou alguns sindicatos envolvidos no esc\u00e2ndalo do INSS, mas &#8220;foi prontamente desmentido pelo candidato ao STF&#8221;<\/p>\n<p>O post Jorge Messias d\u00e1 invertida em Fl\u00e1vio Bolsonaro ap\u00f3s desinforma\u00e7\u00e3o (\u201cmentira\u201d) do senador, mostra PT (video) apareceu primeiro em Urbs Magna.<\/p>\n<!-- Begin Yuzo --><div class='yuzo_related_post style-1'  data-version='5.12.89'><!-- without result --><div class='yuzo_clearfixed yuzo__title yuzo__title'><h3>Related Post<\/h3><\/div>\n\t\t\t\t\t\t  <div class=\"relatedthumb \" style=\"width:125px;float:left;overflow:hidden;\">  \n\t\t\t\t\t\t\t  \n\t\t\t\t\t\t\t  <a  href=\"https:\/\/redept.com.br\/blogosfera\/general-braga-netto-e-preso-pela-pf-por-tentativa-de-golpe-de-estado\/\"  >\n\t\t\t\t\t\t\t\t\t  <div class=\"yuzo-img-wrap \" style=\"width: 125px;height:90px;\">\n\t\t\t\t\t\t\t\t\t\t\n\t\t\t\t\t\t\t\t\t\t<div class=\"yuzo-img\" style=\"background:url('https:\/\/redept.com.br\/blogosfera\/wp-content\/uploads\/2024\/12\/braga-netofoto-tania-rego-agencia-brasil-150x150.jpg') 50% 50% no-repeat;width: 125px;height:90px;margin-bottom: 5px;background-size: cover; \"><\/div>\n\t\t\t\t\t\t\t\t\t  <\/div>\n\t\t\t\t\t\t\t\t\t  \n\t\t\t\t\t\t\t\t   <span class=\"yuzo__text--title\" style=\"font-size:13px;\">General Braga Netto \u00e9 preso pela PF por tentativa ...<\/span>\n\t\t\t\t\t\t\t  \n\t\t\t\t\t\t\t  \n\t\t\t\t\t\t\t  <\/a>\n\n\t\t\t\t\t\t  <\/div>\n\t\t\t\t\t\t  <div class=\"relatedthumb \" style=\"width:125px;float:left;overflow:hidden;\">  \n\t\t\t\t\t\t\t  \n\t\t\t\t\t\t\t  <a  href=\"https:\/\/redept.com.br\/blogosfera\/em-marcha-historica-multidao-exige-memoria-verdade-e-justica-nos-50-anos-do-golpe-militar-na-argentina\/\"  >\n\t\t\t\t\t\t\t\t\t  <div class=\"yuzo-img-wrap \" style=\"width: 125px;height:90px;\">\n\t\t\t\t\t\t\t\t\t\t\n\t\t\t\t\t\t\t\t\t\t<div class=\"yuzo-img\" style=\"background:url('https:\/\/redept.org\/blogosfera\/wp-content\/plugins\/yuzo-related-post\/assets\/images\/default.png') 50% 50% no-repeat;width: 125px;height:90px;margin-bottom: 5px;background-size: cover; \"><\/div>\n\t\t\t\t\t\t\t\t\t  <\/div>\n\t\t\t\t\t\t\t\t\t  \n\t\t\t\t\t\t\t\t   <span class=\"yuzo__text--title\" style=\"font-size:13px;\">Em marcha hist\u00f3rica, multid\u00e3o exige mem\u00f3ria, verda...<\/span>\n\t\t\t\t\t\t\t  \n\t\t\t\t\t\t\t  \n\t\t\t\t\t\t\t  <\/a>\n\n\t\t\t\t\t\t  <\/div>\n\t\t\t\t\t\t  <div class=\"relatedthumb \" style=\"width:125px;float:left;overflow:hidden;\">  \n\t\t\t\t\t\t\t  \n\t\t\t\t\t\t\t  <a  href=\"https:\/\/redept.com.br\/blogosfera\/departamento-de-justica-dos-eua-divulgou-menos-de-1-dos-arquivos-do-caso-epstein\/\"  >\n\t\t\t\t\t\t\t\t\t  <div class=\"yuzo-img-wrap \" style=\"width: 125px;height:90px;\">\n\t\t\t\t\t\t\t\t\t\t\n\t\t\t\t\t\t\t\t\t\t<div class=\"yuzo-img\" style=\"background:url('https:\/\/redept.com.br\/blogosfera\/wp-content\/uploads\/2026\/01\/bdf-20250718-203943-fdf434-1536x864-1-150x150.webp') 50% 50% no-repeat;width: 125px;height:90px;margin-bottom: 5px;background-size: cover; \"><\/div>\n\t\t\t\t\t\t\t\t\t  <\/div>\n\t\t\t\t\t\t\t\t\t  \n\t\t\t\t\t\t\t\t   <span class=\"yuzo__text--title\" style=\"font-size:13px;\">Departamento de Justi\u00e7a dos EUA divulgou menos de ...<\/span>\n\t\t\t\t\t\t\t  \n\t\t\t\t\t\t\t  \n\t\t\t\t\t\t\t  <\/a>\n\n\t\t\t\t\t\t  <\/div>\n\t\t\t\t\t\t  <div class=\"relatedthumb \" style=\"width:125px;float:left;overflow:hidden;\">  \n\t\t\t\t\t\t\t  \n\t\t\t\t\t\t\t  <a  href=\"https:\/\/redept.com.br\/blogosfera\/festival-palco-giratorio-tem-programacao-na-capital-e-no-interior-ate-8-de-junho\/\"  >\n\t\t\t\t\t\t\t\t\t  <div class=\"yuzo-img-wrap \" style=\"width: 125px;height:90px;\">\n\t\t\t\t\t\t\t\t\t\t\n\t\t\t\t\t\t\t\t\t\t<div class=\"yuzo-img\" style=\"background:url('https:\/\/redept.org\/blogosfera\/wp-content\/plugins\/yuzo-related-post\/assets\/images\/default.png') 50% 50% no-repeat;width: 125px;height:90px;margin-bottom: 5px;background-size: cover; \"><\/div>\n\t\t\t\t\t\t\t\t\t  <\/div>\n\t\t\t\t\t\t\t\t\t  \n\t\t\t\t\t\t\t\t   <span class=\"yuzo__text--title\" style=\"font-size:13px;\">Festival Palco Girat\u00f3rio tem programa\u00e7\u00e3o na Capita...<\/span>\n\t\t\t\t\t\t\t  \n\t\t\t\t\t\t\t  \n\t\t\t\t\t\t\t  <\/a>\n\n\t\t\t\t\t\t  <\/div>\n<\/div> <script>\n\t\t\t\t\t\t  jQuery(document).ready(function( $ ){\n\t\t\t\t\t\t\t\/\/jQuery('.yuzo_related_post').equalizer({ overflow : 'relatedthumb' });\n\t\t\t\t\t\t\tjQuery('.yuzo_related_post .yuzo_wraps').equalizer({ columns : '> div' });\n\t\t\t\t\t\t   })\n\t\t\t\t\t\t  <\/script> <!-- End Yuzo :) -->","protected":false},"excerpt":{"rendered":"<p>Filho do condenado por tentativa de golpe de Estado disse que o AGU poupou alguns sindicatos envolvidos no esc\u00e2ndalo do INSS, mas &#8220;foi prontamente desmentido pelo candidato ao STF&#8221;<\/p>\n<p>O post <a rel=\"nofollow\" href=\"https:\/\/urbsmagna.com\/flavio-bolsonaro-desmentido-messias-sindicato-inss-sabatina-stf\/\">Jorge Messias d\u00e1 invertida em Fl\u00e1vio Bolsonaro ap\u00f3s desinforma\u00e7\u00e3o (\u201cmentira\u201d) do senador, mostra PT (video)<\/a> apareceu primeiro em <a rel=\"nofollow\" href=\"https:\/\/urbsmagna.com\/\">Urbs Magna<\/a>.<\/p>\n","protected":false},"author":2,"featured_media":0,"comment_status":"open","ping_status":"closed","sticky":false,"template":"","format":"standard","meta":{"fifu_image_url":"","fifu_image_alt":"","footnotes":""},"categories":[8945,52980,52981,52982,355,52983,52984,52985,52986,191,8758,132,5471,45608,4720,52987,260,12623],"tags":[],"class_list":["post-85354","post","type-post","status-publish","format-standard","hentry","category-advocacia-geral-da-uniao","category-agu-bloqueio-sindicatos","category-aposentados-fraudes","category-democracia-senado","category-desinformacao","category-escandalo-inss","category-flavio-bolsonaro-inss","category-indicacao-stf-lula","category-messias-desmente-bolsonaro","category-noticias","category-operacao-sem-desconto","category-politica","category-politica-nacional","category-sabatina-jorge-messias","category-senado-federal","category-sindinap-inss","category-stf","category-supremo-tribunal-federal-stf"],"_links":{"self":[{"href":"https:\/\/redept.com.br\/blogosfera\/wp-json\/wp\/v2\/posts\/85354","targetHints":{"allow":["GET"]}}],"collection":[{"href":"https:\/\/redept.com.br\/blogosfera\/wp-json\/wp\/v2\/posts"}],"about":[{"href":"https:\/\/redept.com.br\/blogosfera\/wp-json\/wp\/v2\/types\/post"}],"author":[{"embeddable":true,"href":"https:\/\/redept.com.br\/blogosfera\/wp-json\/wp\/v2\/users\/2"}],"replies":[{"embeddable":true,"href":"https:\/\/redept.com.br\/blogosfera\/wp-json\/wp\/v2\/comments?post=85354"}],"version-history":[{"count":0,"href":"https:\/\/redept.com.br\/blogosfera\/wp-json\/wp\/v2\/posts\/85354\/revisions"}],"wp:attachment":[{"href":"https:\/\/redept.com.br\/blogosfera\/wp-json\/wp\/v2\/media?parent=85354"}],"wp:term":[{"taxonomy":"category","embeddable":true,"href":"https:\/\/redept.com.br\/blogosfera\/wp-json\/wp\/v2\/categories?post=85354"},{"taxonomy":"post_tag","embeddable":true,"href":"https:\/\/redept.com.br\/blogosfera\/wp-json\/wp\/v2\/tags?post=85354"}],"curies":[{"name":"wp","href":"https:\/\/api.w.org\/{rel}","templated":true}]}}