{"id":85355,"date":"2026-04-29T15:46:13","date_gmt":"2026-04-29T18:46:13","guid":{"rendered":"https:\/\/redept.com.br\/blogosfera\/projeto-bem-viver-lanca-cartilha-sobre-praticas-integrativas-na-reforma-agraria\/"},"modified":"2026-04-29T15:46:13","modified_gmt":"2026-04-29T18:46:13","slug":"projeto-bem-viver-lanca-cartilha-sobre-praticas-integrativas-na-reforma-agraria","status":"publish","type":"post","link":"https:\/\/redept.com.br\/blogosfera\/projeto-bem-viver-lanca-cartilha-sobre-praticas-integrativas-na-reforma-agraria\/","title":{"rendered":"Projeto Bem Viver lan\u00e7a cartilha sobre pr\u00e1ticas integrativas na Reforma Agr\u00e1ria"},"content":{"rendered":"<figure><img fetchpriority=\"high\" fetchpriority=\"high\" decoding=\"async\" width=\"1024\" height=\"683\"src=\"https:\/\/redept.com.br\/blogosfera\/wp-content\/uploads\/2026\/04\/image-24.jpeg\" alt=\"\" srcset=\"https:\/\/mst.org.br\/wp-content\/uploads\/2026\/04\/image-24-1024x683.jpeg 1024w, https:\/\/mst.org.br\/wp-content\/uploads\/2026\/04\/image-24-300x200.jpeg 300w, https:\/\/mst.org.br\/wp-content\/uploads\/2026\/04\/image-24-768x512.jpeg 768w, https:\/\/mst.org.br\/wp-content\/uploads\/2026\/04\/image-24-1536x1024.jpeg 1536w, https:\/\/redept.com.br\/blogosfera\/wp-content\/uploads\/2026\/04\/image-24.jpeg 1920w\" sizes=\"(max-width: 1024px) 100vw, 1024px\"><figcaption><em>A cartilha \u00e9 uma constru\u00e7\u00e3o coletiva que sistematiza as experi\u00eancias do Curso de Extens\u00e3o em Pr\u00e1ticas Integrativas de Sa\u00fade (PICS). Foto: Wellington Lenon<\/em><\/figcaption><\/figure>\n<p><em>Por Comunica\u00e7\u00e3o do Projeto Bem Viver<\/em><br \/><em>Da P\u00e1gina do MST<\/em><\/p>\n<p>O Projeto Bem Viver celebrou, em fevereiro deste ano, o lan\u00e7amento da cartilha \u201cSemeando conhecimento e ancestralidade\u201d. A publica\u00e7\u00e3o \u00e9 uma constru\u00e7\u00e3o coletiva que sistematiza as experi\u00eancias do Curso de Extens\u00e3o em Pr\u00e1ticas Integrativas de Sa\u00fade (PICS) com \u00canfase em Fitoterapia, realizado entre 2024 e 2025. O evento de lan\u00e7amento ocorreu no hist\u00f3rico Casar\u00e3o do assentamento Contestado, na Lapa, marcando tamb\u00e9m a formatura de cerca de 50 camponesas e militantes que agora atuam como multiplicadoras de sa\u00fade popular em suas comunidades.<\/p>\n<p>A iniciativa \u00e9 uma realiza\u00e7\u00e3o do Setor de Sa\u00fade do Movimento dos Trabalhadores Rurais Sem Terra (MST-PR), por meio do Projeto Bem Viver, realizado em parceria entre o Instituto Contestado de Agroecologia (ICA) e a Itaipu Binacional, atrav\u00e9s do programa \u201cItaipu Mais que Energia\u201d, com apoio da Universidade Estadual do Oeste do Paran\u00e1 (UNIOESTE).<\/p>\n<p>A cartilha reflete uma vis\u00e3o de sa\u00fade, para al\u00e9m da aus\u00eancia de doen\u00e7as, e sim como direito humano ligado \u00e0 luta pela terra e \u00e0 agroecologia.\u00a0<\/p>\n<p>\u201cEscrever este caderno nos revelou a for\u00e7a e a pot\u00eancia do coletivo. Do que somos capazes quando unidas\/os em torno de um objetivo comum e organizadas\/os para alcan\u00e7\u00e1-lo. Quando estamos unidas e organizadas, nada nos impedir\u00e1 de sermos vitoriosas\/os. O direito \u00e0 fala, a escuta amorosa e sem julgamentos, promoveu o di\u00e1logo libertador de mulheres e homens Sem Terra que tiveram pouca oportunidade de chegar \u00e0 escola, e que nos transforma em escritoras e escritores\u201d, conta Maria Izabel Grein na apresenta\u00e7\u00e3o da cartilha. Ela \u00e9 integrante da coordena\u00e7\u00e3o do curso e da escrita do material.\u00a0<\/p>\n<figure><img decoding=\"async\" width=\"1024\" height=\"683\"src=\"https:\/\/redept.com.br\/blogosfera\/wp-content\/uploads\/2026\/04\/image-1-2.jpeg\" alt=\"\" srcset=\"https:\/\/mst.org.br\/wp-content\/uploads\/2026\/04\/image-1-2-1024x683.jpeg 1024w, https:\/\/mst.org.br\/wp-content\/uploads\/2026\/04\/image-1-2-300x200.jpeg 300w, https:\/\/mst.org.br\/wp-content\/uploads\/2026\/04\/image-1-2-768x512.jpeg 768w, https:\/\/mst.org.br\/wp-content\/uploads\/2026\/04\/image-1-2-1536x1024.jpeg 1536w, https:\/\/redept.com.br\/blogosfera\/wp-content\/uploads\/2026\/04\/image-1-2.jpeg 1920w\" sizes=\"(max-width: 1024px) 100vw, 1024px\"><figcaption><em>Maria Izabel Grein atua h\u00e1 mais de 40 anos fortalecendo a organiza\u00e7\u00e3o popular, especialmente pelo direito \u00e0 educa\u00e7\u00e3o e sa\u00fade para o povo campon\u00eas. Foto: Wellington Lenon<\/em><\/figcaption><\/figure>\n<p>O material tem car\u00e1ter pr\u00e1tico e afetivo, reunindo relatos de vida, ilustra\u00e7\u00f5es, cartografia social, poesias e receitas de fitoterapia, como a produ\u00e7\u00e3o de pomadas e tinturas naturais.\u00a0<\/p>\n<p>A cartilha e o nome da turma do curso foram dedicados \u00e0 mem\u00f3ria de Luiza Aparecida dos Santos, militante hist\u00f3rica do MST no Paran\u00e1, dedicando 28 anos de sua vida \u00e0 luta pela reforma agr\u00e1ria e \u00e0 organiza\u00e7\u00e3o do Setor de Sa\u00fade. Reconhecida por sua imensa capacidade de acolhimento e resist\u00eancia, ela se tornou uma refer\u00eancia fundamental de cuidado ao atuar diretamente no amparo \u00e0s fam\u00edlias durante momentos cr\u00edticos de conflitos e despejos violentos. Sua trajet\u00f3ria de dedica\u00e7\u00e3o \u00e0 vida e aos saberes populares, simbolizando o legado de afeto, ancestralidade e solidariedade.\u00a0<\/p>\n<figure><\/figure>\n<figure><\/figure>\n<figure><img decoding=\"async\" width=\"1024\" height=\"683\"src=\"https:\/\/redept.com.br\/blogosfera\/wp-content\/uploads\/2026\/04\/image-3-1.jpeg\" alt=\"\" srcset=\"https:\/\/mst.org.br\/wp-content\/uploads\/2026\/04\/image-3-1-1024x683.jpeg 1024w, https:\/\/mst.org.br\/wp-content\/uploads\/2026\/04\/image-3-1-300x200.jpeg 300w, https:\/\/mst.org.br\/wp-content\/uploads\/2026\/04\/image-3-1-768x512.jpeg 768w, https:\/\/mst.org.br\/wp-content\/uploads\/2026\/04\/image-3-1-1536x1024.jpeg 1536w, https:\/\/redept.com.br\/blogosfera\/wp-content\/uploads\/2026\/04\/image-3-1.jpeg 1920w\" sizes=\"(max-width: 1024px) 100vw, 1024px\"><\/figure>\n<p><em>Mais de 50 pessoas, a maioria mulheres, se formaram no curso sobre PICS. Fotos: Wellington Lenon<\/em><\/p>\n<h2>O encontro entre a ci\u00eancia e o saber popular<\/h2>\n<p>As PICS, integradas ao Sistema \u00danico de Sa\u00fade (SUS), buscam atender o ser humano em suas dimens\u00f5es f\u00edsica, psicol\u00f3gica e afetiva. Para as participantes, o curso foi uma ponte entre a academia e o territ\u00f3rio. Crislaine Lourdes Faustino, integrante do Setor de Sa\u00fade h\u00e1 18 anos e moradora do acampamento Fidel Castro, relata a emo\u00e7\u00e3o da conquista: \u201cTeve pessoas que mal terminaram a quarta s\u00e9rie e hoje est\u00e3o formadas. \u00c9 um privil\u00e9gio. A sa\u00fade vem desde o psicol\u00f3gico, do estar bem consigo mesma, at\u00e9 a alimenta\u00e7\u00e3o saud\u00e1vel que vem da terra\u201d.<\/p>\n<figure><\/figure>\n<figure><img decoding=\"async\" width=\"1024\" height=\"683\"src=\"https:\/\/redept.com.br\/blogosfera\/wp-content\/uploads\/2026\/04\/image-4-1.jpeg\" alt=\"\" srcset=\"https:\/\/mst.org.br\/wp-content\/uploads\/2026\/04\/image-4-1-1024x683.jpeg 1024w, https:\/\/mst.org.br\/wp-content\/uploads\/2026\/04\/image-4-1-300x200.jpeg 300w, https:\/\/mst.org.br\/wp-content\/uploads\/2026\/04\/image-4-1-768x512.jpeg 768w, https:\/\/mst.org.br\/wp-content\/uploads\/2026\/04\/image-4-1-1536x1024.jpeg 1536w, https:\/\/redept.com.br\/blogosfera\/wp-content\/uploads\/2026\/04\/image-4-1.jpeg 1920w\" sizes=\"(max-width: 1024px) 100vw, 1024px\"><\/figure>\n<p><em>Fotos: Wellington Lenon<\/em><\/p>\n<p>Serla Moraes, produtora agroecol\u00f3gica no assentamento Guanabara e integrante da coordena\u00e7\u00e3o do Setor de Sa\u00fade, fala com emo\u00e7\u00e3o sobre a conquista do curso e da produ\u00e7\u00e3o da cartilha. \u201cN\u00f3s estamos celebrando a nossa forma\u00e7\u00e3o, n\u00f3s estamos celebrando o conhecimento que n\u00f3s trouxemos, que veio de todos os espa\u00e7os, das comunidades, da ancestralidade, das ervas, do jeito nosso de cuidar, as v\u00e1rias formas que temos de cuidar da vida, da sa\u00fade l\u00e1 no nosso assentamento, l\u00e1 no nosso acampamento\u201d.\u00a0<\/p>\n<p>Presente na cerim\u00f4nia, o assessor da Diretoria de Coordena\u00e7\u00e3o da Itaipu Binacional, Adriano Lima dos Santos, refor\u00e7ou o compromisso da institui\u00e7\u00e3o e do governo federal com a difus\u00e3o da ci\u00eancia e o fortalecimento das a\u00e7\u00f5es comunit\u00e1rias. \u201cQueremos formar muito mais pessoas para que possam se movimentar com sa\u00fade, forma\u00e7\u00e3o e ci\u00eancia\u201d, declarou.<\/p>\n<figure><\/figure>\n<figure><img loading=\"lazy\" decoding=\"async\" width=\"1024\" height=\"683\"src=\"https:\/\/redept.com.br\/blogosfera\/wp-content\/uploads\/2026\/04\/image-5-2.jpeg\" alt=\"\" srcset=\"https:\/\/mst.org.br\/wp-content\/uploads\/2026\/04\/image-5-2-1024x683.jpeg 1024w, https:\/\/mst.org.br\/wp-content\/uploads\/2026\/04\/image-5-2-300x200.jpeg 300w, https:\/\/mst.org.br\/wp-content\/uploads\/2026\/04\/image-5-2-768x512.jpeg 768w, https:\/\/mst.org.br\/wp-content\/uploads\/2026\/04\/image-5-2-1536x1024.jpeg 1536w, https:\/\/redept.com.br\/blogosfera\/wp-content\/uploads\/2026\/04\/image-5-2.jpeg 1920w\" sizes=\"(max-width: 1024px) 100vw, 1024px\"><\/figure>\n<p><em>Fotos: Wellington Lenon<\/em><\/p>\n<p>A forma\u00e7\u00e3o percorreu diversos centros de agroecologia no Paran\u00e1 em quatro etapas itinerantes, reafirmando o papel central das mulheres como guardi\u00e3s dos saberes ancestrais e protagonistas na constru\u00e7\u00e3o de territ\u00f3rios saud\u00e1veis.<\/p>\n<p>Participaram do lan\u00e7amento da cartilha Adriano de Lima e Rodrigo Cupelli, representantes da Itaipu Binacional; Sylviane\u00a0 Guilherme, integrante do Comit\u00ea Popular de Cultura do Paran\u00e1; Gabriela Schenato Bica, Chefe de gabinete da reitoria da UFPR; Alessandra Rosa Carrijo, representante do Curso de Enfermagem pelo Pronera \u2013 Unioeste; Adriana Palu, integrante da Articula\u00e7\u00e3o Nacional de Movimentos e Pr\u00e1ticas de Educa\u00e7\u00e3o Popular e Sa\u00fade (ANEPS).\u00a0<\/p>\n<p><em>*Editado por Fernanda Alc\u00e2ntara<\/em><\/p>\n<p>O post <a href=\"https:\/\/mst.org.br\/2026\/04\/29\/projeto-bem-viver-lanca-cartilha-sobre-praticas-integrativas-na-reforma-agraria\/\">Projeto Bem Viver lan\u00e7a cartilha sobre pr\u00e1ticas integrativas na Reforma Agr\u00e1ria<\/a> apareceu primeiro em <a href=\"https:\/\/mst.org.br\/\">MST<\/a>.<\/p>\n<!-- Begin Yuzo --><div class='yuzo_related_post style-1'  data-version='5.12.89'><!-- without result --><div class='yuzo_clearfixed yuzo__title yuzo__title'><h3>Related Post<\/h3><\/div>\n\t\t\t\t\t\t  <div class=\"relatedthumb \" style=\"width:125px;float:left;overflow:hidden;\">  \n\t\t\t\t\t\t\t  \n\t\t\t\t\t\t\t  <a  href=\"https:\/\/redept.com.br\/blogosfera\/genocidio-em-gaza-reino-unido-exclui-autoridades-israelenses-de-evento-de-defesa\/\"  >\n\t\t\t\t\t\t\t\t\t  <div class=\"yuzo-img-wrap \" style=\"width: 125px;height:90px;\">\n\t\t\t\t\t\t\t\t\t\t\n\t\t\t\t\t\t\t\t\t\t<div class=\"yuzo-img\" style=\"background:url('https:\/\/redept.com.br\/blogosfera\/wp-content\/uploads\/2025\/08\/prime_minister_keir_starmer_attends_chogm_summit_in_samoa_-day_3-150x150.jpg') 50% 50% no-repeat;width: 125px;height:90px;margin-bottom: 5px;background-size: cover; \"><\/div>\n\t\t\t\t\t\t\t\t\t  <\/div>\n\t\t\t\t\t\t\t\t\t  \n\t\t\t\t\t\t\t\t   <span class=\"yuzo__text--title\" style=\"font-size:13px;\">Genoc\u00eddio em Gaza: Reino Unido exclui autoridades ...<\/span>\n\t\t\t\t\t\t\t  \n\t\t\t\t\t\t\t  \n\t\t\t\t\t\t\t  <\/a>\n\n\t\t\t\t\t\t  <\/div>\n\t\t\t\t\t\t  <div class=\"relatedthumb \" style=\"width:125px;float:left;overflow:hidden;\">  \n\t\t\t\t\t\t\t  \n\t\t\t\t\t\t\t  <a  href=\"https:\/\/redept.com.br\/blogosfera\/documentario-nos-passos-ancestrais-de-paulo-dantas-propoe-reflexao-sobre-memoria-e-ancestralidade-na-paraiba\/\"  >\n\t\t\t\t\t\t\t\t\t  <div class=\"yuzo-img-wrap \" style=\"width: 125px;height:90px;\">\n\t\t\t\t\t\t\t\t\t\t\n\t\t\t\t\t\t\t\t\t\t<div class=\"yuzo-img\" style=\"background:url('https:\/\/redept.org\/blogosfera\/wp-content\/plugins\/yuzo-related-post\/assets\/images\/default.png') 50% 50% no-repeat;width: 125px;height:90px;margin-bottom: 5px;background-size: cover; \"><\/div>\n\t\t\t\t\t\t\t\t\t  <\/div>\n\t\t\t\t\t\t\t\t\t  \n\t\t\t\t\t\t\t\t   <span class=\"yuzo__text--title\" style=\"font-size:13px;\">Document\u00e1rio \u201cNos Passos Ancestrais\u201d, de Paulo Dan...<\/span>\n\t\t\t\t\t\t\t  \n\t\t\t\t\t\t\t  \n\t\t\t\t\t\t\t  <\/a>\n\n\t\t\t\t\t\t  <\/div>\n\t\t\t\t\t\t  <div class=\"relatedthumb \" style=\"width:125px;float:left;overflow:hidden;\">  \n\t\t\t\t\t\t\t  \n\t\t\t\t\t\t\t  <a  href=\"https:\/\/redept.com.br\/blogosfera\/presidentes-vao-flexibilizar-tarifas-comerciais-do-mercosul\/\"  >\n\t\t\t\t\t\t\t\t\t  <div class=\"yuzo-img-wrap \" style=\"width: 125px;height:90px;\">\n\t\t\t\t\t\t\t\t\t\t\n\t\t\t\t\t\t\t\t\t\t<div class=\"yuzo-img\" style=\"background:url('https:\/\/redept.org\/blogosfera\/wp-content\/plugins\/yuzo-related-post\/assets\/images\/default.png') 50% 50% no-repeat;width: 125px;height:90px;margin-bottom: 5px;background-size: cover; \"><\/div>\n\t\t\t\t\t\t\t\t\t  <\/div>\n\t\t\t\t\t\t\t\t\t  \n\t\t\t\t\t\t\t\t   <span class=\"yuzo__text--title\" style=\"font-size:13px;\">Presidentes v\u00e3o flexibilizar tarifas comerciais do...<\/span>\n\t\t\t\t\t\t\t  \n\t\t\t\t\t\t\t  \n\t\t\t\t\t\t\t  <\/a>\n\n\t\t\t\t\t\t  <\/div>\n\t\t\t\t\t\t  <div class=\"relatedthumb \" style=\"width:125px;float:left;overflow:hidden;\">  \n\t\t\t\t\t\t\t  \n\t\t\t\t\t\t\t  <a  href=\"https:\/\/redept.com.br\/blogosfera\/miembros-lgbti-de-la-via-campesina-senalan-los-principales-desafios-en-la-defensa-del-cuerpo-territorio-en-america-latina\/\"  >\n\t\t\t\t\t\t\t\t\t  <div class=\"yuzo-img-wrap \" style=\"width: 125px;height:90px;\">\n\t\t\t\t\t\t\t\t\t\t\n\t\t\t\t\t\t\t\t\t\t<div class=\"yuzo-img\" style=\"background:url('https:\/\/redept.com.br\/blogosfera\/wp-content\/uploads\/2025\/07\/LGBTI-Via-Campesina-ENFF-4-1-1-150x150.jpg') 50% 50% no-repeat;width: 125px;height:90px;margin-bottom: 5px;background-size: cover; \"><\/div>\n\t\t\t\t\t\t\t\t\t  <\/div>\n\t\t\t\t\t\t\t\t\t  \n\t\t\t\t\t\t\t\t   <span class=\"yuzo__text--title\" style=\"font-size:13px;\">Miembros LGBTI+ de La V\u00eda Campesina se\u00f1alan los pr...<\/span>\n\t\t\t\t\t\t\t  \n\t\t\t\t\t\t\t  \n\t\t\t\t\t\t\t  <\/a>\n\n\t\t\t\t\t\t  <\/div>\n<\/div> <script>\n\t\t\t\t\t\t  jQuery(document).ready(function( $ ){\n\t\t\t\t\t\t\t\/\/jQuery('.yuzo_related_post').equalizer({ overflow : 'relatedthumb' });\n\t\t\t\t\t\t\tjQuery('.yuzo_related_post .yuzo_wraps').equalizer({ columns : '> div' });\n\t\t\t\t\t\t   })\n\t\t\t\t\t\t  <\/script> <!-- End Yuzo :) -->","protected":false},"excerpt":{"rendered":"<p>A cartilha \u00e9 uma constru\u00e7\u00e3o coletiva que sistematiza as experi\u00eancias do Curso de Extens\u00e3o em Pr\u00e1ticas Integrativas de Sa\u00fade (PICS). Foto: Wellington Lenon Por Comunica\u00e7\u00e3o do Projeto Bem ViverDa P\u00e1gina do MST O Projeto Bem Viver celebrou, em fevereiro deste ano, o lan\u00e7amento da cartilha \u201cSemeando conhecimento e ancestralidade\u201d. A publica\u00e7\u00e3o \u00e9 uma constru\u00e7\u00e3o coletiva [&hellip;]<\/p>\n","protected":false},"author":2,"featured_media":85356,"comment_status":"open","ping_status":"closed","sticky":false,"template":"","format":"standard","meta":{"fifu_image_url":"","fifu_image_alt":"","footnotes":""},"categories":[306,191,319,52988,200],"tags":[],"class_list":["post-85355","post","type-post","status-publish","format-standard","has-post-thumbnail","hentry","category-agroecologia","category-noticias","category-parana","category-projeto-bem-viver","category-reforma-agraria-popular"],"_links":{"self":[{"href":"https:\/\/redept.com.br\/blogosfera\/wp-json\/wp\/v2\/posts\/85355","targetHints":{"allow":["GET"]}}],"collection":[{"href":"https:\/\/redept.com.br\/blogosfera\/wp-json\/wp\/v2\/posts"}],"about":[{"href":"https:\/\/redept.com.br\/blogosfera\/wp-json\/wp\/v2\/types\/post"}],"author":[{"embeddable":true,"href":"https:\/\/redept.com.br\/blogosfera\/wp-json\/wp\/v2\/users\/2"}],"replies":[{"embeddable":true,"href":"https:\/\/redept.com.br\/blogosfera\/wp-json\/wp\/v2\/comments?post=85355"}],"version-history":[{"count":0,"href":"https:\/\/redept.com.br\/blogosfera\/wp-json\/wp\/v2\/posts\/85355\/revisions"}],"wp:featuredmedia":[{"embeddable":true,"href":"https:\/\/redept.com.br\/blogosfera\/wp-json\/wp\/v2\/media\/85356"}],"wp:attachment":[{"href":"https:\/\/redept.com.br\/blogosfera\/wp-json\/wp\/v2\/media?parent=85355"}],"wp:term":[{"taxonomy":"category","embeddable":true,"href":"https:\/\/redept.com.br\/blogosfera\/wp-json\/wp\/v2\/categories?post=85355"},{"taxonomy":"post_tag","embeddable":true,"href":"https:\/\/redept.com.br\/blogosfera\/wp-json\/wp\/v2\/tags?post=85355"}],"curies":[{"name":"wp","href":"https:\/\/api.w.org\/{rel}","templated":true}]}}