{"id":85369,"date":"2026-04-29T16:02:40","date_gmt":"2026-04-29T19:02:40","guid":{"rendered":"https:\/\/redept.com.br\/blogosfera\/grandes-empresas-compraram-r-48-bi-de-fornecedores-flagrados-com-trabalho-escravo-diz-mpt\/"},"modified":"2026-04-29T16:02:40","modified_gmt":"2026-04-29T19:02:40","slug":"grandes-empresas-compraram-r-48-bi-de-fornecedores-flagrados-com-trabalho-escravo-diz-mpt","status":"publish","type":"post","link":"https:\/\/redept.com.br\/blogosfera\/grandes-empresas-compraram-r-48-bi-de-fornecedores-flagrados-com-trabalho-escravo-diz-mpt\/","title":{"rendered":"Grandes empresas compraram R$ 48 bi de fornecedores flagrados com trabalho escravo, diz MPT"},"content":{"rendered":"<p><strong>MAIS DE 30<\/strong> grandes empresas compraram, nos \u00faltimos anos, R$ 48 bilh\u00f5es em insumos de fornecedores flagrados por trabalho escravo. Parte dessas companhias assinou acordos para prevenir o crime em suas cadeias produtivas, enquanto outras foram levadas \u00e0 Justi\u00e7a para adotar provid\u00eancias.<\/p>\n<p>Esses s\u00e3o os resultados da primeira fase do projeto Rea\u00e7\u00e3o em Cadeia, anunciados nesta quarta-feira (29) pelo MPT (Minist\u00e9rio P\u00fablico do Trabalho). O projeto foi criado em 2020 numa tentativa da Procuradoria de responsabilizar empresas envolvidas, direta ou indiretamente, com trabalho an\u00e1logo ao de escravo em cadeias produtivas no Brasil.<\/p>\n<p>\u201cA gente conseguiu demonstrar que, ao longo de anos, boa parte dessas empresas adquire mercadorias de empregadores escravocratas e n\u00e3o adotam o m\u00ednimo de cuidado que seria de se esperar para empresas que s\u00e3o multinacionais, grandes ind\u00fastrias\u201d, afirma o coordenador do projeto, o procurador do Trabalho Ilan Fonseca, em coletiva de imprensa na sede do \u00f3rg\u00e3o, em Bras\u00edlia.<\/p>\n<p>Segundo os dados apresentados, foram produzidos mais de 30 relat\u00f3rios t\u00e9cnicos de rastreamento, abrangendo nove setores econ\u00f4micos estrat\u00e9gicos da economia brasileira.<\/p>\n<div data-elementor-type=\"section\" data-elementor-id=\"77670\" data-elementor-post-type=\"elementor_library\">\n<div data-id=\"17a659f\" data-element_type=\"container\" data-e-type=\"container\" data-settings='{\"background_background\":\"classic\"}'>\n<div>\n<div data-id=\"386385d\" data-element_type=\"widget\" data-e-type=\"widget\" data-widget_type=\"heading.default\">\n<div>\n<h2>ASSINE NOSSA NEWSLETTER<\/h2>\n<\/p><\/div>\n<\/p><\/div>\n<div data-id=\"6546917\" data-element_type=\"widget\" data-e-type=\"widget\" data-widget_type=\"html.default\">\n<div>\n\t\t\t\t\t\t\t\t\t<\/div>\n<\/p><\/div>\n<div data-id=\"8c2e333\" data-element_type=\"widget\" data-e-type=\"widget\" data-settings='{\"button_width\":\"20\",\"step_next_label\":\"Next\",\"step_previous_label\":\"Previous\",\"button_width_mobile\":\"20\",\"step_type\":\"number_text\",\"step_icon_shape\":\"circle\"}' data-widget_type=\"form.default\">\n<div>\n<div>\n<div>\n\t\t\t\t\t\t\t\t\t\t\t\t<label for=\"form-field-email\"><br \/>\n\t\t\t\t\t\t\t\tEmail\t\t\t\t\t\t\t<\/label><\/p><\/div>\n<div>\n\t\t\t\t\t<button type=\"submit\"><br \/>\n\t\t\t\t\t\t<span><br \/>\n\t\t\t\t\t\t\t\t\t\t\t\t\t\t\t<span><br \/>\n\t\t\t\t\t\t\t\t\t<i aria-hidden=\"true\"><\/i>\t\t\t\t\t\t\t\t\t\t\t\t\t\t\t\t\t\t\t<span>Submit<\/span><br \/>\n\t\t\t\t\t\t\t\t\t\t\t\t\t\t\t\t\t<\/span><br \/>\n\t\t\t\t\t\t\t\t\t\t\t\t\t\t\t\t\t\t\t\t<\/span><br \/>\n\t\t\t\t\t<\/button>\n\t\t\t\t<\/div>\n<\/p><\/div>\n<\/p><\/div>\n<\/p><\/div>\n<\/p><\/div>\n<\/p><\/div>\n<\/p><\/div>\n<p>Entre os segmentos identificados est\u00e3o alimentos e setor supermercadista, agropecu\u00e1ria, soja, etanol, ind\u00fastria do a\u00e7o, ind\u00fastria t\u00eaxtil e constru\u00e7\u00e3o civil. O relat\u00f3rio tamb\u00e9m menciona, na zona rural, atividades como pecu\u00e1ria, carvoejamento para siderurgia, cafeicultura, produ\u00e7\u00e3o de etanol, cultivo de soja, extra\u00e7\u00e3o de sisal e mandioca. Nos centros urbanos, o trabalho escravo \u00e9 mais presente na ind\u00fastria t\u00eaxtil e na constru\u00e7\u00e3o civil.<\/p>\n<p>As informa\u00e7\u00f5es se referem aos anos de 2024 e 2025, per\u00edodo em que o projeto deixou de ser apenas um diagn\u00f3stico sobre cadeias produtivas e passou a ter tamb\u00e9m uma dimens\u00e3o investigativa, com ajuizamento de a\u00e7\u00f5es e assinatura de acordos.<\/p>\n<p>O relat\u00f3rio da primeira fase aponta que mais de 50 empresas foram formalmente notificadas para prestar esclarecimentos sobre transa\u00e7\u00f5es comerciais com fornecedores flagrados em situa\u00e7\u00e3o de trabalho escravo. O volume financeiro rastreado ultrapassa R$ 48 bilh\u00f5es em opera\u00e7\u00f5es comerciais entre essas empresas no topo da cadeia e os fornecedores inclu\u00eddos na chamada Lista Suja do Trabalho Escravo \u2014 cadastro publicado pelo Minist\u00e9rio do Trabalho e Emprego com os dados de empregadores responsabilizados administrativamente pela pr\u00e1tica.<\/p>\n<p>Entre as empresas citadas est\u00e3o o frigor\u00edfico JBS e a trading de gr\u00e3os Cargill, alvos de a\u00e7\u00f5es civis p\u00fablicas. Aparece tamb\u00e9m a sider\u00fargica Viena, que firmou um TAC (Termo de Ajustamento de Conduta) com a Procuradoria \u2014 a empresa era compradora de uma carvoaria no Maranh\u00e3o onde um trabalhador foi amarrado e a\u00e7oitado, em caso revelado pela <strong>Rep\u00f3rter Brasil<\/strong>.\u00a0<\/p>\n<p>A <strong>Rep\u00f3rter Brasil<\/strong> procurou as empresas citadas no in\u00edcio da tarde desta quarta e aguarda posicionamento. Veja a lista completa de companhias no relat\u00f3rio do MPT.\u00a0\u00a0<\/p>\n<p>O material aponta ainda que duas redes supermercadistas movimentaram mais de R$ 40 bilh\u00f5es em aquisi\u00e7\u00f5es junto a fornecedores com trabalho escravo identificado. Distribuidoras de combust\u00edveis compraram mais de R$ 1,8 bilh\u00e3o em etanol de usinas flagradas. Na siderurgia, as transa\u00e7\u00f5es rastreadas superaram R$ 1,2 bilh\u00e3o. No t\u00eaxtil, grandes varejistas de moda movimentaram mais de R$ 126 milh\u00f5es com fornecedores vinculados \u00e0 pr\u00e1tica.<\/p>\n<p>\u201cO salto desse projeto \u00e9 justamente conseguir responsabilizar essas grandes ind\u00fastrias, essas grandes marcas, essas multinacionais e mostrar que a legisla\u00e7\u00e3o brasileira tem v\u00e1rios dispositivos que permitem essa responsabiliza\u00e7\u00e3o e imputar esse dever de devida dilig\u00eancia a essas empresas\u201d, aponta Ilan.<\/p>\n<p>O coordenador nacional de combate ao trabalho escravo (Conaete) do MPT, Luciano Arag\u00e3o, explica que o Rea\u00e7\u00e3o em Cadeia n\u00e3o parte de uma escolha pr\u00e9via por grandes marcas. \u201cO crit\u00e9rio \u00e9 a identifica\u00e7\u00e3o de quem compra, direta ou indiretamente, produtos de fornecedores comprovadamente flagrados com trabalho escravo. Ao seguir esse rastro comercial, o projeto chegou a companhias com peso significativo em suas cadeias produtivas\u201d, assinala.<\/p>\n<figure><img fetchpriority=\"high\" fetchpriority=\"high\" decoding=\"async\" width=\"1024\" height=\"683\"src=\"https:\/\/redept.com.br\/blogosfera\/wp-content\/uploads\/2026\/04\/coletiva-mpt.jpg\" alt=\"\nDados foram apresentados nesta quarta-feira em coletiva de imprensa na sede da Procuradoria-Geral do Trabalho, em Bras\u00edlia (Foto: Ubirajara Machado\/MPT)\" srcset=\"https:\/\/reporterbrasil.org.br\/wp-content\/uploads\/2026\/04\/coletiva-mpt-1024x683.jpg 1024w, https:\/\/reporterbrasil.org.br\/wp-content\/uploads\/2026\/04\/coletiva-mpt-300x200.jpg 300w, https:\/\/reporterbrasil.org.br\/wp-content\/uploads\/2026\/04\/coletiva-mpt-768x512.jpg 768w, https:\/\/redept.com.br\/blogosfera\/wp-content\/uploads\/2026\/04\/coletiva-mpt.jpg 1200w\" sizes=\"(max-width: 1024px) 100vw, 1024px\"><figcaption>Dados foram apresentados nesta quarta-feira em coletiva de imprensa na sede da Procuradoria-Geral do Trabalho, em Bras\u00edlia (Foto: Ubirajara Machado\/MPT)<\/figcaption><\/figure>\n<h2>Programa quer responsabilizar empresas no topo das cadeias produtivas flagradas com trabalho escravo<\/h2>\n<p>Lan\u00e7ado em novembro de 2020, o programa tem como objetivo difundir entre procuradores e procuradoras do Trabalho instrumentos jur\u00eddicos para responsabilizar empresas que controlam cadeias produtivas nas quais s\u00e3o constatadas graves viola\u00e7\u00f5es de direitos humanos, como o trabalho escravo. A iniciativa tem previs\u00e3o de conclus\u00e3o em 2027.<\/p>\n<p>Segundo o MPT, o Rea\u00e7\u00e3o em Cadeia busca deslocar o foco principal da fiscaliza\u00e7\u00e3o. Em vez de olhar apenas para o local onde ocorre o flagrante \u2014 uma fazenda, uma oficina, uma pedreira ou um alojamento prec\u00e1rio \u2014, o MPT segue o caminho do produto para identificar quem se beneficia economicamente da atividade explorada.<\/p>\n<p>De acordo com os procuradores, muitas vezes, a grande empresa n\u00e3o \u00e9 quem mant\u00e9m diretamente trabalhadores sem sal\u00e1rio, em alojamentos degradantes, submetidos a d\u00edvidas ilegais ou a jornadas exaustivas. Mas pode ser ela quem compra, financia, coordena, pressiona pre\u00e7os, definindo padr\u00f5es de produ\u00e7\u00e3o ou se beneficiando comercialmente do produto obtido por meio dessas viola\u00e7\u00f5es.<\/p>\n<p>\u201cPor deslocar a responsabiliza\u00e7\u00e3o para al\u00e9m do empregador direto e envolver tamb\u00e9m os segmentos econ\u00f4micos beneficiados pela explora\u00e7\u00e3o, acredito no projeto como um degrau a mais que as institui\u00e7\u00f5es p\u00fablicas e tamb\u00e9m os segmentos econ\u00f4micos envolvidos podem dar no sentido da plena efetividade do princ\u00edpio da dignidade da pessoa humana\u201d, afirma a procuradora-geral do Trabalho em exerc\u00edcio, Teresa Basteiro.\u00a0<\/p>\n<p>A procuradora do Trabalho Tatiana Bivar lembra que o ajuizamento das a\u00e7\u00f5es n\u00e3o encerra a possibilidade de negocia\u00e7\u00e3o com as empresas.<\/p>\n<p>\u201c\u00c9 importante deixar claro que, mesmo nos casos em que as empresas j\u00e1 respondem a a\u00e7\u00f5es civis p\u00fablicas, a possibilidade de di\u00e1logo permanece aberta. A qualquer momento, podemos chegar a um consenso e converter essa a\u00e7\u00e3o em um acordo\u201d, diz.<\/p>\n<figure><img decoding=\"async\" width=\"1024\" height=\"683\"src=\"https:\/\/redept.com.br\/blogosfera\/wp-content\/uploads\/2026\/04\/supermercado_economia_20220729_0886-2048x1365.jpg\" alt=\"Setor de supermercados comprou R$ 40 bilh\u00f5es em produtos de fornecedores flagrados com trabalho escravo, segundo MPT ( Foto: Valter Campanato\/Ag\u00eancia Brasil)\" srcset=\"https:\/\/reporterbrasil.org.br\/wp-content\/uploads\/2026\/04\/supermercado_economia_20220729_0886-1024x683.jpg 1024w, https:\/\/reporterbrasil.org.br\/wp-content\/uploads\/2026\/04\/supermercado_economia_20220729_0886-300x200.jpg 300w, https:\/\/reporterbrasil.org.br\/wp-content\/uploads\/2026\/04\/supermercado_economia_20220729_0886-768x512.jpg 768w, https:\/\/reporterbrasil.org.br\/wp-content\/uploads\/2026\/04\/supermercado_economia_20220729_0886-1536x1024.jpg 1536w, https:\/\/redept.com.br\/blogosfera\/wp-content\/uploads\/2026\/04\/supermercado_economia_20220729_0886-2048x1365.jpg 2048w\" sizes=\"(max-width: 1024px) 100vw, 1024px\"><figcaption>Setor de supermercados comprou R$ 40 bilh\u00f5es em produtos de fornecedores flagrados com trabalho escravo, segundo MPT ( Foto: Valter Campanato\/Ag\u00eancia Brasil)<\/figcaption><\/figure>\n<h2>MPT cita \u201cjogo dos CNPJs\u201d para beneficiar os flagrados com trabalho escravo<\/h2>\n<p>O chamado \u201cjogo dos CNPJs\u201d descrito pelo MPT mostra como a cadeia produtiva pode se reorganizar para preservar o fluxo comercial mesmo depois de flagrantes de trabalho escravo. Quando um fornecedor \u00e9 exposto ou inclu\u00eddo na Lista Suja, a produ\u00e7\u00e3o pode passar a ser faturada por outra empresa, com novo CNPJ, embora permane\u00e7a ligada ao mesmo grupo econ\u00f4mico, aos mesmos respons\u00e1veis ou \u00e0 mesma estrutura produtiva. Na pr\u00e1tica, a troca formal do fornecedor cria uma apar\u00eancia de regularidade, mas n\u00e3o rompe necessariamente o v\u00ednculo econ\u00f4mico com a explora\u00e7\u00e3o.<\/p>\n<p>\u201cH\u00e1 um padr\u00e3o: quando um empregador \u00e9 flagrado e entra na Lista Suja, grandes empresas que est\u00e3o no topo da cadeia simplesmente trocam as pe\u00e7as e seguem comprando dentro da mesma l\u00f3gica produtiva\u201d, ressalta Ilan Fonseca.<\/p>\n<p>A procuradora Teresa Basteiro refor\u00e7a que o combate ao trabalho escravo em cadeias produtivas depende de controle social, press\u00e3o da sociedade e atua\u00e7\u00e3o da m\u00eddia.<\/p>\n<p>\u201cA imprensa tem um papel fundamental de levar essas informa\u00e7\u00f5es \u00e0 sociedade. Quando a popula\u00e7\u00e3o adota uma postura de n\u00e3o permitir, de n\u00e3o comprar ou evitar produtos que tenham se originado em pr\u00e1ticas muito prec\u00e1rias, que envolvam explora\u00e7\u00e3o e aviltamento da m\u00e3o de obra, a tend\u00eancia \u00e9 as empresas ajustarem suas condutas e trazerem seus programas de compliance para uma pr\u00e1tica mais profunda\u201d, avalia.<\/p>\n<p>Luciano Arag\u00e3o ressalta ainda a import\u00e2ncia da atua\u00e7\u00e3o de outros \u00f3rg\u00e3os e de outras inst\u00e2ncias do pr\u00f3prio MPT no combate ao trabalho an\u00e1logo ao escravo.<\/p>\n<p>\u201cEssa luta n\u00e3o \u00e9 s\u00f3 do MPT. H\u00e1 outras frentes atuando nessa agenda, como os auditores-fiscais do trabalho no Executivo, o Minist\u00e9rio P\u00fablico Federal e a Defensoria P\u00fablica da Uni\u00e3o. O pr\u00f3prio MPT mant\u00e9m outras iniciativas\u201d, conclui.<\/p>\n<div data-elementor-type=\"section\" data-elementor-id=\"129686\" data-elementor-post-type=\"elementor_library\">\n<div>\n<div data-id=\"e5e1762\" data-element_type=\"widget\" data-e-type=\"widget\" data-widget_type=\"image.default\">\n<div>\n\t\t\t\t\t\t\t\t\t\t\t\t\t\t\t<img decoding=\"async\" width=\"360\" height=\"300\"src=\"https:\/\/redept.com.br\/blogosfera\/wp-content\/uploads\/2026\/04\/apoie-1-2.webp\" alt=\"Apoie a Rep\u00f3rter Brasil\" srcset=\"https:\/\/redept.com.br\/blogosfera\/wp-content\/uploads\/2026\/04\/apoie-1-2.webp 360w, https:\/\/reporterbrasil.org.br\/wp-content\/uploads\/2026\/04\/apoie-1-300x250.webp 300w\" sizes=\"(max-width: 360px) 100vw, 360px\">\t\t\t\t\t\t\t\t\t\t\t\t\t\t\t<\/div>\n<\/p><\/div>\n<\/p><\/div>\n<\/p><\/div>\n<p><strong>25 anos investigando para mudar.<\/strong><\/p>\n<p><strong>A Rep\u00f3rter Brasil j\u00e1 ajudou a impulsionar leis, fortalecer direitos e combater o trabalho escravo.<\/strong><\/p>\n<p><strong>Em 2026, fazemos 25 anos \u2014 e vem muito mais por a\u00ed!<\/strong><\/p>\n<div data-elementor-type=\"container\" data-elementor-id=\"75228\" data-elementor-post-type=\"elementor_library\">\n<div data-id=\"5e8db1e6\" data-element_type=\"container\" data-e-type=\"container\">\n<div>\n<div data-id=\"36eb6c91\" data-element_type=\"container\" data-e-type=\"container\">\n<div>\n<div data-id=\"6f52f515\" data-element_type=\"container\" data-e-type=\"container\">\n<div data-id=\"65d9f401\" data-element_type=\"widget\" data-e-type=\"widget\" data-widget_type=\"divider.default\">\n<div>\n<div>\n\t\t\t<span><br \/>\n\t\t\t\t\t\t<\/span>\n\t\t<\/div>\n<\/p><\/div>\n<\/p><\/div>\n<\/p><\/div>\n<div data-id=\"134a1245\" data-element_type=\"container\" data-e-type=\"container\">\n<div>\n<div data-id=\"10fe55fe\" data-element_type=\"widget\" data-e-type=\"widget\" data-widget_type=\"text-editor.default\">\n<div>\n<p>Leia tamb\u00e9m<\/p>\n<\/p><\/div>\n<\/p><\/div>\n<\/p><\/div>\n<\/p><\/div>\n<\/p><\/div>\n<\/p><\/div>\n<div data-id=\"3c9495ae\" data-element_type=\"widget\" data-e-type=\"widget\" data-settings='{\"template_id\":\"75221\",\"columns\":1,\"row_gap\":{\"unit\":\"px\",\"size\":10,\"sizes\":[]},\"_skin\":\"post\",\"columns_tablet\":\"2\",\"columns_mobile\":\"1\",\"edit_handle_selector\":\"[data-elementor-type=\"loop-item\"]\",\"row_gap_tablet\":{\"unit\":\"px\",\"size\":\"\",\"sizes\":[]},\"row_gap_mobile\":{\"unit\":\"px\",\"size\":\"\",\"sizes\":[]}}' data-widget_type=\"loop-grid.post\">\n<div>\n<div>\n\t\t<\/div>\n<\/p><\/div>\n<\/p><\/div>\n<\/p><\/div>\n<\/p><\/div>\n<\/p><\/div>\n<p>The post Grandes empresas compraram R$ 48 bi de fornecedores flagrados com trabalho escravo, diz MPT appeared first on Rep\u00f3rter Brasil.<\/p>\n<!-- Begin Yuzo --><div class='yuzo_related_post style-1'  data-version='5.12.89'><!-- without result --><div class='yuzo_clearfixed yuzo__title yuzo__title'><h3>Related Post<\/h3><\/div>\n\t\t\t\t\t\t  <div class=\"relatedthumb \" style=\"width:125px;float:left;overflow:hidden;\">  \n\t\t\t\t\t\t\t  \n\t\t\t\t\t\t\t  <a  href=\"https:\/\/redept.com.br\/blogosfera\/honda-e-nissan-anunciam-inicio-das-negociacoes-para-fusao\/\"  >\n\t\t\t\t\t\t\t\t\t  <div class=\"yuzo-img-wrap \" style=\"width: 125px;height:90px;\">\n\t\t\t\t\t\t\t\t\t\t\n\t\t\t\t\t\t\t\t\t\t<div class=\"yuzo-img\" style=\"background:url('https:\/\/redept.org\/blogosfera\/wp-content\/plugins\/yuzo-related-post\/assets\/images\/default.png') 50% 50% no-repeat;width: 125px;height:90px;margin-bottom: 5px;background-size: cover; \"><\/div>\n\t\t\t\t\t\t\t\t\t  <\/div>\n\t\t\t\t\t\t\t\t\t  \n\t\t\t\t\t\t\t\t   <span class=\"yuzo__text--title\" style=\"font-size:13px;\">Honda e Nissan anunciam in\u00edcio das negocia\u00e7\u00f5es par...<\/span>\n\t\t\t\t\t\t\t  \n\t\t\t\t\t\t\t  \n\t\t\t\t\t\t\t  <\/a>\n\n\t\t\t\t\t\t  <\/div>\n\t\t\t\t\t\t  <div class=\"relatedthumb \" style=\"width:125px;float:left;overflow:hidden;\">  \n\t\t\t\t\t\t\t  \n\t\t\t\t\t\t\t  <a  href=\"https:\/\/redept.com.br\/blogosfera\/cinema-coreano-celebra-80-anos-do-fim-da-ocupacao-japonesa-com-mostra-gratuita-em-sp\/\"  >\n\t\t\t\t\t\t\t\t\t  <div class=\"yuzo-img-wrap \" style=\"width: 125px;height:90px;\">\n\t\t\t\t\t\t\t\t\t\t\n\t\t\t\t\t\t\t\t\t\t<div class=\"yuzo-img\" style=\"background:url('https:\/\/redept.org\/blogosfera\/wp-content\/plugins\/yuzo-related-post\/assets\/images\/default.png') 50% 50% no-repeat;width: 125px;height:90px;margin-bottom: 5px;background-size: cover; \"><\/div>\n\t\t\t\t\t\t\t\t\t  <\/div>\n\t\t\t\t\t\t\t\t\t  \n\t\t\t\t\t\t\t\t   <span class=\"yuzo__text--title\" style=\"font-size:13px;\">Cinema coreano celebra 80 anos do fim da ocupa\u00e7\u00e3o ...<\/span>\n\t\t\t\t\t\t\t  \n\t\t\t\t\t\t\t  \n\t\t\t\t\t\t\t  <\/a>\n\n\t\t\t\t\t\t  <\/div>\n\t\t\t\t\t\t  <div class=\"relatedthumb \" style=\"width:125px;float:left;overflow:hidden;\">  \n\t\t\t\t\t\t\t  \n\t\t\t\t\t\t\t  <a  href=\"https:\/\/redept.com.br\/blogosfera\/mudanca-no-ir-vai-beneficiar-mais-pobres-sem-afetar-contas-de-estados-e-municipios\/\"  >\n\t\t\t\t\t\t\t\t\t  <div class=\"yuzo-img-wrap \" style=\"width: 125px;height:90px;\">\n\t\t\t\t\t\t\t\t\t\t\n\t\t\t\t\t\t\t\t\t\t<div class=\"yuzo-img\" style=\"background:url('https:\/\/redept.org\/blogosfera\/wp-content\/plugins\/yuzo-related-post\/assets\/images\/default.png') 50% 50% no-repeat;width: 125px;height:90px;margin-bottom: 5px;background-size: cover; \"><\/div>\n\t\t\t\t\t\t\t\t\t  <\/div>\n\t\t\t\t\t\t\t\t\t  \n\t\t\t\t\t\t\t\t   <span class=\"yuzo__text--title\" style=\"font-size:13px;\">Mudan\u00e7a no IR vai beneficiar mais pobres sem afeta...<\/span>\n\t\t\t\t\t\t\t  \n\t\t\t\t\t\t\t  \n\t\t\t\t\t\t\t  <\/a>\n\n\t\t\t\t\t\t  <\/div>\n\t\t\t\t\t\t  <div class=\"relatedthumb \" style=\"width:125px;float:left;overflow:hidden;\">  \n\t\t\t\t\t\t\t  \n\t\t\t\t\t\t\t  <a  href=\"https:\/\/sul21.com.br\/opiniao\/2025\/09\/as-grades-invisiveis-que-nos-aprisionam-por-willian-bouviet\/\"  >\n\t\t\t\t\t\t\t\t\t  <div class=\"yuzo-img-wrap \" style=\"width: 125px;height:90px;\">\n\t\t\t\t\t\t\t\t\t\t\n\t\t\t\t\t\t\t\t\t\t<div class=\"yuzo-img\" style=\"background:url('https:\/\/redept.org\/blogosfera\/wp-content\/plugins\/yuzo-related-post\/assets\/images\/default.png') 50% 50% no-repeat;width: 125px;height:90px;margin-bottom: 5px;background-size: cover; \"><\/div>\n\t\t\t\t\t\t\t\t\t  <\/div>\n\t\t\t\t\t\t\t\t\t  \n\t\t\t\t\t\t\t\t   <span class=\"yuzo__text--title\" style=\"font-size:13px;\">As grades invis\u00edveis que nos aprisionam\u00a0 (por Will...<\/span>\n\t\t\t\t\t\t\t  \n\t\t\t\t\t\t\t  \n\t\t\t\t\t\t\t  <\/a>\n\n\t\t\t\t\t\t  <\/div>\n<\/div> <script>\n\t\t\t\t\t\t  jQuery(document).ready(function( $ ){\n\t\t\t\t\t\t\t\/\/jQuery('.yuzo_related_post').equalizer({ overflow : 'relatedthumb' });\n\t\t\t\t\t\t\tjQuery('.yuzo_related_post .yuzo_wraps').equalizer({ columns : '> div' });\n\t\t\t\t\t\t   })\n\t\t\t\t\t\t  <\/script> <!-- End Yuzo :) -->","protected":false},"excerpt":{"rendered":"<p>Projeto do MPT rastreou transa\u00e7\u00f5es comerciais entre grandes empresas e fornecedores inclu\u00eddos na Lista Suja do Trabalho Escravo; JBS e Cargill est\u00e3o entre os alvos de a\u00e7\u00f5es civis p\u00fablicas<\/p>\n<p>The post <a href=\"https:\/\/reporterbrasil.org.br\/2026\/04\/empresas-compraram-48-bilhoes-fornecedores-trabalho-escravo\/\">Grandes empresas compraram R$ 48 bi de fornecedores flagrados com trabalho escravo, diz MPT<\/a> appeared first on <a href=\"https:\/\/reporterbrasil.org.br\/\">Rep\u00f3rter Brasil<\/a>.<\/p>\n","protected":false},"author":2,"featured_media":85370,"comment_status":"open","ping_status":"closed","sticky":false,"template":"","format":"standard","meta":{"fifu_image_url":"","fifu_image_alt":"","footnotes":""},"categories":[13690,15597,5879,5891,5853,1540,5799,974],"tags":[],"class_list":["post-85369","post","type-post","status-publish","format-standard","has-post-thumbnail","hentry","category-_destaque-da-home-1","category-cargill","category-conteudo-original-em-portugues","category-jbs","category-lista-suja","category-mpt","category-reportagens","category-trabalho-escravo"],"_links":{"self":[{"href":"https:\/\/redept.com.br\/blogosfera\/wp-json\/wp\/v2\/posts\/85369","targetHints":{"allow":["GET"]}}],"collection":[{"href":"https:\/\/redept.com.br\/blogosfera\/wp-json\/wp\/v2\/posts"}],"about":[{"href":"https:\/\/redept.com.br\/blogosfera\/wp-json\/wp\/v2\/types\/post"}],"author":[{"embeddable":true,"href":"https:\/\/redept.com.br\/blogosfera\/wp-json\/wp\/v2\/users\/2"}],"replies":[{"embeddable":true,"href":"https:\/\/redept.com.br\/blogosfera\/wp-json\/wp\/v2\/comments?post=85369"}],"version-history":[{"count":0,"href":"https:\/\/redept.com.br\/blogosfera\/wp-json\/wp\/v2\/posts\/85369\/revisions"}],"wp:featuredmedia":[{"embeddable":true,"href":"https:\/\/redept.com.br\/blogosfera\/wp-json\/wp\/v2\/media\/85370"}],"wp:attachment":[{"href":"https:\/\/redept.com.br\/blogosfera\/wp-json\/wp\/v2\/media?parent=85369"}],"wp:term":[{"taxonomy":"category","embeddable":true,"href":"https:\/\/redept.com.br\/blogosfera\/wp-json\/wp\/v2\/categories?post=85369"},{"taxonomy":"post_tag","embeddable":true,"href":"https:\/\/redept.com.br\/blogosfera\/wp-json\/wp\/v2\/tags?post=85369"}],"curies":[{"name":"wp","href":"https:\/\/api.w.org\/{rel}","templated":true}]}}