{"id":85374,"date":"2026-04-29T16:40:02","date_gmt":"2026-04-29T19:40:02","guid":{"rendered":"https:\/\/redept.com.br\/blogosfera\/fundacao-perseu-abramo-oferece-curso-seguranca-cidadania-e-democracia\/"},"modified":"2026-04-29T16:40:02","modified_gmt":"2026-04-29T19:40:02","slug":"fundacao-perseu-abramo-oferece-curso-seguranca-cidadania-e-democracia","status":"publish","type":"post","link":"https:\/\/redept.com.br\/blogosfera\/fundacao-perseu-abramo-oferece-curso-seguranca-cidadania-e-democracia\/","title":{"rendered":"Funda\u00e7\u00e3o Perseu Abramo oferece curso \u201cSeguran\u00e7a, cidadania e democracia\u201d"},"content":{"rendered":"<p>As inscri\u00e7\u00f5es est\u00e3o abertas para o curso \u201cSeguran\u00e7a, cidadania e democracia\u201d, promovido pela Funda\u00e7\u00e3o Perseu Abramo. As aulas, gratuitas, s\u00e3o dirigidas aos dirigentes do partido, bem como aos filiados, militantes e simpatizantes. A primeira aula est\u00e1 marcada para 7 de maio e todo o curso ser\u00e1 a dist\u00e2ncia. para se inscrever, basta acessar o <a href=\"https:\/\/fundacaoperseu180296.rm.cloudtotvs.com.br\/FrameHTML\/Web\/App\/Edu\/PortalProcessoSeletivo\/?c=1&amp;f=1&amp;ps=37&amp;ai=39#\/es\/inscricoeswizard\/dados-basicos\" data-type=\"link\" data-id=\"https:\/\/fundacaoperseu180296.rm.cloudtotvs.com.br\/FrameHTML\/Web\/App\/Edu\/PortalProcessoSeletivo\/?c=1&amp;f=1&amp;ps=37&amp;ai=39#\/es\/inscricoeswizard\/dados-basicos\" target=\"_blank\" rel=\"noopener\">link.<\/a><\/p>\n<p>O conte\u00fado segue eixos essenciais para a \u00e1rea, na vis\u00e3o da entidade: participa\u00e7\u00e3o social; uso de t\u00e9cnicas e metodologias cient\u00edficas; estrutura institucional da seguran\u00e7a no Brasil; programas e projetos exitosos; e bases para uma pol\u00edtica de seguran\u00e7a cidad\u00e3.<\/p>\n<p>Entre outras a\u00e7\u00f5es na \u00e1rea se seguran\u00e7a p\u00fablica, em 2025, a Funda\u00e7\u00e3o j\u00e1 havia lan\u00e7ado a cartilha \u201cBrasil seguro, fam\u00edlia protegida\u201d, com pontos de reflex\u00e3o sobre o tema, e realizado o semin\u00e1rio \u201cO PT e a seguran\u00e7a p\u00fablica\u201d.<\/p>\n<p><strong>CONVIDADOS \u2013<\/strong> A curadoria do curso de 2026 est\u00e1 a cargo do doutor em Ci\u00eancia Pol\u00edtica pela Universidade Federal do Rio Grande do Sul (UFRGS), Jorge Branco, que \u00e9 professor da Universidade Luterana do Brasil (Ulbra). Entre os palestrantes convidados, est\u00e3o a professora da Universidade Cat\u00f3lica de Pelotas, Christiane Russomano Freire, que tem p\u00f3s-doutorado em Ci\u00eancias Sociais pela PUC-RS; o ex-secret\u00e1rio de Seguran\u00e7a P\u00fablica de Canoas (RS), Alberto Kopittke, que \u00e9 consultor do Banco Interamericano de Desenvolvimento (BID); o soci\u00f3logo Benedito Mariano, coordenador do N\u00facleo de Seguran\u00e7a P\u00fablica na Democracia do Instituto para Reforma das Rela\u00e7\u00f5es entre Estado e Empresa (IREE) e o jornalista, escritor e pesquisador Bruno Paes Manso.<\/p>\n<p><strong>Servi\u00e7o<\/strong><\/p>\n<p>Curso \u201cSeguran\u00e7a, cidadania e democracia\u201d<\/p>\n<p>Quando: de 7\/5 a 15\/8<\/p>\n<p><strong>Inscri\u00e7\u00f5es pelo <a href=\"https:\/\/fundacaoperseu180296.rm.cloudtotvs.com.br\/FrameHTML\/Web\/App\/Edu\/PortalProcessoSeletivo\/?c=1&amp;f=1&amp;ps=37&amp;ai=39#\/es\/inscricoeswizard\/dados-basicos\" data-type=\"link\" data-id=\"https:\/\/fundacaoperseu180296.rm.cloudtotvs.com.br\/FrameHTML\/Web\/App\/Edu\/PortalProcessoSeletivo\/?c=1&amp;f=1&amp;ps=37&amp;ai=39#\/es\/inscricoeswizard\/dados-basicos\" target=\"_blank\" rel=\"noopener\">link<\/a>. <\/strong><\/p><\/p>\n<!-- Begin Yuzo --><div class='yuzo_related_post style-1'  data-version='5.12.89'><!-- without result --><div class='yuzo_clearfixed yuzo__title yuzo__title'><h3>Related Post<\/h3><\/div>\n\t\t\t\t\t\t  <div class=\"relatedthumb \" style=\"width:125px;float:left;overflow:hidden;\">  \n\t\t\t\t\t\t\t  \n\t\t\t\t\t\t\t  <a  href=\"https:\/\/www.pragmatismopolitico.com.br\/2025\/08\/javaporcos-com-carne-azul-neon-descoberta-perturbadora-revelam-perigo-oculto-na-california.html\"  >\n\t\t\t\t\t\t\t\t\t  <div class=\"yuzo-img-wrap \" style=\"width: 125px;height:90px;\">\n\t\t\t\t\t\t\t\t\t\t\n\t\t\t\t\t\t\t\t\t\t<div class=\"yuzo-img\" style=\"background:url('https:\/\/www.pragmatismopolitico.com.br\/wp-content\/uploads\/2025\/08\/javalis.jpg') 50% 50% no-repeat;width: 125px;height:90px;margin-bottom: 5px;background-size: cover; \"><\/div>\n\t\t\t\t\t\t\t\t\t  <\/div>\n\t\t\t\t\t\t\t\t\t  \n\t\t\t\t\t\t\t\t   <span class=\"yuzo__text--title\" style=\"font-size:13px;\">Javaporcos com carne azul neon: descoberta perturb...<\/span>\n\t\t\t\t\t\t\t  \n\t\t\t\t\t\t\t  \n\t\t\t\t\t\t\t  <\/a>\n\n\t\t\t\t\t\t  <\/div>\n\t\t\t\t\t\t  <div class=\"relatedthumb \" style=\"width:125px;float:left;overflow:hidden;\">  \n\t\t\t\t\t\t\t  \n\t\t\t\t\t\t\t  <a  href=\"https:\/\/redept.com.br\/blogosfera\/tarcisio-x-flavio-bolsonaro-o-que-ha-de-novo\/\"  >\n\t\t\t\t\t\t\t\t\t  <div class=\"yuzo-img-wrap \" style=\"width: 125px;height:90px;\">\n\t\t\t\t\t\t\t\t\t\t\n\t\t\t\t\t\t\t\t\t\t<div class=\"yuzo-img\" style=\"background:url('https:\/\/redept.com.br\/blogosfera\/wp-content\/uploads\/2026\/01\/Screenshot-2026-01-16-at-17-13-51-Flavio-Bolsonaro-e-Tarcisio-de-Freitas-webp-imagem-WEBP-900-600-pixels-1-150x150.png') 50% 50% no-repeat;width: 125px;height:90px;margin-bottom: 5px;background-size: cover; \"><\/div>\n\t\t\t\t\t\t\t\t\t  <\/div>\n\t\t\t\t\t\t\t\t\t  \n\t\t\t\t\t\t\t\t   <span class=\"yuzo__text--title\" style=\"font-size:13px;\">Tarc\u00edsio x Fl\u00e1vio Bolsonaro: o que h\u00e1 de novo?<\/span>\n\t\t\t\t\t\t\t  \n\t\t\t\t\t\t\t  \n\t\t\t\t\t\t\t  <\/a>\n\n\t\t\t\t\t\t  <\/div>\n\t\t\t\t\t\t  <div class=\"relatedthumb \" style=\"width:125px;float:left;overflow:hidden;\">  \n\t\t\t\t\t\t\t  \n\t\t\t\t\t\t\t  <a  href=\"https:\/\/redept.com.br\/blogosfera\/medica-classifica-sancao-dos-eua-a-integrantes-do-mais-medicos-como-sem-sentido-distorce-natureza-da-iniciativa\/\"  >\n\t\t\t\t\t\t\t\t\t  <div class=\"yuzo-img-wrap \" style=\"width: 125px;height:90px;\">\n\t\t\t\t\t\t\t\t\t\t\n\t\t\t\t\t\t\t\t\t\t<div class=\"yuzo-img\" style=\"background:url('https:\/\/redept.org\/blogosfera\/wp-content\/plugins\/yuzo-related-post\/assets\/images\/default.png') 50% 50% no-repeat;width: 125px;height:90px;margin-bottom: 5px;background-size: cover; \"><\/div>\n\t\t\t\t\t\t\t\t\t  <\/div>\n\t\t\t\t\t\t\t\t\t  \n\t\t\t\t\t\t\t\t   <span class=\"yuzo__text--title\" style=\"font-size:13px;\">M\u00e9dica classifica san\u00e7\u00e3o dos EUA a integrantes do ...<\/span>\n\t\t\t\t\t\t\t  \n\t\t\t\t\t\t\t  \n\t\t\t\t\t\t\t  <\/a>\n\n\t\t\t\t\t\t  <\/div>\n\t\t\t\t\t\t  <div class=\"relatedthumb \" style=\"width:125px;float:left;overflow:hidden;\">  \n\t\t\t\t\t\t\t  \n\t\t\t\t\t\t\t  <a  href=\"https:\/\/redept.com.br\/blogosfera\/sostenes-chama-de-desastrosa-mp-de-energia-gratis-de-lula-enquanto-defende-pautas-golpistas-video\/\"  >\n\t\t\t\t\t\t\t\t\t  <div class=\"yuzo-img-wrap \" style=\"width: 125px;height:90px;\">\n\t\t\t\t\t\t\t\t\t\t\n\t\t\t\t\t\t\t\t\t\t<div class=\"yuzo-img\" style=\"background:url('https:\/\/redept.org\/blogosfera\/wp-content\/plugins\/yuzo-related-post\/assets\/images\/default.png') 50% 50% no-repeat;width: 125px;height:90px;margin-bottom: 5px;background-size: cover; \"><\/div>\n\t\t\t\t\t\t\t\t\t  <\/div>\n\t\t\t\t\t\t\t\t\t  \n\t\t\t\t\t\t\t\t   <span class=\"yuzo__text--title\" style=\"font-size:13px;\">S\u00f3stenes chama de \u201cdesastrosa\u201d MP de \u2018Energia Gr\u00e1t...<\/span>\n\t\t\t\t\t\t\t  \n\t\t\t\t\t\t\t  \n\t\t\t\t\t\t\t  <\/a>\n\n\t\t\t\t\t\t  <\/div>\n<\/div> <script>\n\t\t\t\t\t\t  jQuery(document).ready(function( $ ){\n\t\t\t\t\t\t\t\/\/jQuery('.yuzo_related_post').equalizer({ overflow : 'relatedthumb' });\n\t\t\t\t\t\t\tjQuery('.yuzo_related_post .yuzo_wraps').equalizer({ columns : '> div' });\n\t\t\t\t\t\t   })\n\t\t\t\t\t\t  <\/script> <!-- End Yuzo :) -->","protected":false},"excerpt":{"rendered":"<p>As inscri\u00e7\u00f5es est\u00e3o abertas para o curso \u201cSeguran\u00e7a, cidadania e democracia\u201d, promovido pela Funda\u00e7\u00e3o Perseu Abramo. As aulas, gratuitas, s\u00e3o dirigidas aos dirigentes do partido, bem como aos filiados, militantes e simpatizantes. A primeira aula est\u00e1 marcada para 7 de maio e todo o curso ser\u00e1 a dist\u00e2ncia. para se inscrever, basta acessar o link. [&hellip;]<\/p>\n","protected":false},"author":2,"featured_media":0,"comment_status":"open","ping_status":"closed","sticky":false,"template":"","format":"standard","meta":{"fifu_image_url":"","fifu_image_alt":"","footnotes":""},"categories":[264,536,8620,72],"tags":[],"class_list":["post-85374","post","type-post","status-publish","format-standard","hentry","category-cidadania","category-democracia","category-noticia","category-seguranca"],"_links":{"self":[{"href":"https:\/\/redept.com.br\/blogosfera\/wp-json\/wp\/v2\/posts\/85374","targetHints":{"allow":["GET"]}}],"collection":[{"href":"https:\/\/redept.com.br\/blogosfera\/wp-json\/wp\/v2\/posts"}],"about":[{"href":"https:\/\/redept.com.br\/blogosfera\/wp-json\/wp\/v2\/types\/post"}],"author":[{"embeddable":true,"href":"https:\/\/redept.com.br\/blogosfera\/wp-json\/wp\/v2\/users\/2"}],"replies":[{"embeddable":true,"href":"https:\/\/redept.com.br\/blogosfera\/wp-json\/wp\/v2\/comments?post=85374"}],"version-history":[{"count":0,"href":"https:\/\/redept.com.br\/blogosfera\/wp-json\/wp\/v2\/posts\/85374\/revisions"}],"wp:attachment":[{"href":"https:\/\/redept.com.br\/blogosfera\/wp-json\/wp\/v2\/media?parent=85374"}],"wp:term":[{"taxonomy":"category","embeddable":true,"href":"https:\/\/redept.com.br\/blogosfera\/wp-json\/wp\/v2\/categories?post=85374"},{"taxonomy":"post_tag","embeddable":true,"href":"https:\/\/redept.com.br\/blogosfera\/wp-json\/wp\/v2\/tags?post=85374"}],"curies":[{"name":"wp","href":"https:\/\/api.w.org\/{rel}","templated":true}]}}