{"id":85375,"date":"2026-04-29T16:41:23","date_gmt":"2026-04-29T19:41:23","guid":{"rendered":"https:\/\/redept.com.br\/blogosfera\/caetano-veloso-agradece-senador-por-corrigir-outro-mentiroso-do-pl-sobre-uso-de-armas-pelo-cantor-na-ditadura-video\/"},"modified":"2026-04-29T16:41:23","modified_gmt":"2026-04-29T19:41:23","slug":"caetano-veloso-agradece-senador-por-corrigir-outro-mentiroso-do-pl-sobre-uso-de-armas-pelo-cantor-na-ditadura-video","status":"publish","type":"post","link":"https:\/\/redept.com.br\/blogosfera\/caetano-veloso-agradece-senador-por-corrigir-outro-mentiroso-do-pl-sobre-uso-de-armas-pelo-cantor-na-ditadura-video\/","title":{"rendered":"Caetano Veloso agradece senador por corrigir outro \u201cmentiroso\u201d do PL sobre uso de armas pelo cantor na ditadura (v\u00eddeo)"},"content":{"rendered":"<p>&#8220;Tenho horror a armas! Como bem foi dito, me muno apenas do viol\u00e3o, da palavra e da can\u00e7\u00e3o&#8221; escreveu Caetano Veloso nas redes sociais, onde compartilhou repreens\u00e3o de Otto Alencar a fala fake de M\u00e1rcio Bittar<\/p>\n<p>O post Caetano Veloso agradece senador por corrigir outro \u201cmentiroso\u201d do PL sobre uso de armas pelo cantor na ditadura (v\u00eddeo) apareceu primeiro em Urbs Magna.<\/p>\n<!-- Begin Yuzo --><div class='yuzo_related_post style-1'  data-version='5.12.89'><!-- without result --><div class='yuzo_clearfixed yuzo__title yuzo__title'><h3>Related Post<\/h3><\/div>\n\t\t\t\t\t\t  <div class=\"relatedthumb \" style=\"width:125px;float:left;overflow:hidden;\">  \n\t\t\t\t\t\t\t  \n\t\t\t\t\t\t\t  <a  href=\"https:\/\/redept.com.br\/blogosfera\/carol-dartora-encerra-o-ano-legislativo-com-avancos-historicos-e-resistencia-frente-a-ataques\/\"  >\n\t\t\t\t\t\t\t\t\t  <div class=\"yuzo-img-wrap \" style=\"width: 125px;height:90px;\">\n\t\t\t\t\t\t\t\t\t\t\n\t\t\t\t\t\t\t\t\t\t<div class=\"yuzo-img\" style=\"background:url('https:\/\/redept.org\/blogosfera\/wp-content\/plugins\/yuzo-related-post\/assets\/images\/default.png') 50% 50% no-repeat;width: 125px;height:90px;margin-bottom: 5px;background-size: cover; \"><\/div>\n\t\t\t\t\t\t\t\t\t  <\/div>\n\t\t\t\t\t\t\t\t\t  \n\t\t\t\t\t\t\t\t   <span class=\"yuzo__text--title\" style=\"font-size:13px;\">Carol Dartora encerra o ano legislativo com avan\u00e7o...<\/span>\n\t\t\t\t\t\t\t  \n\t\t\t\t\t\t\t  \n\t\t\t\t\t\t\t  <\/a>\n\n\t\t\t\t\t\t  <\/div>\n\t\t\t\t\t\t  <div class=\"relatedthumb \" style=\"width:125px;float:left;overflow:hidden;\">  \n\t\t\t\t\t\t\t  \n\t\t\t\t\t\t\t  <a  href=\"https:\/\/redept.com.br\/blogosfera\/assassinatos-de-indigenas-crescem-em-2024-e-chegam-a-211-indica-cimi\/\"  >\n\t\t\t\t\t\t\t\t\t  <div class=\"yuzo-img-wrap \" style=\"width: 125px;height:90px;\">\n\t\t\t\t\t\t\t\t\t\t\n\t\t\t\t\t\t\t\t\t\t<div class=\"yuzo-img\" style=\"background:url('https:\/\/redept.com.br\/blogosfera\/wp-content\/uploads\/2025\/07\/Indigenas-de-varias-etnias-participam-de-marcha-durante-o-Acampamento-Terra-Livre-ATL-em-Brasilia-150x150.jpg') 50% 50% no-repeat;width: 125px;height:90px;margin-bottom: 5px;background-size: cover; \"><\/div>\n\t\t\t\t\t\t\t\t\t  <\/div>\n\t\t\t\t\t\t\t\t\t  \n\t\t\t\t\t\t\t\t   <span class=\"yuzo__text--title\" style=\"font-size:13px;\">Assassinatos de ind\u00edgenas crescem em 2024 e chegam...<\/span>\n\t\t\t\t\t\t\t  \n\t\t\t\t\t\t\t  \n\t\t\t\t\t\t\t  <\/a>\n\n\t\t\t\t\t\t  <\/div>\n\t\t\t\t\t\t  <div class=\"relatedthumb \" style=\"width:125px;float:left;overflow:hidden;\">  \n\t\t\t\t\t\t\t  \n\t\t\t\t\t\t\t  <a  href=\"https:\/\/redept.com.br\/blogosfera\/guine-bissau-apos-levante-militares-empossam-general-como-presidente-interino\/\"  >\n\t\t\t\t\t\t\t\t\t  <div class=\"yuzo-img-wrap \" style=\"width: 125px;height:90px;\">\n\t\t\t\t\t\t\t\t\t\t\n\t\t\t\t\t\t\t\t\t\t<div class=\"yuzo-img\" style=\"background:url('https:\/\/redept.com.br\/blogosfera\/wp-content\/uploads\/2025\/11\/palacio_presidencial_em_bissau_2-150x150.jpg') 50% 50% no-repeat;width: 125px;height:90px;margin-bottom: 5px;background-size: cover; \"><\/div>\n\t\t\t\t\t\t\t\t\t  <\/div>\n\t\t\t\t\t\t\t\t\t  \n\t\t\t\t\t\t\t\t   <span class=\"yuzo__text--title\" style=\"font-size:13px;\">Guin\u00e9-Bissau: ap\u00f3s levante, militares empossam gen...<\/span>\n\t\t\t\t\t\t\t  \n\t\t\t\t\t\t\t  \n\t\t\t\t\t\t\t  <\/a>\n\n\t\t\t\t\t\t  <\/div>\n\t\t\t\t\t\t  <div class=\"relatedthumb \" style=\"width:125px;float:left;overflow:hidden;\">  \n\t\t\t\t\t\t\t  \n\t\t\t\t\t\t\t  <a  href=\"https:\/\/redept.com.br\/blogosfera\/lula-recebe-movimentos-que-defendem-isencao-do-imposto-de-renda\/\"  >\n\t\t\t\t\t\t\t\t\t  <div class=\"yuzo-img-wrap \" style=\"width: 125px;height:90px;\">\n\t\t\t\t\t\t\t\t\t\t\n\t\t\t\t\t\t\t\t\t\t<div class=\"yuzo-img\" style=\"background:url('https:\/\/redept.org\/blogosfera\/wp-content\/plugins\/yuzo-related-post\/assets\/images\/default.png') 50% 50% no-repeat;width: 125px;height:90px;margin-bottom: 5px;background-size: cover; \"><\/div>\n\t\t\t\t\t\t\t\t\t  <\/div>\n\t\t\t\t\t\t\t\t\t  \n\t\t\t\t\t\t\t\t   <span class=\"yuzo__text--title\" style=\"font-size:13px;\">Lula recebe movimentos que defendem isen\u00e7\u00e3o do Imp...<\/span>\n\t\t\t\t\t\t\t  \n\t\t\t\t\t\t\t  \n\t\t\t\t\t\t\t  <\/a>\n\n\t\t\t\t\t\t  <\/div>\n<\/div> <script>\n\t\t\t\t\t\t  jQuery(document).ready(function( $ ){\n\t\t\t\t\t\t\t\/\/jQuery('.yuzo_related_post').equalizer({ overflow : 'relatedthumb' });\n\t\t\t\t\t\t\tjQuery('.yuzo_related_post .yuzo_wraps').equalizer({ columns : '> div' });\n\t\t\t\t\t\t   })\n\t\t\t\t\t\t  <\/script> <!-- End Yuzo :) -->","protected":false},"excerpt":{"rendered":"<p>&#8220;Tenho horror a armas! Como bem foi dito, me muno apenas do viol\u00e3o, da palavra e da can\u00e7\u00e3o&#8221; escreveu Caetano Veloso nas redes sociais, onde compartilhou repreens\u00e3o de Otto Alencar a fala fake de M\u00e1rcio Bittar<\/p>\n<p>O post <a rel=\"nofollow\" href=\"https:\/\/urbsmagna.com\/caetano-veloso-agradece-senador-por-corrigir-outro-mentiroso-do-pl-sobre-uso-de-armas-pelo-cantor-na-ditadura-video\/\">Caetano Veloso agradece senador por corrigir outro \u201cmentiroso\u201d do PL sobre uso de armas pelo cantor na ditadura (v\u00eddeo)<\/a> apareceu primeiro em <a rel=\"nofollow\" href=\"https:\/\/urbsmagna.com\/\">Urbs Magna<\/a>.<\/p>\n","protected":false},"author":2,"featured_media":0,"comment_status":"open","ping_status":"closed","sticky":false,"template":"","format":"standard","meta":{"fifu_image_url":"","fifu_image_alt":"","footnotes":""},"categories":[19823,21435,19247,355,544,356,52999,33217,53000,53001,12102,246,191,1363,132,5471,53002,4720,260,12623,53003],"tags":[],"class_list":["post-85375","post","type-post","status-publish","format-standard","hentry","category-caetano-veloso","category-ccj-senado","category-democracia-brasil","category-desinformacao","category-ditadura-militar","category-fake-news","category-fake-news-ditadura","category-jorge-messias-stf","category-lula-stf","category-marcio-bittar","category-memoria-historica","category-musica","category-noticias","category-otto-alencar","category-politica","category-politica-nacional","category-sabatina-messias","category-senado-federal","category-stf","category-supremo-tribunal-federal-stf","category-violao-caetano"],"_links":{"self":[{"href":"https:\/\/redept.com.br\/blogosfera\/wp-json\/wp\/v2\/posts\/85375","targetHints":{"allow":["GET"]}}],"collection":[{"href":"https:\/\/redept.com.br\/blogosfera\/wp-json\/wp\/v2\/posts"}],"about":[{"href":"https:\/\/redept.com.br\/blogosfera\/wp-json\/wp\/v2\/types\/post"}],"author":[{"embeddable":true,"href":"https:\/\/redept.com.br\/blogosfera\/wp-json\/wp\/v2\/users\/2"}],"replies":[{"embeddable":true,"href":"https:\/\/redept.com.br\/blogosfera\/wp-json\/wp\/v2\/comments?post=85375"}],"version-history":[{"count":0,"href":"https:\/\/redept.com.br\/blogosfera\/wp-json\/wp\/v2\/posts\/85375\/revisions"}],"wp:attachment":[{"href":"https:\/\/redept.com.br\/blogosfera\/wp-json\/wp\/v2\/media?parent=85375"}],"wp:term":[{"taxonomy":"category","embeddable":true,"href":"https:\/\/redept.com.br\/blogosfera\/wp-json\/wp\/v2\/categories?post=85375"},{"taxonomy":"post_tag","embeddable":true,"href":"https:\/\/redept.com.br\/blogosfera\/wp-json\/wp\/v2\/tags?post=85375"}],"curies":[{"name":"wp","href":"https:\/\/api.w.org\/{rel}","templated":true}]}}