{"id":85387,"date":"2026-04-29T16:59:29","date_gmt":"2026-04-29T19:59:29","guid":{"rendered":"https:\/\/redept.com.br\/blogosfera\/fiel-a-voz-do-dono-o-globo-sempre-ladra-contra-mais-direitos-para-os-trabalhadores\/"},"modified":"2026-04-29T16:59:29","modified_gmt":"2026-04-29T19:59:29","slug":"fiel-a-voz-do-dono-o-globo-sempre-ladra-contra-mais-direitos-para-os-trabalhadores","status":"publish","type":"post","link":"https:\/\/redept.com.br\/blogosfera\/fiel-a-voz-do-dono-o-globo-sempre-ladra-contra-mais-direitos-para-os-trabalhadores\/","title":{"rendered":"Fiel \u00e0 voz do dono: O Globo sempre ladra contra mais direitos para os trabalhadores"},"content":{"rendered":"<p><img fetchpriority=\"high\" width=\"1024\" height=\"683\"src=\"https:\/\/redept.com.br\/blogosfera\/wp-content\/uploads\/2026\/04\/IMG-20260429-WA0479.jpg\" alt=\"\" decoding=\"async\" srcset=\"https:\/\/vermelho.org.br\/wp-content\/uploads\/2026\/04\/IMG-20260429-WA0479-1024x683.jpg 1024w, https:\/\/vermelho.org.br\/wp-content\/uploads\/2026\/04\/IMG-20260429-WA0479-300x200.jpg 300w, https:\/\/vermelho.org.br\/wp-content\/uploads\/2026\/04\/IMG-20260429-WA0479-768x512.jpg 768w, https:\/\/vermelho.org.br\/wp-content\/uploads\/2026\/04\/IMG-20260429-WA0479-272x182.jpg 272w, https:\/\/redept.com.br\/blogosfera\/wp-content\/uploads\/2026\/04\/IMG-20260429-WA0479.jpg 1440w\" sizes=\"(max-width: 1024px) 100vw, 1024px\"><\/p>\n<p>Para a surpresa de zero pessoas, o jornal  <em>O Globo<\/em> publicou no \u00faltimo domingo um editorial em que qualifica a proposta de redu\u00e7\u00e3o da escala de trabalho sem corte de sal\u00e1rios \u2013 com o fim da escala 6\u00d71 \u2013 como \u201coportunismo populista\u201d.<\/p>\n<p>J\u00e1 vimos esse filme antes, repetidas vezes. Em abril de 1962, por exemplo, o jornal estampou a seguinte manchete: \u201cConsiderado desastroso para o pa\u00eds um 13\u00ba m\u00eas de sal\u00e1rio\u201d. O texto argumentava que a conquista trabalhista, sancionada por Jo\u00e3o Goulart meses depois, sobrecarregaria as empresas e causaria infla\u00e7\u00e3o. Hoje, o 13\u00ba \u00e9 direito sagrado.<\/p>\n<p>O jornal da fam\u00edlia Marinho nunca escondeu sua posi\u00e7\u00e3o de classe: \u00e9 fiel \u00e0 voz do dono \u2013 a elite econ\u00f4mica brasileira e internacional \u2013 e late ferozmente contra qualquer avan\u00e7o que beneficie a classe trabalhadora.<\/p>\n<p><strong>Apito de cachorro<\/strong><\/p>\n<p>O recente rosnado do <em>Globo<\/em> n\u00e3o foi isolado. Durante o final de semana, O Estad\u00e3o e a Folha de S.Paulo tamb\u00e9m mostraram os dentes contra o fim da escala 6\u00d71, sempre em defesa dos interesses patronais que representam.<\/p>\n<p>H\u00e1 algo tr\u00e1gico nesse latido ensaiado. Assim como um c\u00e3o que corre atr\u00e1s do pr\u00f3prio rabo, a l\u00f3gica patronal gira em c\u00edrculos \u2013 faz muito barulho, mas n\u00e3o sai do lugar \u2013 com argumentos vazios que n\u00e3o apontam alternativas.<\/p>\n<p><strong>Produtividade n\u00e3o nasce do cansa\u00e7o<\/strong><\/p>\n<p>Os editoriais da imprensa corporativa alegam que a mudan\u00e7a vai gerar perda de produtividade e aumento do desemprego, mas a produtividade n\u00e3o nasce do esgotamento. Um trabalhador exausto ap\u00f3s seis dias de labuta n\u00e3o produz mais \u2013 produz pior, erra mais, adoece mais. A Organiza\u00e7\u00e3o Internacional do Trabalho (OIT) tem estudos que mostram que jornadas reduzidas tendem a aumentar a produtividade por hora trabalhada. Quem defende jornada longa n\u00e3o entende de economia, entende de explora\u00e7\u00e3o.<\/p>\n<p>Chamar de \u201coportunismo\u201d a luta por um direito b\u00e1sico como o descanso digno \u00e9 uma cr\u00edtica c\u00ednica. As PECs e projetos de lei em debate s\u00e3o frutos da luta hist\u00f3rica do movimento sindical pela redu\u00e7\u00e3o da jornada \u2013 em resposta a tantas hist\u00f3rias reais de trabalhadores e trabalhadoras que adoecem, se afastam de suas fam\u00edlias e morrem antes da aposentadoria. Debate t\u00e9cnico existe, sim. S\u00f3 n\u00e3o chega ao <em>Globo<\/em> e aos demais jornal\u00f5es porque os t\u00e9cnicos que eles consultam s\u00e3o contratados pelos patr\u00f5es.<\/p>\n<p>O argumento preferido deles \u00e9 o dos eventuais preju\u00edzos ao pequeno empres\u00e1rio, usado neste debate como escudo humano. A verdade \u00e9 que a escala 6\u00d71 tamb\u00e9m esmaga o pequeno com\u00e9rcio, que precisa competir com grandes redes que j\u00e1 operam com escalas mais flex\u00edveis e automa\u00e7\u00e3o. Reduzir a jornada nivela o jogo por cima. E tem mais: trabalhador descansado consome mais. O pequeno neg\u00f3cio n\u00e3o morre por causa de direitos \u2013 morre pela falta de clientes e de cr\u00e9dito.<\/p>\n<p><strong>Atr\u00e1s do pr\u00f3prio rabo<\/strong><\/p>\n<p>Os articulistas do <em>Globo<\/em> dizem que deve haver aumento de produtividade antes da redu\u00e7\u00e3o da jornada. \u00c9 a mesma l\u00f3gica do c\u00e3o correndo atr\u00e1s do pr\u00f3prio rabo: o patr\u00e3o exige produtividade para reduzir a jornada, mas s\u00f3 consegue aumentar a produtividade desgastando o trabalhador. \u00c9 um ciclo que nunca se completa \u2013 a n\u00e3o ser que se rompa com o status quo. <\/p>\n<p>Foi assim com o 13\u00ba, com a jornada 8h, com a CLT. Sempre disseram \u201cprimeiro produza mais, depois descanse mais\u201d, mas esse dia nunca chega por iniciativa do patr\u00e3o. A hist\u00f3ria prova que qualquer avan\u00e7o para os trabalhadores sempre veio pela luta organizada, n\u00e3o pela boa vontade de quem lucra com a exaust\u00e3o.<\/p>\n<p>Surdo \u00e0 voz de quem trabalha,<em> O Globo<\/em> late porque \u00e9 fiel \u00e0 voz do dono. S\u00f3 que o dono n\u00e3o carrega caixa, n\u00e3o atende cliente no s\u00e1bado \u00e0 noite, n\u00e3o chega em casa com dor nas costas no domingo. O dono d\u00e1 a ordem \u2013 e o c\u00e3o obedece, correndo atr\u00e1s do pr\u00f3prio rabo, ladrando sempre as mesmas previs\u00f5es catastr\u00f3ficas que nunca se confirmam. <\/p>\n<p>No fim do dia, por\u00e9m, o rabo que o sistema morde \u00e9 o nosso. \u00c9 o trabalhador que sangra. \u00c9 a m\u00e3e que n\u00e3o v\u00ea o filho crescer. \u00c9 o jovem que adoece antes dos 30. Quebrar esse ciclo exige uma mordida de verdade \u2013 n\u00e3o do c\u00e3o contra si mesmo, mas da classe trabalhadora contra a coleira.<\/p>\n<p>Enquanto os c\u00e3es ladram, nossa caravana avan\u00e7a. O fim da escala 6\u00d71 j\u00e1 se anuncia no horizonte.<\/p>\n<p>O post <a href=\"https:\/\/vermelho.org.br\/2026\/04\/29\/fiel-a-voz-do-dono-o-globo-sempre-ladra-contra-mais-direitos-para-os-trabalhadores\/\">Fiel \u00e0 voz do dono: O Globo sempre ladra contra mais direitos para os trabalhadores<\/a> apareceu primeiro em <a href=\"https:\/\/vermelho.org.br\/\">Vermelho<\/a>.<\/p>\n<!-- Begin Yuzo --><div class='yuzo_related_post style-1'  data-version='5.12.89'><!-- without result --><div class='yuzo_clearfixed yuzo__title yuzo__title'><h3>Related Post<\/h3><\/div>\n\t\t\t\t\t\t  <div class=\"relatedthumb \" style=\"width:125px;float:left;overflow:hidden;\">  \n\t\t\t\t\t\t\t  \n\t\t\t\t\t\t\t  <a  href=\"https:\/\/redept.com.br\/blogosfera\/israel-recebe-mais-tres-corpos-devolvidos-pelo-hamas-como-parte-de-cessar-fogo-em-gaza\/\"  >\n\t\t\t\t\t\t\t\t\t  <div class=\"yuzo-img-wrap \" style=\"width: 125px;height:90px;\">\n\t\t\t\t\t\t\t\t\t\t\n\t\t\t\t\t\t\t\t\t\t<div class=\"yuzo-img\" style=\"background:url('https:\/\/redept.com.br\/blogosfera\/wp-content\/uploads\/2025\/11\/9728dd5b-879e-46c9-983f-7be3f666787c-captura-de-tela-2025-02-11-as-173624-150x150.webp') 50% 50% no-repeat;width: 125px;height:90px;margin-bottom: 5px;background-size: cover; \"><\/div>\n\t\t\t\t\t\t\t\t\t  <\/div>\n\t\t\t\t\t\t\t\t\t  \n\t\t\t\t\t\t\t\t   <span class=\"yuzo__text--title\" style=\"font-size:13px;\">Israel recebe mais tr\u00eas corpos devolvidos pelo Ham...<\/span>\n\t\t\t\t\t\t\t  \n\t\t\t\t\t\t\t  \n\t\t\t\t\t\t\t  <\/a>\n\n\t\t\t\t\t\t  <\/div>\n\t\t\t\t\t\t  <div class=\"relatedthumb \" style=\"width:125px;float:left;overflow:hidden;\">  \n\t\t\t\t\t\t\t  \n\t\t\t\t\t\t\t  <a  href=\"https:\/\/redept.com.br\/blogosfera\/dino-rejeita-explicacao-da-camara-sobre-emendas-e-pede-novas-informacoes-ate-as-20h-desta-sexta-27\/\"  >\n\t\t\t\t\t\t\t\t\t  <div class=\"yuzo-img-wrap \" style=\"width: 125px;height:90px;\">\n\t\t\t\t\t\t\t\t\t\t\n\t\t\t\t\t\t\t\t\t\t<div class=\"yuzo-img\" style=\"background:url('https:\/\/redept.org\/blogosfera\/wp-content\/plugins\/yuzo-related-post\/assets\/images\/default.png') 50% 50% no-repeat;width: 125px;height:90px;margin-bottom: 5px;background-size: cover; \"><\/div>\n\t\t\t\t\t\t\t\t\t  <\/div>\n\t\t\t\t\t\t\t\t\t  \n\t\t\t\t\t\t\t\t   <span class=\"yuzo__text--title\" style=\"font-size:13px;\">Dino rejeita explica\u00e7\u00e3o da C\u00e2mara sobre emendas e ...<\/span>\n\t\t\t\t\t\t\t  \n\t\t\t\t\t\t\t  \n\t\t\t\t\t\t\t  <\/a>\n\n\t\t\t\t\t\t  <\/div>\n\t\t\t\t\t\t  <div class=\"relatedthumb \" style=\"width:125px;float:left;overflow:hidden;\">  \n\t\t\t\t\t\t\t  \n\t\t\t\t\t\t\t  <a  href=\"https:\/\/redept.com.br\/blogosfera\/israel-ira-uma-grande-guerra-a-caminho\/\"  >\n\t\t\t\t\t\t\t\t\t  <div class=\"yuzo-img-wrap \" style=\"width: 125px;height:90px;\">\n\t\t\t\t\t\t\t\t\t\t\n\t\t\t\t\t\t\t\t\t\t<div class=\"yuzo-img\" style=\"background:url('https:\/\/redept.com.br\/blogosfera\/wp-content\/uploads\/2025\/06\/1-150x150.jpg') 50% 50% no-repeat;width: 125px;height:90px;margin-bottom: 5px;background-size: cover; \"><\/div>\n\t\t\t\t\t\t\t\t\t  <\/div>\n\t\t\t\t\t\t\t\t\t  \n\t\t\t\t\t\t\t\t   <span class=\"yuzo__text--title\" style=\"font-size:13px;\">Israel-Ir\u00e3: Uma grande guerra a caminho?<\/span>\n\t\t\t\t\t\t\t  \n\t\t\t\t\t\t\t  \n\t\t\t\t\t\t\t  <\/a>\n\n\t\t\t\t\t\t  <\/div>\n\t\t\t\t\t\t  <div class=\"relatedthumb \" style=\"width:125px;float:left;overflow:hidden;\">  \n\t\t\t\t\t\t\t  \n\t\t\t\t\t\t\t  <a  href=\"https:\/\/redept.com.br\/blogosfera\/obra-desconhecida-de-pablo-picasso-e-revelada-em-leilao-na-franca\/\"  >\n\t\t\t\t\t\t\t\t\t  <div class=\"yuzo-img-wrap \" style=\"width: 125px;height:90px;\">\n\t\t\t\t\t\t\t\t\t\t\n\t\t\t\t\t\t\t\t\t\t<div class=\"yuzo-img\" style=\"background:url('https:\/\/redept.com.br\/blogosfera\/wp-content\/uploads\/2025\/09\/vente-150x150.jpg') 50% 50% no-repeat;width: 125px;height:90px;margin-bottom: 5px;background-size: cover; \"><\/div>\n\t\t\t\t\t\t\t\t\t  <\/div>\n\t\t\t\t\t\t\t\t\t  \n\t\t\t\t\t\t\t\t   <span class=\"yuzo__text--title\" style=\"font-size:13px;\">Obra desconhecida de Pablo Picasso \u00e9 revelada em l...<\/span>\n\t\t\t\t\t\t\t  \n\t\t\t\t\t\t\t  \n\t\t\t\t\t\t\t  <\/a>\n\n\t\t\t\t\t\t  <\/div>\n<\/div> <script>\n\t\t\t\t\t\t  jQuery(document).ready(function( $ ){\n\t\t\t\t\t\t\t\/\/jQuery('.yuzo_related_post').equalizer({ overflow : 'relatedthumb' });\n\t\t\t\t\t\t\tjQuery('.yuzo_related_post .yuzo_wraps').equalizer({ columns : '> div' });\n\t\t\t\t\t\t   })\n\t\t\t\t\t\t  <\/script> <!-- End Yuzo :) -->","protected":false},"excerpt":{"rendered":"<p>Para a surpresa de zero pessoas, o jornal O Globo publicou no \u00faltimo domingo um editorial em que qualifica a proposta de redu\u00e7\u00e3o da escala de trabalho sem corte de sal\u00e1rios \u2013 com o fim da escala 6\u00d71 \u2013 como \u201coportunismo populista\u201d. J\u00e1 vimos esse filme antes, repetidas vezes. Em abril de 1962, por exemplo, [&hellip;]<\/p>\n","protected":false},"author":2,"featured_media":0,"comment_status":"open","ping_status":"closed","sticky":false,"template":"","format":"standard","meta":{"fifu_image_url":"","fifu_image_alt":"","footnotes":""},"categories":[1679,1963,2008,53041,132,53042,1970,53043],"tags":[],"class_list":["post-85387","post","type-post","status-publish","format-standard","hentry","category-direitos-trabalhistas","category-escala-6x1","category-fim-da-escala-6x1","category-o-globo-editorial","category-politica","category-produtividade-do-trabalho","category-reducao-da-jornada-de-trabalho","category-reforma-trabalhista-brasil"],"_links":{"self":[{"href":"https:\/\/redept.com.br\/blogosfera\/wp-json\/wp\/v2\/posts\/85387","targetHints":{"allow":["GET"]}}],"collection":[{"href":"https:\/\/redept.com.br\/blogosfera\/wp-json\/wp\/v2\/posts"}],"about":[{"href":"https:\/\/redept.com.br\/blogosfera\/wp-json\/wp\/v2\/types\/post"}],"author":[{"embeddable":true,"href":"https:\/\/redept.com.br\/blogosfera\/wp-json\/wp\/v2\/users\/2"}],"replies":[{"embeddable":true,"href":"https:\/\/redept.com.br\/blogosfera\/wp-json\/wp\/v2\/comments?post=85387"}],"version-history":[{"count":0,"href":"https:\/\/redept.com.br\/blogosfera\/wp-json\/wp\/v2\/posts\/85387\/revisions"}],"wp:attachment":[{"href":"https:\/\/redept.com.br\/blogosfera\/wp-json\/wp\/v2\/media?parent=85387"}],"wp:term":[{"taxonomy":"category","embeddable":true,"href":"https:\/\/redept.com.br\/blogosfera\/wp-json\/wp\/v2\/categories?post=85387"},{"taxonomy":"post_tag","embeddable":true,"href":"https:\/\/redept.com.br\/blogosfera\/wp-json\/wp\/v2\/tags?post=85387"}],"curies":[{"name":"wp","href":"https:\/\/api.w.org\/{rel}","templated":true}]}}