{"id":85389,"date":"2026-04-29T17:24:30","date_gmt":"2026-04-29T20:24:30","guid":{"rendered":"https:\/\/redept.com.br\/blogosfera\/apos-receber-chanceler-do-ira-putin-liga-para-trump-e-conversa-dura-1-hora-e-30-minutos\/"},"modified":"2026-04-29T17:24:30","modified_gmt":"2026-04-29T20:24:30","slug":"apos-receber-chanceler-do-ira-putin-liga-para-trump-e-conversa-dura-1-hora-e-30-minutos","status":"publish","type":"post","link":"https:\/\/redept.com.br\/blogosfera\/apos-receber-chanceler-do-ira-putin-liga-para-trump-e-conversa-dura-1-hora-e-30-minutos\/","title":{"rendered":"Ap\u00f3s receber chanceler do Ir\u00e3, Putin liga para Trump e conversa dura 1 hora e 30 minutos"},"content":{"rendered":"<p>Presidente da R\u00fassia se reuniu com Abbas Araghchi na segunda (27) e, nesta quarta (29), transmitiu posi\u00e7\u00f5es sobre o conflito no Ir\u00e3 e mensagens diretas de Teer\u00e3 a Washington, conforme fontes oficiais russas e iranianas<\/p>\n<p>O post Ap\u00f3s receber chanceler do Ir\u00e3, Putin liga para Trump e conversa dura 1 hora e 30 minutos apareceu primeiro em Urbs Magna.<\/p>\n<!-- Begin Yuzo --><div class='yuzo_related_post style-1'  data-version='5.12.89'><!-- without result --><div class='yuzo_clearfixed yuzo__title yuzo__title'><h3>Related Post<\/h3><\/div>\n\t\t\t\t\t\t  <div class=\"relatedthumb \" style=\"width:125px;float:left;overflow:hidden;\">  \n\t\t\t\t\t\t\t  \n\t\t\t\t\t\t\t  <a  href=\"https:\/\/redept.com.br\/blogosfera\/hospital-sao-lucas-da-pucrs-busca-voluntarios-entre-60-e-79-anos-para-pesquisar-vacina-contra-a-dengue\/\"  >\n\t\t\t\t\t\t\t\t\t  <div class=\"yuzo-img-wrap \" style=\"width: 125px;height:90px;\">\n\t\t\t\t\t\t\t\t\t\t\n\t\t\t\t\t\t\t\t\t\t<div class=\"yuzo-img\" style=\"background:url('https:\/\/redept.org\/blogosfera\/wp-content\/plugins\/yuzo-related-post\/assets\/images\/default.png') 50% 50% no-repeat;width: 125px;height:90px;margin-bottom: 5px;background-size: cover; \"><\/div>\n\t\t\t\t\t\t\t\t\t  <\/div>\n\t\t\t\t\t\t\t\t\t  \n\t\t\t\t\t\t\t\t   <span class=\"yuzo__text--title\" style=\"font-size:13px;\">Hospital S\u00e3o Lucas da PUCRS busca volunt\u00e1rios entr...<\/span>\n\t\t\t\t\t\t\t  \n\t\t\t\t\t\t\t  \n\t\t\t\t\t\t\t  <\/a>\n\n\t\t\t\t\t\t  <\/div>\n\t\t\t\t\t\t  <div class=\"relatedthumb \" style=\"width:125px;float:left;overflow:hidden;\">  \n\t\t\t\t\t\t\t  \n\t\t\t\t\t\t\t  <a  href=\"https:\/\/redept.com.br\/blogosfera\/museu-do-futebol-lanca-livro-gratuito-na-ponta-das-canetas-com-28-cronicas\/\"  >\n\t\t\t\t\t\t\t\t\t  <div class=\"yuzo-img-wrap \" style=\"width: 125px;height:90px;\">\n\t\t\t\t\t\t\t\t\t\t\n\t\t\t\t\t\t\t\t\t\t<div class=\"yuzo-img\" style=\"background:url('https:\/\/redept.org\/blogosfera\/wp-content\/plugins\/yuzo-related-post\/assets\/images\/default.png') 50% 50% no-repeat;width: 125px;height:90px;margin-bottom: 5px;background-size: cover; \"><\/div>\n\t\t\t\t\t\t\t\t\t  <\/div>\n\t\t\t\t\t\t\t\t\t  \n\t\t\t\t\t\t\t\t   <span class=\"yuzo__text--title\" style=\"font-size:13px;\">Museu do Futebol lan\u00e7a livro gratuito \u201cNa Ponta Da...<\/span>\n\t\t\t\t\t\t\t  \n\t\t\t\t\t\t\t  \n\t\t\t\t\t\t\t  <\/a>\n\n\t\t\t\t\t\t  <\/div>\n\t\t\t\t\t\t  <div class=\"relatedthumb \" style=\"width:125px;float:left;overflow:hidden;\">  \n\t\t\t\t\t\t\t  \n\t\t\t\t\t\t\t  <a  href=\"https:\/\/redept.com.br\/blogosfera\/assim-a-china-encara-o-desafio-de-trump\/\"  >\n\t\t\t\t\t\t\t\t\t  <div class=\"yuzo-img-wrap \" style=\"width: 125px;height:90px;\">\n\t\t\t\t\t\t\t\t\t\t\n\t\t\t\t\t\t\t\t\t\t<div class=\"yuzo-img\" style=\"background:url('https:\/\/redept.com.br\/blogosfera\/wp-content\/uploads\/2025\/04\/XiTrump-150x150.jpg') 50% 50% no-repeat;width: 125px;height:90px;margin-bottom: 5px;background-size: cover; \"><\/div>\n\t\t\t\t\t\t\t\t\t  <\/div>\n\t\t\t\t\t\t\t\t\t  \n\t\t\t\t\t\t\t\t   <span class=\"yuzo__text--title\" style=\"font-size:13px;\">Assim a China encara o desafio de Trump<\/span>\n\t\t\t\t\t\t\t  \n\t\t\t\t\t\t\t  \n\t\t\t\t\t\t\t  <\/a>\n\n\t\t\t\t\t\t  <\/div>\n\t\t\t\t\t\t  <div class=\"relatedthumb \" style=\"width:125px;float:left;overflow:hidden;\">  \n\t\t\t\t\t\t\t  \n\t\t\t\t\t\t\t  <a  href=\"https:\/\/redept.com.br\/blogosfera\/com-ondas-mais-severas-de-calor-serie-de-medidas-sao-essenciais-como-locais-de-acesso-gratis-a-agua-defende-pesquisadora\/\"  >\n\t\t\t\t\t\t\t\t\t  <div class=\"yuzo-img-wrap \" style=\"width: 125px;height:90px;\">\n\t\t\t\t\t\t\t\t\t\t\n\t\t\t\t\t\t\t\t\t\t<div class=\"yuzo-img\" style=\"background:url('https:\/\/redept.org\/blogosfera\/wp-content\/plugins\/yuzo-related-post\/assets\/images\/default.png') 50% 50% no-repeat;width: 125px;height:90px;margin-bottom: 5px;background-size: cover; \"><\/div>\n\t\t\t\t\t\t\t\t\t  <\/div>\n\t\t\t\t\t\t\t\t\t  \n\t\t\t\t\t\t\t\t   <span class=\"yuzo__text--title\" style=\"font-size:13px;\">Com ondas mais severas de calor, s\u00e9rie de medidas ...<\/span>\n\t\t\t\t\t\t\t  \n\t\t\t\t\t\t\t  \n\t\t\t\t\t\t\t  <\/a>\n\n\t\t\t\t\t\t  <\/div>\n<\/div> <script>\n\t\t\t\t\t\t  jQuery(document).ready(function( $ ){\n\t\t\t\t\t\t\t\/\/jQuery('.yuzo_related_post').equalizer({ overflow : 'relatedthumb' });\n\t\t\t\t\t\t\tjQuery('.yuzo_related_post .yuzo_wraps').equalizer({ columns : '> div' });\n\t\t\t\t\t\t   })\n\t\t\t\t\t\t  <\/script> <!-- End Yuzo :) -->","protected":false},"excerpt":{"rendered":"<p>Presidente da R\u00fassia se reuniu com Abbas Araghchi na segunda (27) e, nesta quarta (29), transmitiu posi\u00e7\u00f5es sobre o conflito no Ir\u00e3 e mensagens diretas de Teer\u00e3 a Washington, conforme fontes oficiais russas e iranianas<\/p>\n<p>O post <a rel=\"nofollow\" href=\"https:\/\/urbsmagna.com\/putin-recebe-chanceler-iraniano-liga-trump-1h30-conversa-ira-ucrania\/\">Ap\u00f3s receber chanceler do Ir\u00e3, Putin liga para Trump e conversa dura 1 hora e 30 minutos<\/a> apareceu primeiro em <a rel=\"nofollow\" href=\"https:\/\/urbsmagna.com\/\">Urbs Magna<\/a>.<\/p>\n","protected":false},"author":2,"featured_media":0,"comment_status":"open","ping_status":"closed","sticky":false,"template":"","format":"standard","meta":{"fifu_image_url":"","fifu_image_alt":"","footnotes":""},"categories":[8298,53044,39923,53045,53046,394,8650,9,1312,39339,38313,50,41,191,132,5471,53047,53048,43,38120],"tags":[],"class_list":["post-85389","post","type-post","status-publish","format-standard","hentry","category-abbas-araghchi","category-cessar-fogo-ucrania","category-chanceler-iraniano","category-conversa-putin-trump","category-diplomacia-russia-ira","category-estados-unidos","category-estreito-de-ormuz","category-eua","category-geopolitica","category-geopolitica-oriente-medio","category-guerra-ira-2026","category-internacional","category-ira","category-noticias","category-politica","category-politica-nacional","category-putin-trump","category-reuniao-putin-araghchi","category-russia","category-soberania-iraniana"],"_links":{"self":[{"href":"https:\/\/redept.com.br\/blogosfera\/wp-json\/wp\/v2\/posts\/85389","targetHints":{"allow":["GET"]}}],"collection":[{"href":"https:\/\/redept.com.br\/blogosfera\/wp-json\/wp\/v2\/posts"}],"about":[{"href":"https:\/\/redept.com.br\/blogosfera\/wp-json\/wp\/v2\/types\/post"}],"author":[{"embeddable":true,"href":"https:\/\/redept.com.br\/blogosfera\/wp-json\/wp\/v2\/users\/2"}],"replies":[{"embeddable":true,"href":"https:\/\/redept.com.br\/blogosfera\/wp-json\/wp\/v2\/comments?post=85389"}],"version-history":[{"count":0,"href":"https:\/\/redept.com.br\/blogosfera\/wp-json\/wp\/v2\/posts\/85389\/revisions"}],"wp:attachment":[{"href":"https:\/\/redept.com.br\/blogosfera\/wp-json\/wp\/v2\/media?parent=85389"}],"wp:term":[{"taxonomy":"category","embeddable":true,"href":"https:\/\/redept.com.br\/blogosfera\/wp-json\/wp\/v2\/categories?post=85389"},{"taxonomy":"post_tag","embeddable":true,"href":"https:\/\/redept.com.br\/blogosfera\/wp-json\/wp\/v2\/tags?post=85389"}],"curies":[{"name":"wp","href":"https:\/\/api.w.org\/{rel}","templated":true}]}}