{"id":85392,"date":"2026-04-29T17:33:30","date_gmt":"2026-04-29T20:33:30","guid":{"rendered":"https:\/\/redept.com.br\/blogosfera\/houve-avancos-importantes-na-protecao-as-mulheres-mas-a-violencia-segue-presente-diz-coordenadora-do-coletivo-de-mulheres-da-central-de-movimentos-populares\/"},"modified":"2026-04-29T17:33:30","modified_gmt":"2026-04-29T20:33:30","slug":"houve-avancos-importantes-na-protecao-as-mulheres-mas-a-violencia-segue-presente-diz-coordenadora-do-coletivo-de-mulheres-da-central-de-movimentos-populares","status":"publish","type":"post","link":"https:\/\/redept.com.br\/blogosfera\/houve-avancos-importantes-na-protecao-as-mulheres-mas-a-violencia-segue-presente-diz-coordenadora-do-coletivo-de-mulheres-da-central-de-movimentos-populares\/","title":{"rendered":"Houve avan\u00e7os importantes na prote\u00e7\u00e3o \u00e0s mulheres, mas a viol\u00eancia segue presente, diz coordenadora do Coletivo de Mulheres da Central de Movimentos Populares"},"content":{"rendered":"<p>O Coletivo de Mulheres da Central de Movimentos Populares (CMP) realiza o Semin\u00e1rio Nacional de Enfrentamento ao Feminic\u00eddio e pela Sa\u00fade Mental das Mulheres nas Periferias entre os dias 1\u00ba e 3 de maio, em Bras\u00edlia. O encontro marca a retomada da articula\u00e7\u00e3o nacional do coletivo ap\u00f3s quase tr\u00eas d\u00e9cadas do \u00faltimo semin\u00e1rio, realizado em [\u2026]<\/p>\n<p><a href=\"https:\/\/www.brasildefato.com.br\/2026\/04\/29\/houve-avancos-importantes-na-protecao-as-mulheres-mas-a-violencia-segue-presente-diz-coordenadora-do-coletivo-de-mulheres-da-central-de-movimentos-populares\/\" rel=\"nofollow\">Fonte<\/a><\/p>\n<!-- Begin Yuzo --><div class='yuzo_related_post style-1'  data-version='5.12.89'><!-- without result --><div class='yuzo_clearfixed yuzo__title yuzo__title'><h3>Related Post<\/h3><\/div>\n\t\t\t\t\t\t  <div class=\"relatedthumb \" style=\"width:125px;float:left;overflow:hidden;\">  \n\t\t\t\t\t\t\t  \n\t\t\t\t\t\t\t  <a  href=\"https:\/\/redept.com.br\/blogosfera\/patriotismo-do-bone-de-lula-polariza-com-ex-falecida-odete\/\"  >\n\t\t\t\t\t\t\t\t\t  <div class=\"yuzo-img-wrap \" style=\"width: 125px;height:90px;\">\n\t\t\t\t\t\t\t\t\t\t\n\t\t\t\t\t\t\t\t\t\t<div class=\"yuzo-img\" style=\"background:url('https:\/\/redept.org\/blogosfera\/wp-content\/plugins\/yuzo-related-post\/assets\/images\/default.png') 50% 50% no-repeat;width: 125px;height:90px;margin-bottom: 5px;background-size: cover; \"><\/div>\n\t\t\t\t\t\t\t\t\t  <\/div>\n\t\t\t\t\t\t\t\t\t  \n\t\t\t\t\t\t\t\t   <span class=\"yuzo__text--title\" style=\"font-size:13px;\">Patriotismo do bon\u00e9 de Lula polariza com ex-faleci...<\/span>\n\t\t\t\t\t\t\t  \n\t\t\t\t\t\t\t  \n\t\t\t\t\t\t\t  <\/a>\n\n\t\t\t\t\t\t  <\/div>\n\t\t\t\t\t\t  <div class=\"relatedthumb \" style=\"width:125px;float:left;overflow:hidden;\">  \n\t\t\t\t\t\t\t  \n\t\t\t\t\t\t\t  <a  href=\"https:\/\/redept.com.br\/blogosfera\/forcas-armadas-devem-ser-responsabilizadas-pelo-golpe-de-bolsonaro\/\"  >\n\t\t\t\t\t\t\t\t\t  <div class=\"yuzo-img-wrap \" style=\"width: 125px;height:90px;\">\n\t\t\t\t\t\t\t\t\t\t\n\t\t\t\t\t\t\t\t\t\t<div class=\"yuzo-img\" style=\"background:url('https:\/\/redept.com.br\/blogosfera\/wp-content\/uploads\/2025\/03\/o-ex-presidente-jair-bolsonaro-pl-durante-manifestacao-em-seu-apoio-na-avenida-paulista-em-sao-paulo-ao-lado-da-esposa-michelle-bolsonaro-1708890592358_v2_900x506-150x150.jpg') 50% 50% no-repeat;width: 125px;height:90px;margin-bottom: 5px;background-size: cover; \"><\/div>\n\t\t\t\t\t\t\t\t\t  <\/div>\n\t\t\t\t\t\t\t\t\t  \n\t\t\t\t\t\t\t\t   <span class=\"yuzo__text--title\" style=\"font-size:13px;\">For\u00e7as Armadas devem ser responsabilizadas pelo go...<\/span>\n\t\t\t\t\t\t\t  \n\t\t\t\t\t\t\t  \n\t\t\t\t\t\t\t  <\/a>\n\n\t\t\t\t\t\t  <\/div>\n\t\t\t\t\t\t  <div class=\"relatedthumb \" style=\"width:125px;float:left;overflow:hidden;\">  \n\t\t\t\t\t\t\t  \n\t\t\t\t\t\t\t  <a  href=\"https:\/\/redept.com.br\/blogosfera\/ira-denuncia-estados-unidos-por-planejar-ataque-terrestre\/\"  >\n\t\t\t\t\t\t\t\t\t  <div class=\"yuzo-img-wrap \" style=\"width: 125px;height:90px;\">\n\t\t\t\t\t\t\t\t\t\t\n\t\t\t\t\t\t\t\t\t\t<div class=\"yuzo-img\" style=\"background:url('https:\/\/redept.org\/blogosfera\/wp-content\/plugins\/yuzo-related-post\/assets\/images\/default.png') 50% 50% no-repeat;width: 125px;height:90px;margin-bottom: 5px;background-size: cover; \"><\/div>\n\t\t\t\t\t\t\t\t\t  <\/div>\n\t\t\t\t\t\t\t\t\t  \n\t\t\t\t\t\t\t\t   <span class=\"yuzo__text--title\" style=\"font-size:13px;\">Ir\u00e3 denuncia Estados Unidos por planejar ataque te...<\/span>\n\t\t\t\t\t\t\t  \n\t\t\t\t\t\t\t  \n\t\t\t\t\t\t\t  <\/a>\n\n\t\t\t\t\t\t  <\/div>\n\t\t\t\t\t\t  <div class=\"relatedthumb \" style=\"width:125px;float:left;overflow:hidden;\">  \n\t\t\t\t\t\t\t  \n\t\t\t\t\t\t\t  <a  href=\"https:\/\/redept.com.br\/blogosfera\/senadores-repudiam-acoes-militares-no-oriente-medio\/\"  >\n\t\t\t\t\t\t\t\t\t  <div class=\"yuzo-img-wrap \" style=\"width: 125px;height:90px;\">\n\t\t\t\t\t\t\t\t\t\t\n\t\t\t\t\t\t\t\t\t\t<div class=\"yuzo-img\" style=\"background:url('https:\/\/redept.org\/blogosfera\/wp-content\/plugins\/yuzo-related-post\/assets\/images\/default.png') 50% 50% no-repeat;width: 125px;height:90px;margin-bottom: 5px;background-size: cover; \"><\/div>\n\t\t\t\t\t\t\t\t\t  <\/div>\n\t\t\t\t\t\t\t\t\t  \n\t\t\t\t\t\t\t\t   <span class=\"yuzo__text--title\" style=\"font-size:13px;\">Senadores repudiam a\u00e7\u00f5es militares no Oriente M\u00e9di...<\/span>\n\t\t\t\t\t\t\t  \n\t\t\t\t\t\t\t  \n\t\t\t\t\t\t\t  <\/a>\n\n\t\t\t\t\t\t  <\/div>\n<\/div> <script>\n\t\t\t\t\t\t  jQuery(document).ready(function( $ ){\n\t\t\t\t\t\t\t\/\/jQuery('.yuzo_related_post').equalizer({ overflow : 'relatedthumb' });\n\t\t\t\t\t\t\tjQuery('.yuzo_related_post .yuzo_wraps').equalizer({ columns : '> div' });\n\t\t\t\t\t\t   })\n\t\t\t\t\t\t  <\/script> <!-- End Yuzo :) -->","protected":false},"excerpt":{"rendered":"<p>O Coletivo de Mulheres da Central de Movimentos Populares (CMP) realiza o Semin\u00e1rio Nacional de Enfrentamento ao Feminic\u00eddio e pela Sa\u00fade Mental das Mulheres nas Periferias entre os dias 1\u00ba e 3 de maio, em Bras\u00edlia. O encontro marca a retomada da articula\u00e7\u00e3o nacional do coletivo ap\u00f3s quase tr\u00eas d\u00e9cadas do \u00faltimo semin\u00e1rio, realizado em [&hellip;]<\/p>\n","protected":false},"author":2,"featured_media":0,"comment_status":"open","ping_status":"closed","sticky":false,"template":"","format":"standard","meta":{"fifu_image_url":"","fifu_image_alt":"","footnotes":""},"categories":[53049,53050,49513,6986,39488,498,21668,42479,1890,51555,307,34599,1088,161,53051,53052,4030,53053,6695,4230,53054,53055,214,53056,53057,53058,5193,614,53059,2138,53060],"tags":[],"class_list":["post-85392","post","type-post","status-publish","format-standard","hentry","category-53049","category-53050","category-articulacao-nacional","category-ativistas","category-autonomia-feminina","category-brasilia","category-cmp","category-coletivo-de-mulheres","category-denuncia","category-direitos-mulheres","category-direitos-humanos","category-enfrentamento","category-feminicidio","category-governo-federal","category-lei-de-protecao-as-mulheres","category-luta-nos-territorios","category-ministerio-das-mulheres","category-miriam-hermogenes","category-movimentos-populares","category-periferias","category-pesquisadoras","category-plenarias-regionais","category-politicas-publicas","category-redes-de-apoio","category-relacoes-de-genero","category-responsabilizacao-dos-homens","category-retomada","category-saude-mental","category-seminario-nacional","category-violencia-contra-mulher","category-visibilidade-violencia"],"_links":{"self":[{"href":"https:\/\/redept.com.br\/blogosfera\/wp-json\/wp\/v2\/posts\/85392","targetHints":{"allow":["GET"]}}],"collection":[{"href":"https:\/\/redept.com.br\/blogosfera\/wp-json\/wp\/v2\/posts"}],"about":[{"href":"https:\/\/redept.com.br\/blogosfera\/wp-json\/wp\/v2\/types\/post"}],"author":[{"embeddable":true,"href":"https:\/\/redept.com.br\/blogosfera\/wp-json\/wp\/v2\/users\/2"}],"replies":[{"embeddable":true,"href":"https:\/\/redept.com.br\/blogosfera\/wp-json\/wp\/v2\/comments?post=85392"}],"version-history":[{"count":0,"href":"https:\/\/redept.com.br\/blogosfera\/wp-json\/wp\/v2\/posts\/85392\/revisions"}],"wp:attachment":[{"href":"https:\/\/redept.com.br\/blogosfera\/wp-json\/wp\/v2\/media?parent=85392"}],"wp:term":[{"taxonomy":"category","embeddable":true,"href":"https:\/\/redept.com.br\/blogosfera\/wp-json\/wp\/v2\/categories?post=85392"},{"taxonomy":"post_tag","embeddable":true,"href":"https:\/\/redept.com.br\/blogosfera\/wp-json\/wp\/v2\/tags?post=85392"}],"curies":[{"name":"wp","href":"https:\/\/api.w.org\/{rel}","templated":true}]}}