{"id":85405,"date":"2026-04-29T18:52:57","date_gmt":"2026-04-29T21:52:57","guid":{"rendered":"https:\/\/redept.com.br\/blogosfera\/trump-rejeita-acordo-com-ira-e-custos-da-guerra-ja-somam-r-125-bilhoes\/"},"modified":"2026-04-29T18:52:57","modified_gmt":"2026-04-29T21:52:57","slug":"trump-rejeita-acordo-com-ira-e-custos-da-guerra-ja-somam-r-125-bilhoes","status":"publish","type":"post","link":"https:\/\/redept.com.br\/blogosfera\/trump-rejeita-acordo-com-ira-e-custos-da-guerra-ja-somam-r-125-bilhoes\/","title":{"rendered":"Trump rejeita acordo com Ir\u00e3 e custos da guerra j\u00e1 somam R$ 125 bilh\u00f5es"},"content":{"rendered":"<p><img fetchpriority=\"high\" width=\"1024\" height=\"855\"src=\"https:\/\/redept.com.br\/blogosfera\/wp-content\/uploads\/2026\/04\/reproducao-Truth-Social.avif\" alt=\"\" decoding=\"async\" srcset=\"https:\/\/vermelho.org.br\/wp-content\/uploads\/2026\/04\/reproducao-Truth-Social-1024x855.jpg 1024w, https:\/\/vermelho.org.br\/wp-content\/uploads\/2026\/04\/reproducao-Truth-Social-300x251.jpg 300w, https:\/\/vermelho.org.br\/wp-content\/uploads\/2026\/04\/reproducao-Truth-Social-768x641.jpg 768w, https:\/\/redept.com.br\/blogosfera\/wp-content\/uploads\/2026\/04\/reproducao-Truth-Social.avif 1080w\" sizes=\"(max-width: 1024px) 100vw, 1024px\"><\/p>\n<p>Em meio \u00e0 escalada de tens\u00e3o no Oriente M\u00e9dio, o presidente dos Estados Unidos, Donald Trump, rejeitou a proposta apresentada pelo Ir\u00e3 para o al\u00edvio do conflito. A oferta iraniana previa a reabertura do Estreito de Ormuz em troca do fim do bloqueio naval americano, mas Washington exige, primeiro, o fim do programa nuclear de Teer\u00e3.<\/p>\n<p>Em entrevista ao site Axios, Trump descartou concess\u00f5es imediatas, afirmando que o bloqueio \u00e9 mais eficaz que bombardeios. \u201cEles querem resolver. Eu n\u00e3o quero suspender o bloqueio, porque n\u00e3o quero que eles tenham uma arma nuclear\u201d, insistiu Trump sobre o pretexto que utiliza para manter a ofensiva.<\/p>\n<p>A postura agressiva foi refor\u00e7ada em postagem na rede Truth Social, na quarta-feira (29). Donald Trump publicou uma imagem gerada por intelig\u00eancia artificial na qual o pol\u00edtico de quase 80 anos de idade aparece transfigurado em uma vers\u00e3o militarizada de si mesmo, armado e em cen\u00e1rio de guerra, com explos\u00f5es ao fundo. A constru\u00e7\u00e3o visual abandona o decoro institucional de chefe de Estado e o posiciona como protagonista de a\u00e7\u00e3o, em um enquadramento t\u00edpico de propaganda b\u00e9lica. A frase \u201cChega de ser bonzinho!\u201d aparece em destaque, funcionando como s\u00edntese da ruptura com a diplomacia e afirma\u00e7\u00e3o do uso da for\u00e7a que ele quer que seja levada a s\u00e9rio.<\/p>\n<p>Na mensagem que acompanha a publica\u00e7\u00e3o, Trump afirmou que as autoridades iranianas \u201cn\u00e3o sabem como assinar um acordo n\u00e3o nuclear\u201d e que deveriam \u201cagir com intelig\u00eancia logo\u201d, refor\u00e7ando o tom de ultimato dirigido a Teer\u00e3.<\/p>\n<p>A recusa de Trump foi imediata e repercutiu como um balde de \u00e1gua fria nas esperan\u00e7as de desescalada. Fontes de seguran\u00e7a iranianas, citadas pela Press TV (emissora oficial do Ir\u00e3), responderam que \u201co cont\u00ednuo pirataria mar\u00edtima e banditismo americano na forma do chamado \u2018bloqueio naval\u2019 logo ser\u00e1 respondido com <strong>a\u00e7\u00e3o pr\u00e1tica e sem precedentes<\/strong>.\u201d<\/p>\n<p>O presidente do Parlamento iraniano, Mohammad Bagher Ghalibaf, refor\u00e7ou: a paci\u00eancia de Teer\u00e3 \u201ctem limite\u201d e uma \u201cresposta punitiva \u00e9 necess\u00e1ria\u201d se Washington insistir na medida ilegal.<\/p>\n<p><strong>Diverg\u00eancias que alimentam o impasse<\/strong><\/p>\n<p>No centro do conflito est\u00e1 uma diverg\u00eancia estrat\u00e9gica profunda. O Ir\u00e3 propunha um acordo em etapas: primeiro, suspender o bloqueio naval e reabrir Ormuz para aliviar a asfixia econ\u00f4mica; depois, discutir o programa nuclear. Washington, ao contr\u00e1rio, exige desmantelamento do programa nuclear iraniano <strong>antes<\/strong> de qualquer al\u00edvio no bloqueio. Trump deixou claro que o estrangulamento mar\u00edtimo \u00e9 a principal alavanca para for\u00e7ar Teer\u00e3 a ceder. O resultado \u00e9 um impasse que mant\u00e9m o conflito em est\u00e1gio de escalada controlada \u2014 mas altamente inst\u00e1vel.<\/p>\n<p><strong>Impacto econ\u00f4mico e eleitoral<\/strong>\u00a0<\/p>\n<p>O custo da postura militarista de Washington j\u00e1 reflete nos cofres p\u00fablicos. O Pent\u00e1gono avalia que a guerra contra o Ir\u00e3 j\u00e1 consumiu US$ 25 bilh\u00f5es \u2014 aproximadamente R$ 125 bilh\u00f5es na cota\u00e7\u00e3o atual. O gasto astron\u00f4mico ocorre a seis meses das elei\u00e7\u00f5es de meio de mandato, nas quais os republicanos enfrentam dificuldades para manter a maioria na C\u00e2mara. Os democratas ganham espa\u00e7o nas pesquisas ao vincular a impopularidade da guerra e o custo de vida ao governo Trump.<\/p>\n<p>Apesar do cerco em Ormuz, dados de rastreamento mostram que alguns petroleiros iranianos conseguiram furar o bloqueio nos \u00faltimos dias. Analistas tamb\u00e9m contestam a ret\u00f3rica de Washington, que tenta classificar os oleodutos iranianos como \u2018amea\u00e7as \u00e0 seguran\u00e7a\u2019. Para os especialistas, essa \u00e9 uma manobra para justificar a destrui\u00e7\u00e3o da economia civil do Ir\u00e3, utilizando a asfixia financeira como uma arma de guerra e chantagem pol\u00edtica para for\u00e7ar a rendi\u00e7\u00e3o de Teer\u00e3.<\/p>\n<p>Leia mais: <a href=\"https:\/\/vermelho.org.br\/2026\/04\/29\/trump-atinge-a-maior-rejeicao-sob-pressao-da-guerra-e-das-ruas\/\">Trump atinge a maior rejei\u00e7\u00e3o sob press\u00e3o da guerra e das ruas<\/a><\/p>\n<p><strong>Agress\u00e3o israelense e o mapa da ocupa\u00e7\u00e3o<\/strong>\u00a0<\/p>\n<p>Enquanto o impasse persiste, as a\u00e7\u00f5es militares de Israel, principal aliado dos EUA, agravam a crise humanit\u00e1ria. O governo israelense tenta expandir o territ\u00f3rio ao consolidar uma \u201czona restrita\u201d no sul do L\u00edbano, alegando tratar-se de \u00e1rea para ajuda humanit\u00e1ria. Contudo, os fatos contradizem a vers\u00e3o oficial.<\/p>\n<p>Israel n\u00e3o respeita o cessar-fogo e, em mar\u00e7o, provocou a morte de pelo menos tr\u00eas funcion\u00e1rios de organiza\u00e7\u00f5es internacionais que prestavam servi\u00e7os humanit\u00e1rios: dois do Fundo das Na\u00e7\u00f5es Unidas para a Inf\u00e2ncia (Unicef) e um da Organiza\u00e7\u00e3o Mundial da Sa\u00fade (OMS). O ex\u00e9rcito de Israel justificou os ataques alegando \u201camea\u00e7as pr\u00f3ximas\u201d, argumento recorrentemente utilizado para atingir infraestruturas civis.<\/p>\n<p>No \u00faltimo domingo (26), a viol\u00eancia atingiu cidad\u00e3os brasileiros. Um bombardeio em Burj Qalowayh, no sul do L\u00edbano, matou a brasileira Manal Jaafar, de 47 anos, seu filho Ali Ghassan Nader, de 11 anos, e o pai liban\u00eas, Ghassan Nader. O Itamaraty condenou o ataque.<\/p>\n<p>Israel divulgou um mapa de sua \u201cnova linha de implanta\u00e7\u00e3o\u201d no sul do L\u00edbano, que avan\u00e7a sobre territ\u00f3rio soberano. O desenho assemelha-se \u00e0 estrat\u00e9gia aplicada na Faixa de Gaza, onde o controle militar israelense j\u00e1 atinge 11% do territ\u00f3rio atrav\u00e9s de zonas restritas e demoli\u00e7\u00f5es.<\/p>\n<p>Enquanto Trump mant\u00e9m o bloqueio e utiliza fantasias digitais para inflamar a ret\u00f3rica de guerra, o risco de um erro de c\u00e1lculo regional cresce. O cen\u00e1rio \u00e9 de uma asfixia econ\u00f4mica que pune popula\u00e7\u00f5es civis e uma expans\u00e3o territorial israelense que desconsidera acordos de cessar-fogo que se configura como crime de guerra. <\/p>\n<p>O post <a href=\"https:\/\/vermelho.org.br\/2026\/04\/29\/trump-rejeita-acordo-com-ira-e-custos-da-guerra-ja-somam-r-125-bilhoes\/\">Trump rejeita acordo com Ir\u00e3 e custos da guerra j\u00e1 somam R$ 125 bilh\u00f5es<\/a> apareceu primeiro em <a href=\"https:\/\/vermelho.org.br\/\">Vermelho<\/a>.<\/p>\n<!-- Begin Yuzo --><div class='yuzo_related_post style-1'  data-version='5.12.89'><!-- without result --><div class='yuzo_clearfixed yuzo__title yuzo__title'><h3>Related Post<\/h3><\/div>\n\t\t\t\t\t\t  <div class=\"relatedthumb \" style=\"width:125px;float:left;overflow:hidden;\">  \n\t\t\t\t\t\t\t  \n\t\t\t\t\t\t\t  <a  href=\"https:\/\/redept.com.br\/blogosfera\/quase-33-mil-mulheres-gravidas-estao-em-risco-devido-ao-endurecimento-do-bloqueio-dos-eua-contra-cuba\/\"  >\n\t\t\t\t\t\t\t\t\t  <div class=\"yuzo-img-wrap \" style=\"width: 125px;height:90px;\">\n\t\t\t\t\t\t\t\t\t\t\n\t\t\t\t\t\t\t\t\t\t<div class=\"yuzo-img\" style=\"background:url('https:\/\/redept.org\/blogosfera\/wp-content\/plugins\/yuzo-related-post\/assets\/images\/default.png') 50% 50% no-repeat;width: 125px;height:90px;margin-bottom: 5px;background-size: cover; \"><\/div>\n\t\t\t\t\t\t\t\t\t  <\/div>\n\t\t\t\t\t\t\t\t\t  \n\t\t\t\t\t\t\t\t   <span class=\"yuzo__text--title\" style=\"font-size:13px;\">Quase 33 mil mulheres gr\u00e1vidas est\u00e3o em risco devi...<\/span>\n\t\t\t\t\t\t\t  \n\t\t\t\t\t\t\t  \n\t\t\t\t\t\t\t  <\/a>\n\n\t\t\t\t\t\t  <\/div>\n\t\t\t\t\t\t  <div class=\"relatedthumb \" style=\"width:125px;float:left;overflow:hidden;\">  \n\t\t\t\t\t\t\t  \n\t\t\t\t\t\t\t  <a  href=\"https:\/\/redept.com.br\/blogosfera\/desvios-de-emendas-stf-marca-para-quinta-feira-interrogatorio-de-deputados\/\"  >\n\t\t\t\t\t\t\t\t\t  <div class=\"yuzo-img-wrap \" style=\"width: 125px;height:90px;\">\n\t\t\t\t\t\t\t\t\t\t\n\t\t\t\t\t\t\t\t\t\t<div class=\"yuzo-img\" style=\"background:url('https:\/\/redept.org\/blogosfera\/wp-content\/plugins\/yuzo-related-post\/assets\/images\/default.png') 50% 50% no-repeat;width: 125px;height:90px;margin-bottom: 5px;background-size: cover; \"><\/div>\n\t\t\t\t\t\t\t\t\t  <\/div>\n\t\t\t\t\t\t\t\t\t  \n\t\t\t\t\t\t\t\t   <span class=\"yuzo__text--title\" style=\"font-size:13px;\">Desvios de emendas: STF marca para quinta-feira in...<\/span>\n\t\t\t\t\t\t\t  \n\t\t\t\t\t\t\t  \n\t\t\t\t\t\t\t  <\/a>\n\n\t\t\t\t\t\t  <\/div>\n\t\t\t\t\t\t  <div class=\"relatedthumb \" style=\"width:125px;float:left;overflow:hidden;\">  \n\t\t\t\t\t\t\t  \n\t\t\t\t\t\t\t  <a  href=\"https:\/\/redept.com.br\/blogosfera\/alta-de-casos-de-virus-respiratorio-na-china-e-comum-e-nao-acende-alerta\/\"  >\n\t\t\t\t\t\t\t\t\t  <div class=\"yuzo-img-wrap \" style=\"width: 125px;height:90px;\">\n\t\t\t\t\t\t\t\t\t\t\n\t\t\t\t\t\t\t\t\t\t<div class=\"yuzo-img\" style=\"background:url('https:\/\/redept.org\/blogosfera\/wp-content\/plugins\/yuzo-related-post\/assets\/images\/default.png') 50% 50% no-repeat;width: 125px;height:90px;margin-bottom: 5px;background-size: cover; \"><\/div>\n\t\t\t\t\t\t\t\t\t  <\/div>\n\t\t\t\t\t\t\t\t\t  \n\t\t\t\t\t\t\t\t   <span class=\"yuzo__text--title\" style=\"font-size:13px;\">Alta de casos de v\u00edrus respirat\u00f3rio na China \u00e9 com...<\/span>\n\t\t\t\t\t\t\t  \n\t\t\t\t\t\t\t  \n\t\t\t\t\t\t\t  <\/a>\n\n\t\t\t\t\t\t  <\/div>\n\t\t\t\t\t\t  <div class=\"relatedthumb \" style=\"width:125px;float:left;overflow:hidden;\">  \n\t\t\t\t\t\t\t  \n\t\t\t\t\t\t\t  <a  href=\"https:\/\/redept.com.br\/blogosfera\/camara-aprova-gas-do-povo-e-assegura-botijao-gratuito-a-familias-vulneraveis\/\"  >\n\t\t\t\t\t\t\t\t\t  <div class=\"yuzo-img-wrap \" style=\"width: 125px;height:90px;\">\n\t\t\t\t\t\t\t\t\t\t\n\t\t\t\t\t\t\t\t\t\t<div class=\"yuzo-img\" style=\"background:url('https:\/\/redept.com.br\/blogosfera\/wp-content\/uploads\/2026\/02\/Marcello-CasalAgencia-Brasil-150x150.webp') 50% 50% no-repeat;width: 125px;height:90px;margin-bottom: 5px;background-size: cover; \"><\/div>\n\t\t\t\t\t\t\t\t\t  <\/div>\n\t\t\t\t\t\t\t\t\t  \n\t\t\t\t\t\t\t\t   <span class=\"yuzo__text--title\" style=\"font-size:13px;\">C\u00e2mara aprova G\u00e1s do Povo e assegura botij\u00e3o gratu...<\/span>\n\t\t\t\t\t\t\t  \n\t\t\t\t\t\t\t  \n\t\t\t\t\t\t\t  <\/a>\n\n\t\t\t\t\t\t  <\/div>\n<\/div> <script>\n\t\t\t\t\t\t  jQuery(document).ready(function( $ ){\n\t\t\t\t\t\t\t\/\/jQuery('.yuzo_related_post').equalizer({ overflow : 'relatedthumb' });\n\t\t\t\t\t\t\tjQuery('.yuzo_related_post .yuzo_wraps').equalizer({ columns : '> div' });\n\t\t\t\t\t\t   })\n\t\t\t\t\t\t  <\/script> <!-- End Yuzo :) -->","protected":false},"excerpt":{"rendered":"<p>Em meio \u00e0 escalada de tens\u00e3o no Oriente M\u00e9dio, o presidente dos Estados Unidos, Donald Trump, rejeitou a proposta apresentada pelo Ir\u00e3 para o al\u00edvio do conflito. A oferta iraniana previa a reabertura do Estreito de Ormuz em troca do fim do bloqueio naval americano, mas Washington exige, primeiro, o fim do programa nuclear de [&hellip;]<\/p>\n","protected":false},"author":2,"featured_media":0,"comment_status":"open","ping_status":"closed","sticky":false,"template":"","format":"standard","meta":{"fifu_image_url":"","fifu_image_alt":"","footnotes":""},"categories":[1023,394,8650,23,50,41,25,519,267],"tags":[],"class_list":["post-85405","post","type-post","status-publish","format-standard","hentry","category-donald-trump","category-estados-unidos","category-estreito-de-ormuz","category-guerra","category-internacional","category-ira","category-israel","category-libano","category-onu"],"_links":{"self":[{"href":"https:\/\/redept.com.br\/blogosfera\/wp-json\/wp\/v2\/posts\/85405","targetHints":{"allow":["GET"]}}],"collection":[{"href":"https:\/\/redept.com.br\/blogosfera\/wp-json\/wp\/v2\/posts"}],"about":[{"href":"https:\/\/redept.com.br\/blogosfera\/wp-json\/wp\/v2\/types\/post"}],"author":[{"embeddable":true,"href":"https:\/\/redept.com.br\/blogosfera\/wp-json\/wp\/v2\/users\/2"}],"replies":[{"embeddable":true,"href":"https:\/\/redept.com.br\/blogosfera\/wp-json\/wp\/v2\/comments?post=85405"}],"version-history":[{"count":0,"href":"https:\/\/redept.com.br\/blogosfera\/wp-json\/wp\/v2\/posts\/85405\/revisions"}],"wp:attachment":[{"href":"https:\/\/redept.com.br\/blogosfera\/wp-json\/wp\/v2\/media?parent=85405"}],"wp:term":[{"taxonomy":"category","embeddable":true,"href":"https:\/\/redept.com.br\/blogosfera\/wp-json\/wp\/v2\/categories?post=85405"},{"taxonomy":"post_tag","embeddable":true,"href":"https:\/\/redept.com.br\/blogosfera\/wp-json\/wp\/v2\/tags?post=85405"}],"curies":[{"name":"wp","href":"https:\/\/api.w.org\/{rel}","templated":true}]}}