{"id":85410,"date":"2026-04-29T20:00:06","date_gmt":"2026-04-29T23:00:06","guid":{"rendered":"https:\/\/redept.com.br\/blogosfera\/forca-sindical-a-central-neoliberal\/"},"modified":"2026-04-29T20:00:06","modified_gmt":"2026-04-29T23:00:06","slug":"forca-sindical-a-central-neoliberal","status":"publish","type":"post","link":"https:\/\/redept.com.br\/blogosfera\/forca-sindical-a-central-neoliberal\/","title":{"rendered":"For\u00e7a Sindical: A central neoliberal"},"content":{"rendered":"<p><img fetchpriority=\"high\" width=\"750\" height=\"1084\"src=\"https:\/\/redept.com.br\/blogosfera\/wp-content\/uploads\/2026\/04\/D_NQ_NP_2X_630336-MLB96414602192_102025-F-e1777472208690.webp\" alt='Capa do livro \"For\u00e7a Sindical: A Central Neoliberal - De Medeiros a Paulinho\", de Vito Giannotti. Na parte superior, o t\u00edtulo em destaque. Abaixo, uma imagem de dois homens vestindo ternos escuros apertando as m\u00e3os ou trocando um pequeno cart\u00e3o com um s\u00edmbolo amarelo, representando o sindicalismo de resultados e a burocracia sindical. No rodap\u00e9, o logotipo da editora Mauad.' link_thumbnail=\"\" decoding=\"async\" srcset=\"https:\/\/redept.com.br\/blogosfera\/wp-content\/uploads\/2026\/04\/D_NQ_NP_2X_630336-MLB96414602192_102025-F-e1777472208690.webp 750w, https:\/\/averdade.org.br\/wp-content\/uploads\/2026\/04\/D_NQ_NP_2X_630336-MLB96414602192_102025-F-e1777472208690-242x350.webp 242w, https:\/\/averdade.org.br\/wp-content\/uploads\/2026\/04\/D_NQ_NP_2X_630336-MLB96414602192_102025-F-e1777472208690-708x1024.webp 708w, https:\/\/averdade.org.br\/wp-content\/uploads\/2026\/04\/D_NQ_NP_2X_630336-MLB96414602192_102025-F-e1777472208690-173x250.webp 173w, https:\/\/averdade.org.br\/wp-content\/uploads\/2026\/04\/D_NQ_NP_2X_630336-MLB96414602192_102025-F-e1777472208690-150x217.webp 150w, https:\/\/averdade.org.br\/wp-content\/uploads\/2026\/04\/D_NQ_NP_2X_630336-MLB96414602192_102025-F-e1777472208690-300x434.webp 300w, https:\/\/averdade.org.br\/wp-content\/uploads\/2026\/04\/D_NQ_NP_2X_630336-MLB96414602192_102025-F-e1777472208690-696x1006.webp 696w\" sizes=\"(max-width: 750px) 100vw, 750px\"><\/p>\n<p><strong><span><span>A hist\u00f3ria da For\u00e7a Sindical revela a trai\u00e7\u00e3o \u00e0 classe trabalhadora e sua submiss\u00e3o ao projeto neoliberal e ao financiamento da burguesia. A trajet\u00f3ria de Luiz de Medeiros e Paulinho da For\u00e7a demonstra como a central atuou para desmobilizar a luta e apoiar a privatiza\u00e7\u00e3o criminosa. O uso de recurso patronal para corromper o sindicato refor\u00e7a a necessidade da forma\u00e7\u00e3o marxista e da organiza\u00e7\u00e3o classista para a conquista do poder popular e do socialismo no Brasil.<\/span><\/span><\/strong><\/p>\n<p><strong>Marcelo Pereira \u2013 Belo Horizonte (MG)<\/strong><\/p>\n<hr>\n<p><strong>OPINI\u00c3O<\/strong> \u2013 Diante da tarefa de fortalecer a constru\u00e7\u00e3o dos sindicatos no Brasil, \u00e9 fundamental conhecer a hist\u00f3ria do sindicalismo. Vito Giannotti foi um sindicalista que deu \u00f3timas contribui\u00e7\u00f5es para o registro dessa hist\u00f3ria, como, por exemplo, atrav\u00e9s do livro \u201cFor\u00e7a Sindical \u2013 A central neoliberal \u2013 De Medeiros a Paulinho\u201d, de 2002.<\/p>\n<p><span>A For\u00e7a Sindical foi fundada em 1991 e teve como principal lideran\u00e7a Luiz Ant\u00f4nio de Medeiros. No livro \u00e9 relatada a vida de Medeiros desde 1979, no in\u00edcio da sua atua\u00e7\u00e3o. O fato de ter sido preso pol\u00edtico durante a ditadura militar e ter feito curso de forma\u00e7\u00e3o pol\u00edtica na Uni\u00e3o Sovi\u00e9tica poderia nos levar a pensar que se tratava de um aliado dos trabalhadores. Por\u00e9m, a pr\u00e1tica demonstrou o contr\u00e1rio.<\/span><\/p>\n<p><span>Ap\u00f3s Medeiros, Paulo Pereira da Silva, o Paulinho da For\u00e7a, foi a principal lideran\u00e7a que deu continuidade \u00e0 atua\u00e7\u00e3o da central. Paulinho da For\u00e7a \u00e9 hoje presidente do partido Solidariedade, deputado federal, ser\u00e1 candidato a senador em 2026 e foi relator do PL da Anistia. Votou a favor do impeachment da Dilma e da PEC do Teto de Gastos do Temer.<\/span><\/p>\n<p><span>Mas como dois metal\u00fargicos e sindicalistas chegaram nessa posi\u00e7\u00e3o e defendem os interesses dos patr\u00f5es? O que \u00e9 a For\u00e7a Sindical? Como foi sua atua\u00e7\u00e3o no passado e como \u00e9 hoje? Para responder a essas perguntas, o livro do Vito Giannotti apresenta diversos registros hist\u00f3ricos e poder\u00e1 servir de base para nossa atua\u00e7\u00e3o nos sindicatos no pr\u00f3ximo per\u00edodo.<\/span><\/p>\n<h4><strong><span>Financiamento<\/span><\/strong><\/h4>\n<p><span>A funda\u00e7\u00e3o da For\u00e7a Sindical foi possibilitada por grandes investimentos da burguesia e dos seus governos. O livro descreve com detalhes esses financiamentos. Sete empresas declararam ao Globo terem doado US$ 934 mil entre 1991 e 1992, \u00e9poca de funda\u00e7\u00e3o da central. Fernando Collor e seu Ministro da Economia, PC Farias, envolvidos em esc\u00e2ndalos de corrup\u00e7\u00e3o, tamb\u00e9m participaram da articula\u00e7\u00e3o para o financiamento.<\/span><\/p>\n<p><span>Para al\u00e9m de doa\u00e7\u00f5es, as empresas garantiam a organiza\u00e7\u00e3o de grandes festas no 1\u00ba de maio. Em 2002, a central reuniu mais de 1,5 milh\u00e3o de pessoas no Dia Internacional da Classe Trabalhadora. A festa contou com sorteio de 10 carros doados por montadoras e 5 apartamentos, entre outros itens.<\/span><\/p>\n<p><span>Al\u00e9m do dinheiro das empresas, tanto sob a dire\u00e7\u00e3o de Medeiros quanto de Paulinho, a central tamb\u00e9m buscou recursos com os governos de direita.<\/span><\/p>\n<p><span>Em 1991, por meio dos Minist\u00e9rios da Sa\u00fade e da Educa\u00e7\u00e3o, o governo Collor direcionou milh\u00f5es de cruzeiros para a central. Foram Cr$ 457 milh\u00f5es para a amplia\u00e7\u00e3o da rede de 4 ambulat\u00f3rio m\u00e9dicos mantidos pelo Sindicato dos Metal\u00fargicos de S\u00e3o Paulo. Al\u00e9m disso, foi assinado um acordo para repasses de at\u00e9 Cr$ 500 milh\u00f5es destinados para o programa de alfabetiza\u00e7\u00e3o de adultos. Para fins de compara\u00e7\u00e3o, por meio desse mesmo programa, apenas 10% do valor foi direcionado para atender todos os munic\u00edpios de S\u00e3o Paulo.<\/span><\/p>\n<p><span>O Fundo de Amparo ao Trabalhador (FAT) do governo FHC forneceu grandes recursos \u00e0s quatro principais centrais (Central Geral dos Trabalhadores, Central \u00danica dos Trabalhadores, For\u00e7a Sindical e Social Democracia Sindical), sendo a maior fatia destinada \u00e0 \u201cFarsa Sindical\u201d. Tudo isso possibilitou que essa central chegasse a mais de 1.500 sindicatos filiados em 2002.<\/span><\/p>\n<h4><strong><span>Defesa do neoliberalismo<\/span><\/strong><\/h4>\n<p><span>H\u00e1 um ditado que diz: quem paga a banda escolhe a m\u00fasica. Diante dos grandes financiamentos, a For\u00e7a Sindical dan\u00e7ou conforme a m\u00fasica escolhida pela burguesia. Um desses servi\u00e7os prestados pela central \u00e9 a defesa do neoliberalismo.<\/span><\/p>\n<p><span>O neoliberalismo \u00e9 marcado pela redu\u00e7\u00e3o do Estado, privatiza\u00e7\u00f5es, corte de direitos da classe trabalhadora, aumento dos lucros da burguesia, entre outros. Ainda hoje essas ideias persistem e s\u00e3o propagandeadas pela burguesia e seus meios de comunica\u00e7\u00e3o quando, por exemplo, defendem o Teto de Gastos.<\/span><\/p>\n<p><span>Diversas reportagens e entrevistas mostram a posi\u00e7\u00e3o de Medeiros ao longo dos anos: defendia abertamente o projeto neoliberal de privatiza\u00e7\u00f5es, cortes de direitos e continuidade do capitalismo, sistema de explora\u00e7\u00e3o dos trabalhadores. Mas n\u00e3o foi s\u00f3 em palavras. No final do s\u00e9culo XX, a For\u00e7a Sindical mobilizou os trabalhadores na aprova\u00e7\u00e3o das leis que permitiram o contrato tempor\u00e1rio, que institu\u00edram as comiss\u00f5es de concilia\u00e7\u00e3o e que pretendiam retirar ainda mais os direitos estabelecidos pela CLT. Essa \u00faltima foi retirada de pauta gra\u00e7as \u00e0s grandes lutas travadas pela classe trabalhadora, com uma greve geral puxada para 21 de mar\u00e7o de 2002. S\u00f3 em 2017, com a reforma trabalhista de Temer, foi dada continuidade a esse projeto que atacou novamente os direitos dos trabalhadores.<\/span><\/p>\n<p><span>O projeto neoliberal de acabar com o servi\u00e7o p\u00fablico j\u00e1 fazia parte da pauta da direita na \u00e9poca e ainda continua. Collor foi eleito com o discurso de \u201cca\u00e7ador de maraj\u00e1s\u201d, argumentando que os servidores p\u00fablicos recebem altos privil\u00e9gios. Na atualidade, temos visto o Centr\u00e3o, com Paulinho da For\u00e7a como um dos articuladores, pautar a Reforma Administrativa.<\/span><\/p>\n<p><span>At\u00e9 mesmo a privatiza\u00e7\u00e3o da Companhia Sider\u00fargica Nacional (CSN) contou com a influ\u00eancia da For\u00e7a. Medeiros cuidou de neutralizar os trabalhadores das empresas enquanto os diretores organizavam a venda da empresa. No dia 3 de abril de 1993, na Bolsa de Valores do Rio de Janeiro, o sindicalista estava presente para bater o martelo e comemorar com os vencedores do leil\u00e3o. Tudo foi televisionado pela Rede Globo e o seu rosto estava escancarado nas telas. N\u00e3o foi a primeira vez que Medeiros aparecia nos jornais burgueses. O livro de Vito Giannotti apresenta in\u00fameros registros do dirigente da For\u00e7a Sindical se pronunciando a favor das pautas neoliberais e atacando a esquerda.<\/span><\/p>\n<p><span>Hoje a For\u00e7a Sindical ainda \u00e9 uma das maiores centrais sindicais do Brasil e continua prestando seus servi\u00e7os \u00e0 burguesia. \u00c9 claro que uma mat\u00e9ria \u00e9 insuficiente para esgotar todos os elementos apresentados no livro; portanto, \u00e9 fundamental que reforcemos o planejamento e o acompanhamento dos nossos estudos individuais. Eles devem ser organizados para que seja poss\u00edvel avan\u00e7ar nossa forma\u00e7\u00e3o pol\u00edtica m\u00eas a m\u00eas, ano a ano, desde as obras cl\u00e1ssicas do marxismo at\u00e9 os textos importantes do sindicalismo brasileiro. Unindo a teoria com a pr\u00e1tica, n\u00e3o h\u00e1 \u201cfor\u00e7a\u201d capaz de impedir a classe trabalhadora de construir o poder popular e o socialismo no nosso pa\u00eds.<\/span><\/p>\n<!-- Begin Yuzo --><div class='yuzo_related_post style-1'  data-version='5.12.89'><!-- without result --><div class='yuzo_clearfixed yuzo__title yuzo__title'><h3>Related Post<\/h3><\/div>\n\t\t\t\t\t\t  <div class=\"relatedthumb \" style=\"width:125px;float:left;overflow:hidden;\">  \n\t\t\t\t\t\t\t  \n\t\t\t\t\t\t\t  <a  href=\"https:\/\/redept.com.br\/blogosfera\/agu-quer-investigacao-sobre-movimentacoes-financeiras-antes-do-tarifaco-de-trump\/\"  >\n\t\t\t\t\t\t\t\t\t  <div class=\"yuzo-img-wrap \" style=\"width: 125px;height:90px;\">\n\t\t\t\t\t\t\t\t\t\t\n\t\t\t\t\t\t\t\t\t\t<div class=\"yuzo-img\" style=\"background:url('https:\/\/redept.com.br\/blogosfera\/wp-content\/uploads\/2025\/07\/dolar_moeda_0803221211-150x150.webp') 50% 50% no-repeat;width: 125px;height:90px;margin-bottom: 5px;background-size: cover; \"><\/div>\n\t\t\t\t\t\t\t\t\t  <\/div>\n\t\t\t\t\t\t\t\t\t  \n\t\t\t\t\t\t\t\t   <span class=\"yuzo__text--title\" style=\"font-size:13px;\">AGU quer investiga\u00e7\u00e3o sobre movimenta\u00e7\u00f5es financei...<\/span>\n\t\t\t\t\t\t\t  \n\t\t\t\t\t\t\t  \n\t\t\t\t\t\t\t  <\/a>\n\n\t\t\t\t\t\t  <\/div>\n\t\t\t\t\t\t  <div class=\"relatedthumb \" style=\"width:125px;float:left;overflow:hidden;\">  \n\t\t\t\t\t\t\t  \n\t\t\t\t\t\t\t  <a  href=\"https:\/\/redept.com.br\/blogosfera\/dia-internacional-contra-a-homofobia-qual-e-a-situacao-dos-direitos-lgbtqia\/\"  >\n\t\t\t\t\t\t\t\t\t  <div class=\"yuzo-img-wrap \" style=\"width: 125px;height:90px;\">\n\t\t\t\t\t\t\t\t\t\t\n\t\t\t\t\t\t\t\t\t\t<div class=\"yuzo-img\" style=\"background:url('https:\/\/redept.com.br\/blogosfera\/wp-content\/uploads\/2025\/05\/cuba-trans-150x150.jpg') 50% 50% no-repeat;width: 125px;height:90px;margin-bottom: 5px;background-size: cover; \"><\/div>\n\t\t\t\t\t\t\t\t\t  <\/div>\n\t\t\t\t\t\t\t\t\t  \n\t\t\t\t\t\t\t\t   <span class=\"yuzo__text--title\" style=\"font-size:13px;\">Dia Internacional contra a Homofobia: qual \u00e9 a sit...<\/span>\n\t\t\t\t\t\t\t  \n\t\t\t\t\t\t\t  \n\t\t\t\t\t\t\t  <\/a>\n\n\t\t\t\t\t\t  <\/div>\n\t\t\t\t\t\t  <div class=\"relatedthumb \" style=\"width:125px;float:left;overflow:hidden;\">  \n\t\t\t\t\t\t\t  \n\t\t\t\t\t\t\t  <a  href=\"https:\/\/sul21.com.br\/noticias\/politica\/2025\/11\/marcha-funebre-e-champanhe-prisao-de-bolsonaro-atrai-manifestantes-a-sede-da-pf\/\"  >\n\t\t\t\t\t\t\t\t\t  <div class=\"yuzo-img-wrap \" style=\"width: 125px;height:90px;\">\n\t\t\t\t\t\t\t\t\t\t\n\t\t\t\t\t\t\t\t\t\t<div class=\"yuzo-img\" style=\"background:url('https:\/\/agenciabrasil.ebc.com.br\/ebc.png?id=1669075&amp;o=node') 50% 50% no-repeat;width: 125px;height:90px;margin-bottom: 5px;background-size: cover; \"><\/div>\n\t\t\t\t\t\t\t\t\t  <\/div>\n\t\t\t\t\t\t\t\t\t  \n\t\t\t\t\t\t\t\t   <span class=\"yuzo__text--title\" style=\"font-size:13px;\">Marcha f\u00fanebre e champanhe: pris\u00e3o de Bolsonaro at...<\/span>\n\t\t\t\t\t\t\t  \n\t\t\t\t\t\t\t  \n\t\t\t\t\t\t\t  <\/a>\n\n\t\t\t\t\t\t  <\/div>\n\t\t\t\t\t\t  <div class=\"relatedthumb \" style=\"width:125px;float:left;overflow:hidden;\">  \n\t\t\t\t\t\t\t  \n\t\t\t\t\t\t\t  <a  href=\"https:\/\/redept.com.br\/blogosfera\/principal-diplomata-do-ira-deixa-argentina-apos-expulsao-ordenada-por-milei\/\"  >\n\t\t\t\t\t\t\t\t\t  <div class=\"yuzo-img-wrap \" style=\"width: 125px;height:90px;\">\n\t\t\t\t\t\t\t\t\t\t\n\t\t\t\t\t\t\t\t\t\t<div class=\"yuzo-img\" style=\"background:url('https:\/\/redept.com.br\/blogosfera\/wp-content\/uploads\/2026\/04\/54823840739_3ed740d41c_k-1536x1024-1-150x150.webp') 50% 50% no-repeat;width: 125px;height:90px;margin-bottom: 5px;background-size: cover; \"><\/div>\n\t\t\t\t\t\t\t\t\t  <\/div>\n\t\t\t\t\t\t\t\t\t  \n\t\t\t\t\t\t\t\t   <span class=\"yuzo__text--title\" style=\"font-size:13px;\">Principal diplomata do Ir\u00e3 deixa Argentina ap\u00f3s ex...<\/span>\n\t\t\t\t\t\t\t  \n\t\t\t\t\t\t\t  \n\t\t\t\t\t\t\t  <\/a>\n\n\t\t\t\t\t\t  <\/div>\n<\/div> <script>\n\t\t\t\t\t\t  jQuery(document).ready(function( $ ){\n\t\t\t\t\t\t\t\/\/jQuery('.yuzo_related_post').equalizer({ overflow : 'relatedthumb' });\n\t\t\t\t\t\t\tjQuery('.yuzo_related_post .yuzo_wraps').equalizer({ columns : '> div' });\n\t\t\t\t\t\t   })\n\t\t\t\t\t\t  <\/script> <!-- End Yuzo :) -->","protected":false},"excerpt":{"rendered":"<p><img decoding=\"async\" width=\"750\" height=\"1084\" src=\"https:\/\/averdade.org.br\/wp-content\/uploads\/2026\/04\/D_NQ_NP_2X_630336-MLB96414602192_102025-F-e1777472208690.webp\" alt='Capa do livro \"For\u00e7a Sindical: A Central Neoliberal - De Medeiros a Paulinho\", de Vito Giannotti. Na parte superior, o t\u00edtulo em destaque. Abaixo, uma imagem de dois homens vestindo ternos escuros apertando as m\u00e3os ou trocando um pequeno cart\u00e3o com um s\u00edmbolo amarelo, representando o sindicalismo de resultados e a burocracia sindical. No rodap\u00e9, o logotipo da editora Mauad.'>A hist\u00f3ria da For\u00e7a Sindical revela a trai\u00e7\u00e3o \u00e0 classe trabalhadora e sua submiss\u00e3o ao projeto neoliberal e ao financiamento da burguesia. A trajet\u00f3ria de Luiz de Medeiros e Paulinho da For\u00e7a demonstra como a central atuou para desmobilizar a luta e apoiar a privatiza\u00e7\u00e3o criminosa. O uso de recurso patronal para corromper o sindicato [\u2026]<\/p>\n","protected":false},"author":2,"featured_media":85411,"comment_status":"open","ping_status":"closed","sticky":false,"template":"","format":"standard","meta":{"fifu_image_url":"","fifu_image_alt":"","footnotes":""},"categories":[45,15600,20547,461,1368,868,2956,153,501,1371],"tags":[],"class_list":["post-85410","post","type-post","status-publish","format-standard","has-post-thumbnail","hentry","category-brasil","category-csn","category-forca-sindical","category-historia","category-luta-de-classes","category-movimento-operario","category-neoliberalismo","category-opiniao","category-privatizacao","category-sindicalismo"],"_links":{"self":[{"href":"https:\/\/redept.com.br\/blogosfera\/wp-json\/wp\/v2\/posts\/85410","targetHints":{"allow":["GET"]}}],"collection":[{"href":"https:\/\/redept.com.br\/blogosfera\/wp-json\/wp\/v2\/posts"}],"about":[{"href":"https:\/\/redept.com.br\/blogosfera\/wp-json\/wp\/v2\/types\/post"}],"author":[{"embeddable":true,"href":"https:\/\/redept.com.br\/blogosfera\/wp-json\/wp\/v2\/users\/2"}],"replies":[{"embeddable":true,"href":"https:\/\/redept.com.br\/blogosfera\/wp-json\/wp\/v2\/comments?post=85410"}],"version-history":[{"count":0,"href":"https:\/\/redept.com.br\/blogosfera\/wp-json\/wp\/v2\/posts\/85410\/revisions"}],"wp:featuredmedia":[{"embeddable":true,"href":"https:\/\/redept.com.br\/blogosfera\/wp-json\/wp\/v2\/media\/85411"}],"wp:attachment":[{"href":"https:\/\/redept.com.br\/blogosfera\/wp-json\/wp\/v2\/media?parent=85410"}],"wp:term":[{"taxonomy":"category","embeddable":true,"href":"https:\/\/redept.com.br\/blogosfera\/wp-json\/wp\/v2\/categories?post=85410"},{"taxonomy":"post_tag","embeddable":true,"href":"https:\/\/redept.com.br\/blogosfera\/wp-json\/wp\/v2\/tags?post=85410"}],"curies":[{"name":"wp","href":"https:\/\/api.w.org\/{rel}","templated":true}]}}