{"id":85412,"date":"2026-04-29T20:04:16","date_gmt":"2026-04-29T23:04:16","guid":{"rendered":"https:\/\/redept.com.br\/blogosfera\/senado-rejeita-indicacao-de-jorge-messias-para-vaga-de-ministro-do-stf\/"},"modified":"2026-04-29T20:04:16","modified_gmt":"2026-04-29T23:04:16","slug":"senado-rejeita-indicacao-de-jorge-messias-para-vaga-de-ministro-do-stf","status":"publish","type":"post","link":"https:\/\/redept.com.br\/blogosfera\/senado-rejeita-indicacao-de-jorge-messias-para-vaga-de-ministro-do-stf\/","title":{"rendered":"Senado rejeita indica\u00e7\u00e3o de Jorge Messias para vaga de ministro do STF"},"content":{"rendered":"<p><img fetchpriority=\"high\" width=\"860\" height=\"570\"src=\"https:\/\/redept.com.br\/blogosfera\/wp-content\/uploads\/2026\/04\/Placar-Messias.jpg\" alt=\"\" decoding=\"async\" srcset=\"https:\/\/redept.com.br\/blogosfera\/wp-content\/uploads\/2026\/04\/Placar-Messias.jpg 860w, https:\/\/vermelho.org.br\/wp-content\/uploads\/2026\/04\/Placar-Messias-300x199.jpg 300w, https:\/\/vermelho.org.br\/wp-content\/uploads\/2026\/04\/Placar-Messias-768x509.jpg 768w\" sizes=\"(max-width: 860px) 100vw, 860px\"><\/p>\n<p>Depois de ter o nome aprovado na Comiss\u00e3o de Constitui\u00e7\u00e3o e Justi\u00e7a (CCJ), o plen\u00e1rio do Senado rejeitou nesta quarta-feira (29) a indica\u00e7\u00e3o do presidente Luiz In\u00e1cio Lula da Silva do nome do advogado-geral da Uni\u00e3o, Jorge Messias, para a vaga de Lu\u00eds Roberto Barroso no Supremo Tribunal Federal (STF).<\/p>\n<p>Agora, Lula ter\u00e1 de enviar outra indica\u00e7\u00e3o. Desde 1894 os senadores n\u00e3o rejeitavam uma indica\u00e7\u00e3o do presidente da Rep\u00fablica ao Supremo.<\/p>\n<p>Foram 42 votos contr\u00e1rios e 34 favor\u00e1veis. O indicado precisava de 41 votos dos 81 senadores, ou seja, maioria simples. A reprova\u00e7\u00e3o ocorreu ap\u00f3s sabatina de oito horas na CCJ, onde ele foi aprovado por 16 votos.<\/p>\n<p>Leia tamb\u00e9m: <a href=\"https:\/\/vermelho.org.br\/2026\/04\/28\/base-aliada-do-governo-calcula-como-certa-aprovacao-de-messias-ao-stf\/\">Base do governo cr\u00ea em aprova\u00e7\u00e3o de Messias ao STF<\/a><\/p>\n<p>A l\u00edder do PCdoB na C\u00e2mara, Jandira Feghali (RJ), disse que a rejei\u00e7\u00e3o de Messias para o STF foi uma derrota da democracia. \u201cFoi mais um buraco que a extrema direita abriu na institucionalidade. Quantos ministros indicados ao STF por prerrogativa do presidente da Rep\u00fablica foram rejeitados pelo Senado Federal? Nenhum, desde o s\u00e9culo 19\u201d, lamenta.<\/p>\n<p>Para ela, o gesto gera um tensionamento entre os poderes da Rep\u00fablica com o objetivo de levar o Brasil para uma crise institucional, na qual interesses particulares se sobrep\u00f5em ao interesse maior da na\u00e7\u00e3o.<\/p>\n<p>Para o ministro da Secretaria-Geral da Presid\u00eancia, Guilherme Boulos, a alian\u00e7a entre bolsonarismo e chantagem pol\u00edtica venceu na rejei\u00e7\u00e3o ao nome de Jorge Messias ao STF. \u201cO Senado sai menor desse epis\u00f3dio lament\u00e1vel\u201d, diz.<\/p>\n<p>Na sabatina, Messias afirmou que o fortalecimento do Judici\u00e1rio passa por ajustes institucionais, transpar\u00eancia e respeito \u00e0s regras.<\/p>\n<p>Segundo ele, \u201crecalibragens institucionais\u201d n\u00e3o representam fraqueza, mas contribuem para a legitimidade das Cortes. Para ele, o STF precisa convencer a sociedade de que tem ferramentas de transpar\u00eancia e controle.<\/p>\n<p>A democracia, afirmou, come\u00e7a pela \u00e9tica dos ju\u00edzes. Messias tamb\u00e9m destacou a import\u00e2ncia da colegialidade nas decis\u00f5es do STF, afirmando que julgamentos individualizados reduzem a dimens\u00e3o institucional da Corte e podem refor\u00e7ar percep\u00e7\u00f5es de arbitrariedade.<\/p>\n<p>Sobre os atos golpistas do 8 de janeiro, Messias disse que o processo penal n\u00e3o pode ser um ato de vingan\u00e7a e, sim, um \u201cato de justi\u00e7a\u201d.<\/p>\n<p>Para ele, o julgamento seguiu o rito legal com as garantias constitucionais asseguradas, mas que o pr\u00f3prio sistema penal tamb\u00e9m prev\u00ea mecanismos pr\u00f3prios de corre\u00e7\u00e3o pela revis\u00e3o criminal.<\/p>\n<p>O post <a href=\"https:\/\/vermelho.org.br\/2026\/04\/29\/senado-rejeita-indicacao-de-jorge-messias-para-vaga-de-ministro-do-stf\/\">Senado rejeita indica\u00e7\u00e3o de Jorge Messias para vaga de ministro do STF<\/a> apareceu primeiro em <a href=\"https:\/\/vermelho.org.br\/\">Vermelho<\/a>.<\/p>\n<!-- Begin Yuzo --><div class='yuzo_related_post style-1'  data-version='5.12.89'><!-- without result --><div class='yuzo_clearfixed yuzo__title yuzo__title'><h3>Related Post<\/h3><\/div>\n\t\t\t\t\t\t  <div class=\"relatedthumb \" style=\"width:125px;float:left;overflow:hidden;\">  \n\t\t\t\t\t\t\t  \n\t\t\t\t\t\t\t  <a  href=\"https:\/\/redept.com.br\/blogosfera\/zarattini-classifica-como-vergonhosa-aprovacao-de-urgencia-para-pl-que-anistia-golpistas\/\"  >\n\t\t\t\t\t\t\t\t\t  <div class=\"yuzo-img-wrap \" style=\"width: 125px;height:90px;\">\n\t\t\t\t\t\t\t\t\t\t\n\t\t\t\t\t\t\t\t\t\t<div class=\"yuzo-img\" style=\"background:url('https:\/\/redept.org\/blogosfera\/wp-content\/plugins\/yuzo-related-post\/assets\/images\/default.png') 50% 50% no-repeat;width: 125px;height:90px;margin-bottom: 5px;background-size: cover; \"><\/div>\n\t\t\t\t\t\t\t\t\t  <\/div>\n\t\t\t\t\t\t\t\t\t  \n\t\t\t\t\t\t\t\t   <span class=\"yuzo__text--title\" style=\"font-size:13px;\">Zarattini classifica como \u201cvergonhosa\u201d aprova\u00e7\u00e3o d...<\/span>\n\t\t\t\t\t\t\t  \n\t\t\t\t\t\t\t  \n\t\t\t\t\t\t\t  <\/a>\n\n\t\t\t\t\t\t  <\/div>\n\t\t\t\t\t\t  <div class=\"relatedthumb \" style=\"width:125px;float:left;overflow:hidden;\">  \n\t\t\t\t\t\t\t  \n\t\t\t\t\t\t\t  <a  href=\"https:\/\/redept.com.br\/blogosfera\/homens-devem-lutar-para-o-fim-das-agressoes-as-mulheres-diz-lula-ao-lancar-pacto-contra-feminicidio-leia-detalhes-desta-inovacao\/\"  >\n\t\t\t\t\t\t\t\t\t  <div class=\"yuzo-img-wrap \" style=\"width: 125px;height:90px;\">\n\t\t\t\t\t\t\t\t\t\t\n\t\t\t\t\t\t\t\t\t\t<div class=\"yuzo-img\" style=\"background:url('https:\/\/redept.org\/blogosfera\/wp-content\/plugins\/yuzo-related-post\/assets\/images\/default.png') 50% 50% no-repeat;width: 125px;height:90px;margin-bottom: 5px;background-size: cover; \"><\/div>\n\t\t\t\t\t\t\t\t\t  <\/div>\n\t\t\t\t\t\t\t\t\t  \n\t\t\t\t\t\t\t\t   <span class=\"yuzo__text--title\" style=\"font-size:13px;\">\u201cHomens devem lutar para o fim das agress\u00f5es \u00e0s mu...<\/span>\n\t\t\t\t\t\t\t  \n\t\t\t\t\t\t\t  \n\t\t\t\t\t\t\t  <\/a>\n\n\t\t\t\t\t\t  <\/div>\n\t\t\t\t\t\t  <div class=\"relatedthumb \" style=\"width:125px;float:left;overflow:hidden;\">  \n\t\t\t\t\t\t\t  \n\t\t\t\t\t\t\t  <a  href=\"https:\/\/redept.com.br\/blogosfera\/comissao-de-agricultura-rejeita-audiencia-publica-sobre-tarifas-de-importacao-dos-eua-contra-produtos-brasileiros\/\"  >\n\t\t\t\t\t\t\t\t\t  <div class=\"yuzo-img-wrap \" style=\"width: 125px;height:90px;\">\n\t\t\t\t\t\t\t\t\t\t\n\t\t\t\t\t\t\t\t\t\t<div class=\"yuzo-img\" style=\"background:url('https:\/\/redept.com.br\/blogosfera\/wp-content\/uploads\/2025\/08\/WhatsApp-Image-2025-08-13-at-162631-750x536-150x150.jpeg') 50% 50% no-repeat;width: 125px;height:90px;margin-bottom: 5px;background-size: cover; \"><\/div>\n\t\t\t\t\t\t\t\t\t  <\/div>\n\t\t\t\t\t\t\t\t\t  \n\t\t\t\t\t\t\t\t   <span class=\"yuzo__text--title\" style=\"font-size:13px;\">Comiss\u00e3o de Agricultura rejeita audi\u00eancia p\u00fablica ...<\/span>\n\t\t\t\t\t\t\t  \n\t\t\t\t\t\t\t  \n\t\t\t\t\t\t\t  <\/a>\n\n\t\t\t\t\t\t  <\/div>\n\t\t\t\t\t\t  <div class=\"relatedthumb \" style=\"width:125px;float:left;overflow:hidden;\">  \n\t\t\t\t\t\t\t  \n\t\t\t\t\t\t\t  <a  href=\"https:\/\/redept.com.br\/blogosfera\/proposta-de-trump-de-expulsar-populacao-de-gaza-nao-vai-acontecer-diz-advogada-palestina\/\"  >\n\t\t\t\t\t\t\t\t\t  <div class=\"yuzo-img-wrap \" style=\"width: 125px;height:90px;\">\n\t\t\t\t\t\t\t\t\t\t\n\t\t\t\t\t\t\t\t\t\t<div class=\"yuzo-img\" style=\"background:url('https:\/\/redept.org\/blogosfera\/wp-content\/plugins\/yuzo-related-post\/assets\/images\/default.png') 50% 50% no-repeat;width: 125px;height:90px;margin-bottom: 5px;background-size: cover; \"><\/div>\n\t\t\t\t\t\t\t\t\t  <\/div>\n\t\t\t\t\t\t\t\t\t  \n\t\t\t\t\t\t\t\t   <span class=\"yuzo__text--title\" style=\"font-size:13px;\">Proposta de Trump de expulsar popula\u00e7\u00e3o de Gaza &#...<\/span>\n\t\t\t\t\t\t\t  \n\t\t\t\t\t\t\t  \n\t\t\t\t\t\t\t  <\/a>\n\n\t\t\t\t\t\t  <\/div>\n<\/div> <script>\n\t\t\t\t\t\t  jQuery(document).ready(function( $ ){\n\t\t\t\t\t\t\t\/\/jQuery('.yuzo_related_post').equalizer({ overflow : 'relatedthumb' });\n\t\t\t\t\t\t\tjQuery('.yuzo_related_post .yuzo_wraps').equalizer({ columns : '> div' });\n\t\t\t\t\t\t   })\n\t\t\t\t\t\t  <\/script> <!-- End Yuzo :) -->","protected":false},"excerpt":{"rendered":"<p>Depois de ter o nome aprovado na Comiss\u00e3o de Constitui\u00e7\u00e3o e Justi\u00e7a (CCJ), o plen\u00e1rio do Senado rejeitou nesta quarta-feira (29) a indica\u00e7\u00e3o do presidente Luiz In\u00e1cio Lula da Silva do nome do advogado-geral da Uni\u00e3o, Jorge Messias, para a vaga de Lu\u00eds Roberto Barroso no Supremo Tribunal Federal (STF). Agora, Lula ter\u00e1 de enviar [&hellip;]<\/p>\n","protected":false},"author":2,"featured_media":0,"comment_status":"open","ping_status":"closed","sticky":false,"template":"","format":"standard","meta":{"fifu_image_url":"","fifu_image_alt":"","footnotes":""},"categories":[1726,5251,132,23481,531,260],"tags":[],"class_list":["post-85412","post","type-post","status-publish","format-standard","hentry","category-jorge-messias","category-ministro","category-politica","category-rejeicao","category-senado","category-stf"],"_links":{"self":[{"href":"https:\/\/redept.com.br\/blogosfera\/wp-json\/wp\/v2\/posts\/85412","targetHints":{"allow":["GET"]}}],"collection":[{"href":"https:\/\/redept.com.br\/blogosfera\/wp-json\/wp\/v2\/posts"}],"about":[{"href":"https:\/\/redept.com.br\/blogosfera\/wp-json\/wp\/v2\/types\/post"}],"author":[{"embeddable":true,"href":"https:\/\/redept.com.br\/blogosfera\/wp-json\/wp\/v2\/users\/2"}],"replies":[{"embeddable":true,"href":"https:\/\/redept.com.br\/blogosfera\/wp-json\/wp\/v2\/comments?post=85412"}],"version-history":[{"count":0,"href":"https:\/\/redept.com.br\/blogosfera\/wp-json\/wp\/v2\/posts\/85412\/revisions"}],"wp:attachment":[{"href":"https:\/\/redept.com.br\/blogosfera\/wp-json\/wp\/v2\/media?parent=85412"}],"wp:term":[{"taxonomy":"category","embeddable":true,"href":"https:\/\/redept.com.br\/blogosfera\/wp-json\/wp\/v2\/categories?post=85412"},{"taxonomy":"post_tag","embeddable":true,"href":"https:\/\/redept.com.br\/blogosfera\/wp-json\/wp\/v2\/tags?post=85412"}],"curies":[{"name":"wp","href":"https:\/\/api.w.org\/{rel}","templated":true}]}}